{"id":51572,"date":"2024-04-14T04:15:01","date_gmt":"2024-04-14T02:15:01","guid":{"rendered":"https:\/\/www.infokuryr.cz\/n\/?p=51572"},"modified":"2024-04-14T04:15:01","modified_gmt":"2024-04-14T02:15:01","slug":"iran-varuje-cizi-staty-pred-napomahanim-izraeli-v-protiutoku","status":"publish","type":"post","link":"https:\/\/www.infokuryr.cz\/n\/2024\/04\/14\/iran-varuje-cizi-staty-pred-napomahanim-izraeli-v-protiutoku\/","title":{"rendered":"\u00cdr\u00e1n varuje ciz\u00ed st\u00e1ty p\u0159ed napom\u00e1h\u00e1n\u00edm Izraeli v proti\u00fatoku"},"content":{"rendered":"<div id=\"fb-root\"><\/div>\n<p><span style=\"font-size: 18pt;\"><strong>Jak\u00e1koli zem\u011b, kter\u00e1 poskytne vzdu\u0161n\u00fd nebo pozemn\u00ed pr\u016fchod jednotk\u00e1m z\u00e1padn\u00edho Jeruzal\u00e9ma, bude \u010delit hn\u011bvu Teher\u00e1nu, uvedla Isl\u00e1msk\u00e1 republika<\/strong><\/span><\/p>\n<p><span>Ka\u017ed\u00fd n\u00e1rod, kter\u00fd pom\u016f\u017ee Izraeli za\u00fato\u010dit na \u00cdr\u00e1n, bude \u010delit v\u00e1\u017en\u00fdm n\u00e1sledk\u016fm, varoval v ned\u011bli brzy r\u00e1no ministr obrany Isl\u00e1msk\u00e9 republiky brig\u00e1dn\u00ed gener\u00e1l Mohammad Reza Ashtiani. Jeho prohl\u00e1\u0161en\u00ed p\u0159i\u0161lo v dob\u011b, kdy Teher\u00e1n zah\u00e1jil masivn\u00ed n\u00e1let proti \u017eidovsk\u00e9mu st\u00e1tu, kter\u00fd nazval odvetou za izraelsk\u00fd \u00fatok na \u00edr\u00e1nsk\u00fd konzul\u00e1t v S\u00fdrii.<\/span><\/p>\n<p><em><span>&#8222;Ka\u017ed\u00e1 zem\u011b, kter\u00e1 otev\u0159e sv\u016fj vzdu\u0161n\u00fd prostor nebo p\u016fdu Izraeli k \u00fatoku na \u00cdr\u00e1n, obdr\u017e\u00ed na\u0161i rozhodnou odpov\u011b\u010f,&#8220;<\/span><\/em><span>\u00a0\u0159ekl Ashtiani.<\/span><\/p>\n<p><span>\u00cdr\u00e1nsk\u00e1 mise p\u0159i OSN tak\u00e9 po\u017eadovala, aby se USA\u00a0<\/span><em><span>\u201edr\u017eely d\u00e1l\u201c<\/span><\/em><span>\u00a0od konfliktu mezi Teher\u00e1nem a z\u00e1padn\u00edm Jeruzal\u00e9mem. Jde o bilater\u00e1ln\u00ed probl\u00e9m, uvedla mise v prohl\u00e1\u0161en\u00ed na X (d\u0159\u00edve Twitter) v pond\u011bl\u00ed ve\u010der. Isl\u00e1msk\u00e1 republika m\u00e1 pr\u00e1vo reagovat podle \u010dl\u00e1nku 51 Charty OSN, kter\u00fd ka\u017ed\u00e9mu n\u00e1rodu p\u0159izn\u00e1v\u00e1 pr\u00e1vo na sebeobranu, uv\u00e1d\u00ed se v prohl\u00e1\u0161en\u00ed s poukazem na izraelskou\u00a0<\/span><em><span>\u201eagresi proti na\u0161im diplomatick\u00fdm prostor\u016fm v Dama\u0161ku\u201c.<\/span><\/em><\/p>\n<p><span>Teher\u00e1n d\u0159\u00edve potvrdil, \u017ee na Izrael vypustil n\u011bkolik bezpilotn\u00edch vzdu\u0161n\u00fdch prost\u0159edk\u016f (UAV) a ozn\u00e1mil bezprost\u0159edn\u00ed raketov\u00fd \u00fatok. Izraelsk\u00e1 arm\u00e1da sledovala v\u00edce ne\u017e 100 dron\u016f m\u00ed\u0159\u00edc\u00edch k zemi, uvedla m\u00edstn\u00ed m\u00e9dia a dodala, \u017ee se o\u010dek\u00e1v\u00e1, \u017ee UAV doraz\u00ed do Izraele\u00a0<\/span><em><span>\u201eb\u011bhem hodin\u201c<\/span><\/em><span>\u00a0a Izraelsk\u00e9 obrann\u00e9 s\u00edly (IDF) budou pracovat na jejich zachycen\u00ed ve vzduchu.<\/span><\/p>\n<p><span>Tento v\u00fdvoj p\u0159im\u011bl n\u011bkolik zem\u00ed St\u0159edn\u00edho v\u00fdchodu, v\u010detn\u011b Jord\u00e1nska a Libanonu, uzav\u0159\u00edt sv\u016fj vzdu\u0161n\u00fd prostor. Amm\u00e1n tak\u00e9 vyhl\u00e1sil stav nouze.<\/span><\/p>\n<p><span>C\u00edle \u00fatoku z\u016fst\u00e1vaj\u00ed nejasn\u00e9. \u00cdr\u00e1nsk\u00e9 Revolu\u010dn\u00ed gardy (IRGC) ozna\u010dily \u00fatok za odvetu proti izraelsk\u00fdm\u00a0<\/span><em><span>\u201e\u010detn\u00fdm zlo\u010din\u016fm\u201c,<\/span><\/em><span>\u00a0v\u010detn\u011b ran\u00e9ho dubnov\u00e9ho \u00faderu proti \u00edr\u00e1nsk\u00e9mu konzul\u00e1tu v syrsk\u00e9m hlavn\u00edm m\u011bst\u011b Dama\u0161ku.<\/span><\/p>\n<p><span>P\u0159i \u00fatoku zahynulo sedm d\u016fstojn\u00edk\u016f jednotek Quds IRGC, v\u010detn\u011b dvou gener\u00e1l\u016f, a \u00edr\u00e1nsk\u00fd nejvy\u0161\u0161\u00ed v\u016fdce ajatoll\u00e1h Al\u00ed Chamene\u00ed \u0159ekl, \u017ee bude reakce. USA v p\u00e1tek varovaly Izrael, \u017ee Teher\u00e1n by proti n\u011bmu mohl o v\u00edkendu zah\u00e1jit masivn\u00ed \u00fader.<\/span><\/p>\n<p><img decoding=\"async\" loading=\"lazy\" class=\"alignnone size-full wp-image-1185\" src=\"http:\/\/www.infokuryr.cz\/n\/wp-content\/uploads\/2021\/04\/kuryr-podpis.png\" alt=\"\" width=\"84\" height=\"24\" \/><\/p>\n<p>&nbsp;<\/p>\n","protected":false},"excerpt":{"rendered":"<p>Jak\u00e1koli zem\u011b, kter\u00e1 poskytne vzdu\u0161n\u00fd nebo pozemn\u00ed pr\u016fchod jednotk\u00e1m z\u00e1padn\u00edho Jeruzal\u00e9ma, bude \u010delit hn\u011bvu Teher\u00e1nu,&#8230;<\/p>\n","protected":false},"author":2,"featured_media":51573,"comment_status":"closed","ping_status":"closed","sticky":false,"template":"","format":"standard","meta":[],"categories":[7],"tags":[38,107,40,1402],"_links":{"self":[{"href":"https:\/\/www.infokuryr.cz\/n\/wp-json\/wp\/v2\/posts\/51572"}],"collection":[{"href":"https:\/\/www.infokuryr.cz\/n\/wp-json\/wp\/v2\/posts"}],"about":[{"href":"https:\/\/www.infokuryr.cz\/n\/wp-json\/wp\/v2\/types\/post"}],"author":[{"embeddable":true,"href":"https:\/\/www.infokuryr.cz\/n\/wp-json\/wp\/v2\/users\/2"}],"replies":[{"embeddable":true,"href":"https:\/\/www.infokuryr.cz\/n\/wp-json\/wp\/v2\/comments?post=51572"}],"version-history":[{"count":0,"href":"https:\/\/www.infokuryr.cz\/n\/wp-json\/wp\/v2\/posts\/51572\/revisions"}],"wp:featuredmedia":[{"embeddable":true,"href":"https:\/\/www.infokuryr.cz\/n\/wp-json\/wp\/v2\/media\/51573"}],"wp:attachment":[{"href":"https:\/\/www.infokuryr.cz\/n\/wp-json\/wp\/v2\/media?parent=51572"}],"wp:term":[{"taxonomy":"category","embeddable":true,"href":"https:\/\/www.infokuryr.cz\/n\/wp-json\/wp\/v2\/categories?post=51572"},{"taxonomy":"post_tag","embeddable":true,"href":"https:\/\/www.infokuryr.cz\/n\/wp-json\/wp\/v2\/tags?post=51572"}],"curies":[{"name":"wp","href":"https:\/\/api.w.org\/{rel}","templated":true}]}}