{"id":51570,"date":"2024-04-14T04:12:39","date_gmt":"2024-04-14T02:12:39","guid":{"rendered":"https:\/\/www.infokuryr.cz\/n\/?p=51570"},"modified":"2024-04-14T04:12:39","modified_gmt":"2024-04-14T02:12:39","slug":"iran-zautocil-na-dulezite-izraelske-vojenske-cile","status":"publish","type":"post","link":"https:\/\/www.infokuryr.cz\/n\/2024\/04\/14\/iran-zautocil-na-dulezite-izraelske-vojenske-cile\/","title":{"rendered":"\u00cdr\u00e1n za\u00fato\u010dil na \u201ed\u016fle\u017eit\u00e9\u201c izraelsk\u00e9 vojensk\u00e9 c\u00edle"},"content":{"rendered":"<div id=\"fb-root\"><\/div>\n<p><span style=\"font-size: 18pt;\"><strong>N\u011bkolik m\u00edst IDF bylo \u201ezasa\u017eeno a zni\u010deno\u201c, tvrd\u00ed Sbor Revolu\u010dn\u00edch gard isl\u00e1msk\u00e9 republiky<\/strong><\/span><\/p>\n<p><span>Rozs\u00e1hl\u00fd \u00fatok raketami a drony proti Izraeli byl \u00fasp\u011b\u0161n\u00fd, uvedly \u00edr\u00e1nsk\u00e9 revolu\u010dn\u00ed gardy v prohl\u00e1\u0161en\u00ed zve\u0159ejn\u011bn\u00e9m tiskovou agenturou IRNA. Arm\u00e1d\u011b Isl\u00e1msk\u00e9 republiky se poda\u0159ilo\u00a0<\/span><em><span>\u201ezas\u00e1hnout a zni\u010dit\u201c<\/span><\/em><span>\u00a0n\u011bkter\u00e9\u00a0<\/span><em><span>\u201ed\u016fle\u017eit\u00e9 vojensk\u00e9 c\u00edle,\u201c<\/span><\/em><span>\u00a0dodala, ani\u017e by poskytla jak\u00e9koli dal\u0161\u00ed podrobnosti.<\/span><\/p>\n<p><span>\u00cdr\u00e1n zah\u00e1jil velk\u00fd leteck\u00fd \u00fatok proti Izraeli v reakci na to, co nazval\u00a0<\/span><em><span>\u201e\u010detn\u00fdmi zlo\u010diny\u201c, kter\u00e9<\/span><\/em><span>\u00a0\u00fadajn\u011b sp\u00e1chal Z\u00e1padn\u00ed Jeruzal\u00e9m, v\u010detn\u011b \u00fadajn\u00e9ho izraelsk\u00e9ho \u00fatoku na \u00edr\u00e1nsk\u00fd konzul\u00e1t v syrsk\u00e9m hlavn\u00edm m\u011bst\u011b Dama\u0161ku. \u00datok, ke kter\u00e9mu do\u0161lo 1. dubna, zabil sedm d\u016fstojn\u00edk\u016f jednotek Quds IRGC, v\u010detn\u011b dvou gener\u00e1l\u016f.<\/span><\/p>\n<p><span>Na \u00fatoku isl\u00e1msk\u00e9 republiky se pod\u00edlelo v\u00edce ne\u017e 100 dron\u016f, informovala izraelsk\u00e1 a z\u00e1padn\u00ed m\u00e9dia. Izraelsk\u00e9 obrann\u00e9 s\u00edly uvedly, \u017ee sleduj\u00ed p\u0159il\u00e9taj\u00edc\u00ed bezpilotn\u00ed letadla a zachycuj\u00ed je ve vzduchu s pomoc\u00ed spojeneck\u00fdch sil.<\/span><\/p>\n<p><span>\u00cdr\u00e1nsk\u00e1 m\u00e9dia zve\u0159ejnila na soci\u00e1ln\u00edch s\u00edt\u00edch n\u011bkolik kr\u00e1tk\u00fdch klip\u016f, kter\u00e9 \u00fadajn\u011b ukazuj\u00ed okam\u017eiky, kdy rakety Isl\u00e1msk\u00e9 republiky zas\u00e1hly sv\u00e9 c\u00edle v Izraeli. Jeden z nich byl \u00fadajn\u011b po\u0159\u00edzen v osad\u011b v Negevsk\u00e9 pou\u0161ti le\u017e\u00edc\u00ed v ji\u017en\u00ed \u010d\u00e1sti zem\u011b.<\/span><\/p>\n<div class=\"rtcode\">\n<div class=\"twitter-tweet twitter-tweet-rendered\"><iframe id=\"twitter-widget-0\" class=\"\" title=\"P\u0159\u00edsp\u011bvek X\" src=\"https:\/\/platform.twitter.com\/embed\/Tweet.html?creatorScreenName=RT_com&amp;dnt=false&amp;embedId=twitter-widget-0&amp;features=eyJ0ZndfdGltZWxpbmVfbGlzdCI6eyJidWNrZXQiOltdLCJ2ZXJzaW9uIjpudWxsfSwidGZ3X2ZvbGxvd2VyX2NvdW50X3N1bnNldCI6eyJidWNrZXQiOnRydWUsInZlcnNpb24iOm51bGx9LCJ0ZndfdHdlZXRfZWRpdF9iYWNrZW5kIjp7ImJ1Y2tldCI6Im9uIiwidmVyc2lvbiI6bnVsbH0sInRmd19yZWZzcmNfc2Vzc2lvbiI6eyJidWNrZXQiOiJvbiIsInZlcnNpb24iOm51bGx9LCJ0ZndfZm9zbnJfc29mdF9pbnRlcnZlbnRpb25zX2VuYWJsZWQiOnsiYnVja2V0Ijoib24iLCJ2ZXJzaW9uIjpudWxsfSwidGZ3X21peGVkX21lZGlhXzE1ODk3Ijp7ImJ1Y2tldCI6InRyZWF0bWVudCIsInZlcnNpb24iOm51bGx9LCJ0ZndfZXhwZXJpbWVudHNfY29va2llX2V4cGlyYXRpb24iOnsiYnVja2V0IjoxMjA5NjAwLCJ2ZXJzaW9uIjpudWxsfSwidGZ3X3Nob3dfYmlyZHdhdGNoX3Bpdm90c19lbmFibGVkIjp7ImJ1Y2tldCI6Im9uIiwidmVyc2lvbiI6bnVsbH0sInRmd19kdXBsaWNhdGVfc2NyaWJlc190b19zZXR0aW5ncyI6eyJidWNrZXQiOiJvbiIsInZlcnNpb24iOm51bGx9LCJ0ZndfdXNlX3Byb2ZpbGVfaW1hZ2Vfc2hhcGVfZW5hYmxlZCI6eyJidWNrZXQiOiJvbiIsInZlcnNpb24iOm51bGx9LCJ0ZndfdmlkZW9faGxzX2R5bmFtaWNfbWFuaWZlc3RzXzE1MDgyIjp7ImJ1Y2tldCI6InRydWVfYml0cmF0ZSIsInZlcnNpb24iOm51bGx9LCJ0ZndfbGVnYWN5X3RpbWVsaW5lX3N1bnNldCI6eyJidWNrZXQiOnRydWUsInZlcnNpb24iOm51bGx9LCJ0ZndfdHdlZXRfZWRpdF9mcm9udGVuZCI6eyJidWNrZXQiOiJvbiIsInZlcnNpb24iOm51bGx9fQ%3D%3D&amp;frame=false&amp;hideCard=false&amp;hideThread=false&amp;id=1779293069952643283&amp;lang=cs&amp;origin=https%3A%2F%2Fswentr.site%2Fnews%2F595898-iran-hit-destoyed-israel-targets%2F&amp;sessionId=01e97e5c16c795d4a322f94f836dc8425b9245f5&amp;siteScreenName=RT_com&amp;theme=light&amp;widgetsVersion=2615f7e52b7e0%3A1702314776716&amp;width=550px\" frameborder=\"0\" scrolling=\"no\" allowfullscreen=\"allowfullscreen\" data-tweet-id=\"1779293069952643283\" data-mce-fragment=\"1\"><\/iframe><\/div>\n<\/div>\n<p><span>Videa ukazuj\u00ed n\u011bco, co se zd\u00e1 b\u00fdt n\u011bkolika st\u0159elami zasahuj\u00edc\u00edmi n\u011bkter\u00e9 c\u00edle v osad\u011b. Spole\u010dnost RT nemohla tyto klipy nez\u00e1visle ov\u011b\u0159it.<\/span><\/p>\n<div class=\"rtcode\">\n<div class=\"twitter-tweet twitter-tweet-rendered\"><iframe id=\"twitter-widget-1\" class=\"\" title=\"P\u0159\u00edsp\u011bvek X\" src=\"https:\/\/platform.twitter.com\/embed\/Tweet.html?creatorScreenName=RT_com&amp;dnt=false&amp;embedId=twitter-widget-1&amp;features=eyJ0ZndfdGltZWxpbmVfbGlzdCI6eyJidWNrZXQiOltdLCJ2ZXJzaW9uIjpudWxsfSwidGZ3X2ZvbGxvd2VyX2NvdW50X3N1bnNldCI6eyJidWNrZXQiOnRydWUsInZlcnNpb24iOm51bGx9LCJ0ZndfdHdlZXRfZWRpdF9iYWNrZW5kIjp7ImJ1Y2tldCI6Im9uIiwidmVyc2lvbiI6bnVsbH0sInRmd19yZWZzcmNfc2Vzc2lvbiI6eyJidWNrZXQiOiJvbiIsInZlcnNpb24iOm51bGx9LCJ0ZndfZm9zbnJfc29mdF9pbnRlcnZlbnRpb25zX2VuYWJsZWQiOnsiYnVja2V0Ijoib24iLCJ2ZXJzaW9uIjpudWxsfSwidGZ3X21peGVkX21lZGlhXzE1ODk3Ijp7ImJ1Y2tldCI6InRyZWF0bWVudCIsInZlcnNpb24iOm51bGx9LCJ0ZndfZXhwZXJpbWVudHNfY29va2llX2V4cGlyYXRpb24iOnsiYnVja2V0IjoxMjA5NjAwLCJ2ZXJzaW9uIjpudWxsfSwidGZ3X3Nob3dfYmlyZHdhdGNoX3Bpdm90c19lbmFibGVkIjp7ImJ1Y2tldCI6Im9uIiwidmVyc2lvbiI6bnVsbH0sInRmd19kdXBsaWNhdGVfc2NyaWJlc190b19zZXR0aW5ncyI6eyJidWNrZXQiOiJvbiIsInZlcnNpb24iOm51bGx9LCJ0ZndfdXNlX3Byb2ZpbGVfaW1hZ2Vfc2hhcGVfZW5hYmxlZCI6eyJidWNrZXQiOiJvbiIsInZlcnNpb24iOm51bGx9LCJ0ZndfdmlkZW9faGxzX2R5bmFtaWNfbWFuaWZlc3RzXzE1MDgyIjp7ImJ1Y2tldCI6InRydWVfYml0cmF0ZSIsInZlcnNpb24iOm51bGx9LCJ0ZndfbGVnYWN5X3RpbWVsaW5lX3N1bnNldCI6eyJidWNrZXQiOnRydWUsInZlcnNpb24iOm51bGx9LCJ0ZndfdHdlZXRfZWRpdF9mcm9udGVuZCI6eyJidWNrZXQiOiJvbiIsInZlcnNpb24iOm51bGx9fQ%3D%3D&amp;frame=false&amp;hideCard=false&amp;hideThread=false&amp;id=1779289606921285682&amp;lang=cs&amp;origin=https%3A%2F%2Fswentr.site%2Fnews%2F595898-iran-hit-destoyed-israel-targets%2F&amp;sessionId=01e97e5c16c795d4a322f94f836dc8425b9245f5&amp;siteScreenName=RT_com&amp;theme=light&amp;widgetsVersion=2615f7e52b7e0%3A1702314776716&amp;width=550px\" frameborder=\"0\" scrolling=\"no\" allowfullscreen=\"allowfullscreen\" data-tweet-id=\"1779289606921285682\" data-mce-fragment=\"1\"><\/iframe><\/div>\n<\/div>\n<p><span>Z\u00e1padn\u00ed Jeruzal\u00e9m zat\u00edm \u017e\u00e1dn\u00e9 \u0161kody zp\u016fsoben\u00e9 \u00edr\u00e1nsk\u00fdm \u00faderem nepotvrdil. Jedin\u00fdm zran\u011bn\u00fdm p\u0159i \u00fatoku bylo zat\u00edm desetilet\u00e9 d\u00edt\u011b na jihu Izraele, uvedla m\u00edstn\u00ed m\u00e9dia.<\/span><\/p>\n<p><span>Ve sv\u00e9m prohl\u00e1\u0161en\u00ed IRGC tak\u00e9 v\u00fdslovn\u011b varovaly USA, \u017ee\u00a0<\/span><em><span>\u201ejak\u00e1koli podpora\u201c, kterou<\/span><\/em><span>\u00a0by Washington mohl poskytnout Izraeli p\u0159i\u00a0<\/span><em><span>\u201epo\u0161kozov\u00e1n\u00ed \u00edr\u00e1nsk\u00fdch z\u00e1jm\u016f\u201c,<\/span><\/em><span>\u00a0by se setkala s\u00a0<\/span><em><span>\u201erozhoduj\u00edc\u00ed\u201c<\/span><\/em><span>\u00a0reakc\u00ed arm\u00e1dy Isl\u00e1msk\u00e9 republiky. Teher\u00e1n tak\u00e9 pova\u017euje Washington za\u00a0<\/span><em><span>\u201ezodpov\u011bdn\u00fd za zl\u00e9 \u010diny\u201c<\/span><\/em><span>\u00a0z\u00e1padn\u00edho Jeruzal\u00e9ma, dodalo prohl\u00e1\u0161en\u00ed. \u00cdr\u00e1n tak\u00e9 varoval sv\u00e9 sousedy p\u0159ed napom\u00e1h\u00e1n\u00edm USA nebo Izraeli p\u0159i jejich potenci\u00e1ln\u00edch \u00fatoc\u00edch proti isl\u00e1msk\u00e9 republice. Teher\u00e1n by na takov\u00e9 akce tak\u00e9 dal\u00a0<\/span><em><span>\u201ep\u0159im\u011b\u0159enou odpov\u011b\u010f\u201c<\/span><\/em><span>\u00a0, uvedlo.<\/span><\/p>\n<p><span>Po \u00fatoku izraelsk\u00e1 m\u00e9dia uvedla, \u017ee Z\u00e1padn\u00ed Jeruzal\u00e9m pl\u00e1nuje masivn\u00ed odvetu za \u00edr\u00e1nsk\u00fd \u00fader. Televizn\u00ed stanice 12 uvedla, \u017ee\u00a0<\/span><em><span>\u201evy\u0161\u0161\u00edho izraelsk\u00e9ho \u00fa\u0159edn\u00edka\u201c<\/span><\/em><span>\u00a0uvedl jako\u00a0<\/span><em><span>\u201ebezprecedentn\u00ed odpov\u011b\u010f\u201c<\/span><\/em><span>\u00a0na \u00fatok. Izraelsk\u00fd ministr kultury a sportu Miki Zohar tak\u00e9 uvedl, \u017ee Z\u00e1padn\u00ed Jeruzal\u00e9m\u00a0<\/span><em><span>\u201ez\u00edskal dnes ve\u010der \u0161irokou mezin\u00e1rodn\u00ed legitimitu k \u00faderu na \u00cdr\u00e1n bezprecedentn\u00ed silou\u201c.<\/span><\/em><\/p>\n<p><img decoding=\"async\" loading=\"lazy\" class=\"alignnone size-full wp-image-1185\" src=\"http:\/\/www.infokuryr.cz\/n\/wp-content\/uploads\/2021\/04\/kuryr-podpis.png\" alt=\"\" width=\"84\" height=\"24\" \/><\/p>\n<p>&nbsp;<\/p>\n","protected":false},"excerpt":{"rendered":"<p>N\u011bkolik m\u00edst IDF bylo \u201ezasa\u017eeno a zni\u010deno\u201c, tvrd\u00ed Sbor Revolu\u010dn\u00edch gard isl\u00e1msk\u00e9 republiky Rozs\u00e1hl\u00fd \u00fatok&#8230;<\/p>\n","protected":false},"author":2,"featured_media":51571,"comment_status":"closed","ping_status":"closed","sticky":false,"template":"","format":"standard","meta":[],"categories":[7],"tags":[38,107,40],"_links":{"self":[{"href":"https:\/\/www.infokuryr.cz\/n\/wp-json\/wp\/v2\/posts\/51570"}],"collection":[{"href":"https:\/\/www.infokuryr.cz\/n\/wp-json\/wp\/v2\/posts"}],"about":[{"href":"https:\/\/www.infokuryr.cz\/n\/wp-json\/wp\/v2\/types\/post"}],"author":[{"embeddable":true,"href":"https:\/\/www.infokuryr.cz\/n\/wp-json\/wp\/v2\/users\/2"}],"replies":[{"embeddable":true,"href":"https:\/\/www.infokuryr.cz\/n\/wp-json\/wp\/v2\/comments?post=51570"}],"version-history":[{"count":0,"href":"https:\/\/www.infokuryr.cz\/n\/wp-json\/wp\/v2\/posts\/51570\/revisions"}],"wp:featuredmedia":[{"embeddable":true,"href":"https:\/\/www.infokuryr.cz\/n\/wp-json\/wp\/v2\/media\/51571"}],"wp:attachment":[{"href":"https:\/\/www.infokuryr.cz\/n\/wp-json\/wp\/v2\/media?parent=51570"}],"wp:term":[{"taxonomy":"category","embeddable":true,"href":"https:\/\/www.infokuryr.cz\/n\/wp-json\/wp\/v2\/categories?post=51570"},{"taxonomy":"post_tag","embeddable":true,"href":"https:\/\/www.infokuryr.cz\/n\/wp-json\/wp\/v2\/tags?post=51570"}],"curies":[{"name":"wp","href":"https:\/\/api.w.org\/{rel}","templated":true}]}}