{"id":51567,"date":"2024-04-14T00:46:52","date_gmt":"2024-04-13T22:46:52","guid":{"rendered":"https:\/\/www.infokuryr.cz\/n\/?p=51567"},"modified":"2024-04-13T18:26:09","modified_gmt":"2024-04-13T16:26:09","slug":"hizballah-podnikl-nejvetsi-utok-na-izrael-od-7-rijna","status":"publish","type":"post","link":"https:\/\/www.infokuryr.cz\/n\/2024\/04\/14\/hizballah-podnikl-nejvetsi-utok-na-izrael-od-7-rijna\/","title":{"rendered":"Hizball\u00e1h podnikl nejv\u011bt\u0161\u00ed \u00fatok na Izrael od 7. \u0159\u00edjna"},"content":{"rendered":"<div id=\"fb-root\"><\/div>\n<p class=\"lead\"><strong>Hizball\u00e1h uvedl, \u017ee vyp\u00e1lil \u201edes\u00edtky raket\u201c na izraelsk\u00e9 d\u011blost\u0159eleck\u00e9 pozice v reakci na izraelsk\u00e9 vojensk\u00e9 \u00fadery v ji\u017en\u00edm Libanonu, jeden z nejv\u011bt\u0161\u00edch \u00fatok\u016f od za\u010d\u00e1tku v\u00e1lky v Gaze. Informoval o tom dne 13. dubna, kan\u00e1l Al-D\u017eaz\u00edra.<\/strong><\/p>\n<p><span>Libanonsk\u00e1 ozbrojen\u00e1 skupina napojen\u00e1 na \u00cdr\u00e1n v p\u00e1tek pozd\u011b v prohl\u00e1\u0161en\u00ed potvrdila, \u017ee vyp\u00e1lila des\u00edtky raket Ka\u0165u\u0161a na &#8222;nep\u0159\u00e1telsk\u00e9 d\u011blost\u0159eleck\u00e9 pozice&#8220; v severn\u00edm Izraeli a na okupovan\u00fdch Golansk\u00fdch v\u00fd\u0161in\u00e1ch.<\/span><\/p>\n<p><span>Izraelsk\u00e1 arm\u00e1da uvedla, \u017ee \u201ez libanonsk\u00e9ho \u00fazem\u00ed bylo zaznamen\u00e1no 40 start\u016f, z nich\u017e n\u011bkter\u00e9 byly zachyceny. Zbytek spadl do otev\u0159en\u00e9ho prostoru.&#8220;<\/span><\/p>\n<p><span>&#8222;Neexistuj\u00ed \u017e\u00e1dn\u00e9 zpr\u00e1vy o ob\u011btech,&#8220; uvedla izraelsk\u00e1 arm\u00e1da a dodala, \u017ee ji\u017e d\u0159\u00edve zachytila \u200b\u200bdva v\u00fdbu\u0161niny nalo\u017een\u00e9 bezpilotn\u00ed letouny provozovan\u00e9 Hizball\u00e1hem, kter\u00e9 p\u0159e\u0161ly do Izraele z Libanonu v p\u00e1tek pozd\u011b.<\/span><\/p>\n<p><span>Hizball\u00e1h a izraelsk\u00e1 arm\u00e1da si od za\u010d\u00e1tku v\u00e1lky v Gaze 7. \u0159\u00edjna t\u00e9m\u011b\u0159 denn\u011b vym\u011b\u0148uj\u00ed palbu p\u0159es hranice. Skupina uvedla, \u017ee po dosa\u017een\u00ed p\u0159\u00edm\u011b\u0159\u00ed v sektoru zastav\u00ed sv\u00e9 \u00fatoky na Izrael.<\/span><\/p>\n<p><span>Zat\u00edmco \u00fatoky typu s\u00fdkora za oko se z velk\u00e9 \u010d\u00e1sti omezovaly na pohrani\u010dn\u00ed oblasti, jejich frekvence a intenzita vyvolaly obavy z propuknut\u00ed \u0161ir\u0161\u00edho konfliktu.<\/span><\/p>\n<p><span>S rostouc\u00edm nap\u011bt\u00edm provedl Izrael v sobotu nejm\u00e9n\u011b p\u011bt n\u00e1let\u016f na jihov\u00fdchod Libanonu, oblasti, kter\u00e1 je jednou z ba\u0161t Hizball\u00e1hu.<\/span><\/p>\n<p><span>Nejnov\u011bj\u0161\u00ed \u00fatok \u0161\u00editsk\u00e9 skupiny p\u0159ich\u00e1z\u00ed v dob\u011b o\u010dek\u00e1v\u00e1n\u00ed \u00edr\u00e1nsk\u00e9ho \u00fatoku na Izrael jako odvetu za n\u00e1let na \u00edr\u00e1nsk\u00fd konzul\u00e1t v S\u00fdrii, p\u0159i kter\u00e9m zahynulo sedm \u010dlen\u016f \u00edr\u00e1nsk\u00fdch ozbrojen\u00fdch sil, v\u010detn\u011b dvou gener\u00e1l\u016f odpov\u011bdn\u00fdch za operace v Libanonu a S\u00fdrii.<\/span><\/p>\n<p><span>Izraelsk\u00e1 arm\u00e1da uvedla, \u017ee je p\u0159ipravena na \u00edr\u00e1nsk\u00fd \u00fatok, a ministr zahrani\u010d\u00ed\u00a0<\/span><strong><span>Israel Katz<\/span><\/strong><span>\u00a0varoval Teher\u00e1n, \u017ee pokud pou\u017eije vlastn\u00ed \u00fazem\u00ed k \u00fader\u016fm, Izrael zas\u00e1hne i uvnit\u0159 \u00cdr\u00e1nu.<\/span><\/p>\n<p><span>Izraelsk\u00fd ministr obrany\u00a0<\/span><strong><span>Yoav Galant<\/span><\/strong><span>\u00a0\u0159ekl, \u017ee Izrael je p\u0159ipraven br\u00e1nit se na zemi i ve vzduchu v \u00fazk\u00e9 spolupr\u00e1ci s \u201ena\u0161imi partnery\u201c, tedy Spojen\u00fdmi st\u00e1ty.<\/span><\/p>\n<p><img decoding=\"async\" loading=\"lazy\" class=\"alignnone size-full wp-image-1185\" src=\"http:\/\/www.infokuryr.cz\/n\/wp-content\/uploads\/2021\/04\/kuryr-podpis.png\" alt=\"\" width=\"84\" height=\"24\" \/><\/p>\n<p>&nbsp;<\/p>\n","protected":false},"excerpt":{"rendered":"<p>Hizball\u00e1h uvedl, \u017ee vyp\u00e1lil \u201edes\u00edtky raket\u201c na izraelsk\u00e9 d\u011blost\u0159eleck\u00e9 pozice v reakci na izraelsk\u00e9 vojensk\u00e9&#8230;<\/p>\n","protected":false},"author":2,"featured_media":51568,"comment_status":"closed","ping_status":"closed","sticky":false,"template":"","format":"standard","meta":[],"categories":[7],"tags":[7085,107,723],"_links":{"self":[{"href":"https:\/\/www.infokuryr.cz\/n\/wp-json\/wp\/v2\/posts\/51567"}],"collection":[{"href":"https:\/\/www.infokuryr.cz\/n\/wp-json\/wp\/v2\/posts"}],"about":[{"href":"https:\/\/www.infokuryr.cz\/n\/wp-json\/wp\/v2\/types\/post"}],"author":[{"embeddable":true,"href":"https:\/\/www.infokuryr.cz\/n\/wp-json\/wp\/v2\/users\/2"}],"replies":[{"embeddable":true,"href":"https:\/\/www.infokuryr.cz\/n\/wp-json\/wp\/v2\/comments?post=51567"}],"version-history":[{"count":0,"href":"https:\/\/www.infokuryr.cz\/n\/wp-json\/wp\/v2\/posts\/51567\/revisions"}],"wp:featuredmedia":[{"embeddable":true,"href":"https:\/\/www.infokuryr.cz\/n\/wp-json\/wp\/v2\/media\/51568"}],"wp:attachment":[{"href":"https:\/\/www.infokuryr.cz\/n\/wp-json\/wp\/v2\/media?parent=51567"}],"wp:term":[{"taxonomy":"category","embeddable":true,"href":"https:\/\/www.infokuryr.cz\/n\/wp-json\/wp\/v2\/categories?post=51567"},{"taxonomy":"post_tag","embeddable":true,"href":"https:\/\/www.infokuryr.cz\/n\/wp-json\/wp\/v2\/tags?post=51567"}],"curies":[{"name":"wp","href":"https:\/\/api.w.org\/{rel}","templated":true}]}}