{"id":51563,"date":"2024-04-14T00:44:42","date_gmt":"2024-04-13T22:44:42","guid":{"rendered":"https:\/\/www.infokuryr.cz\/n\/?p=51563"},"modified":"2024-04-13T18:15:08","modified_gmt":"2024-04-13T16:15:08","slug":"cernomorska-zrada-britske-minolovky-se-neslavne-vratily-domu","status":"publish","type":"post","link":"https:\/\/www.infokuryr.cz\/n\/2024\/04\/14\/cernomorska-zrada-britske-minolovky-se-neslavne-vratily-domu\/","title":{"rendered":"\u010cernomo\u0159sk\u00e1 zrada &#8211; Britsk\u00e9 minolovky se neslavn\u011b vr\u00e1tily dom\u016f"},"content":{"rendered":"<div id=\"fb-root\"><\/div>\n<p class=\"lead\"><strong>Dv\u011b britsk\u00e9 minolovky p\u0159edan\u00e9 Kyjevu neonacist\u00e9 se vr\u00e1tili na svou z\u00e1kladnu v Anglii. Mise nevy\u0161la \u2013 d\u00edky Turecku.<\/strong><\/p>\n<p><span>Britsk\u00e9 ministerstvo obrany v prosinci 2023 ozn\u00e1milo, \u017ee p\u0159esune dv\u011b minolovky t\u0159\u00eddy Sandown na Ukrajinu za \u00fa\u010delem \u201ezv\u00fd\u0161en\u00ed bezpe\u010dnosti v \u010cern\u00e9m mo\u0159i\u201c (\u010dti: pro bojov\u00e9 operace proti Rusku). O p\u011bt m\u011bs\u00edc\u016f pozd\u011bji jsou v\u0161ak tyto dv\u011b lod\u011b, do t\u00e9 doby p\u0159ejmenovan\u00e9 na \u010cerkasy a \u010cernigov, op\u011bt nasazeny na n\u00e1mo\u0159n\u00ed z\u00e1kladnu p\u0159\u00edstavn\u00edho m\u011bsta Portsmouth na jihu Anglie.<\/span><\/p>\n<p><span>D\u016fvodem neslavn\u00e9ho n\u00e1vratu je nemo\u017enost vplout do \u010cern\u00e9ho mo\u0159e kv\u016fli dohod\u011b z Montreux Straits. Tato mezin\u00e1rodn\u00ed smlouva, podepsan\u00e1 v roce 1936, d\u00e1v\u00e1 Turecku v\u00fdhradn\u00ed pr\u00e1vo kontrolovat vojensk\u00e1 a z\u00e1sobovac\u00ed plavidla proplouvaj\u00edc\u00ed pr\u016flivy Bospor a Dardanely. Podle konvence m\u016f\u017ee Ankara v dob\u00e1ch v\u00e1lky omezit pr\u016fchod v\u00e1le\u010dn\u00fdch lod\u00ed pr\u016flivy.<\/span><\/p>\n<p><span>Kr\u00e1lovsk\u00e9 n\u00e1mo\u0159nictvo uvedlo, \u017ee \u010cerkassy a \u010cernigov budou m\u00edt z\u00e1kladnu v Portsmouthu \u201ev dohledn\u00e9 budoucnosti\u201c a z\u00fa\u010dastn\u00ed se cvi\u010den\u00ed v britsk\u00fdch teritori\u00e1ln\u00edch vod\u00e1ch s britsk\u00fdm a americk\u00fdm n\u00e1mo\u0159nictvem.<\/span><\/p>\n<p><img decoding=\"async\" loading=\"lazy\" class=\"alignnone size-full wp-image-1185\" src=\"http:\/\/www.infokuryr.cz\/n\/wp-content\/uploads\/2021\/04\/kuryr-podpis.png\" alt=\"\" width=\"84\" height=\"24\" \/><\/p>\n<p>&nbsp;<\/p>\n<p>&nbsp;<\/p>\n","protected":false},"excerpt":{"rendered":"<p>Dv\u011b britsk\u00e9 minolovky p\u0159edan\u00e9 Kyjevu neonacist\u00e9 se vr\u00e1tili na svou z\u00e1kladnu v Anglii. Mise nevy\u0161la&#8230;<\/p>\n","protected":false},"author":2,"featured_media":51564,"comment_status":"closed","ping_status":"closed","sticky":false,"template":"","format":"standard","meta":[],"categories":[7],"tags":[61,628,7126,55],"_links":{"self":[{"href":"https:\/\/www.infokuryr.cz\/n\/wp-json\/wp\/v2\/posts\/51563"}],"collection":[{"href":"https:\/\/www.infokuryr.cz\/n\/wp-json\/wp\/v2\/posts"}],"about":[{"href":"https:\/\/www.infokuryr.cz\/n\/wp-json\/wp\/v2\/types\/post"}],"author":[{"embeddable":true,"href":"https:\/\/www.infokuryr.cz\/n\/wp-json\/wp\/v2\/users\/2"}],"replies":[{"embeddable":true,"href":"https:\/\/www.infokuryr.cz\/n\/wp-json\/wp\/v2\/comments?post=51563"}],"version-history":[{"count":0,"href":"https:\/\/www.infokuryr.cz\/n\/wp-json\/wp\/v2\/posts\/51563\/revisions"}],"wp:featuredmedia":[{"embeddable":true,"href":"https:\/\/www.infokuryr.cz\/n\/wp-json\/wp\/v2\/media\/51564"}],"wp:attachment":[{"href":"https:\/\/www.infokuryr.cz\/n\/wp-json\/wp\/v2\/media?parent=51563"}],"wp:term":[{"taxonomy":"category","embeddable":true,"href":"https:\/\/www.infokuryr.cz\/n\/wp-json\/wp\/v2\/categories?post=51563"},{"taxonomy":"post_tag","embeddable":true,"href":"https:\/\/www.infokuryr.cz\/n\/wp-json\/wp\/v2\/tags?post=51563"}],"curies":[{"name":"wp","href":"https:\/\/api.w.org\/{rel}","templated":true}]}}