{"id":51491,"date":"2024-04-13T05:35:54","date_gmt":"2024-04-13T03:35:54","guid":{"rendered":"https:\/\/www.infokuryr.cz\/n\/?p=51491"},"modified":"2024-04-13T05:35:54","modified_gmt":"2024-04-13T03:35:54","slug":"demokrate-pouzili-prostredky-na-kampan-na-zaplaceni-bidenovych-pravniku","status":"publish","type":"post","link":"https:\/\/www.infokuryr.cz\/n\/2024\/04\/13\/demokrate-pouzili-prostredky-na-kampan-na-zaplaceni-bidenovych-pravniku\/","title":{"rendered":"Demokrat\u00e9 pou\u017eili prost\u0159edky na kampa\u0148 na zaplacen\u00ed Bidenov\u00fdch pr\u00e1vn\u00edk\u016f"},"content":{"rendered":"<div id=\"fb-root\"><\/div>\n<p><span style=\"font-size: 18pt;\"><strong>Strana \u00fadajn\u011b p\u0159esm\u011brovala dary, aby pokryla prezidentovy pr\u00e1vn\u00ed poplatky, zat\u00edmco zatracovala Donalda Trumpa za to, \u017ee ud\u011blal tot\u00e9\u017e<\/strong><\/span><\/p>\n<p><span>Demokratick\u00e1 strana \u00fadajn\u011b p\u0159esm\u011brovala politick\u00e9 dary, aby pomohla pokr\u00fdt pr\u00e1vn\u00ed n\u00e1klady, kter\u00e9 vznikly Joeovi Bidenovi, kdy\u017e byl vy\u0161et\u0159ov\u00e1n za \u0161patn\u00e9 zach\u00e1zen\u00ed se st\u00e1tn\u00edmi tajemstv\u00edmi \u2013 i kdy\u017e kampa\u0148 za znovuzvolen\u00ed americk\u00e9ho prezidenta odsoudila rivala Donalda Trumpa za stejnou taktiku.<\/span><\/p>\n<p><span>Demokratick\u00fd n\u00e1rodn\u00ed v\u00fdbor (DNC) zaplatil pr\u00e1vn\u00edk\u016fm nebo firm\u00e1m zastupuj\u00edc\u00edm Bidena v\u00edce ne\u017e 1,5 milionu dolar\u016f, uvedl v p\u00e1tek\u00a0<\/span><a href=\"https:\/\/www.axios.com\/2024\/04\/12\/dnc-covered-biden-legal-bills-special-counsel-probe\" target=\"_blank\" rel=\"noopener noreferrer\"><span>Axios<\/span><\/a><span>\u00a0s odvol\u00e1n\u00edm na finan\u010dn\u00ed z\u00e1znamy kampan\u011b a neidentifikovan\u00e9 osoby obezn\u00e1men\u00e9 s touto z\u00e1le\u017eitost\u00ed. Platby byly provedeny mezi \u010dervencem 2023 a \u00fanorem 2024, kdy\u017e zvl\u00e1\u0161tn\u00ed poradce americk\u00e9ho ministerstva spravedlnosti (DOJ) Robert Hur vy\u0161et\u0159oval Bidenovo nakl\u00e1d\u00e1n\u00ed s utajovan\u00fdmi dokumenty, kter\u00e9 si nez\u00e1konn\u011b ponechal po dokon\u010den\u00ed dvou funk\u010dn\u00edch obdob\u00ed viceprezidenta.<\/span><\/p>\n<p><span>I kdy\u017e byly tyto platby provedeny, kampa\u0148 Bidena zes\u00edlila svou kritiku b\u00fdval\u00e9ho americk\u00e9ho prezidenta Donalda Trumpa, pravd\u011bpodobn\u00e9ho republik\u00e1nsk\u00e9ho kandid\u00e1ta v leto\u0161n\u00edch volb\u00e1ch, za pou\u017eit\u00ed politick\u00fdch dar\u016f na zaplacen\u00ed sv\u00fdch pr\u00e1vn\u00edk\u016f. Trump \u00fadajn\u011b utrp\u011bl v\u00edce ne\u017e 100 milion\u016f dolar\u016f na pr\u00e1vn\u00edch poplatc\u00edch, kdy\u017e se br\u00e1nil proti 91 obvin\u011bn\u00edm ve \u010dty\u0159ech samostatn\u00fdch trestn\u00edch p\u0159\u00edpadech, v\u010detn\u011b dvou obvin\u011bn\u00ed vznesen\u00fdch Bidenov\u00fdm ministerstvem spravedlnosti.<\/span><\/p>\n<p><span>Bidenovi podporovatel\u00e9 se Trumpovi vysm\u00edvali za to, \u017ee \u017e\u00e1dal o dary na zaplacen\u00ed jeho pr\u00e1vn\u00edk\u016f. Zrovna minul\u00fd m\u011bs\u00edc v\u00fdkonn\u00fd \u0159editel DNC Sam Cornale varoval, \u017ee Republik\u00e1nsk\u00fd n\u00e1rodn\u00ed v\u00fdbor (RNC) by mohl po dosazen\u00ed nov\u00e9ho veden\u00ed za\u010d\u00edt hradit Trumpovy pr\u00e1vn\u00ed poplatky.\u00a0<\/span><em><span>&#8222;P\u0159\u00edslib utratit neexistuj\u00edc\u00ed v\u00e1le\u010dnou truhlu RNC za Trumpovy z\u00e1konn\u00e9 \u00fa\u010dty nen\u00ed dobr\u00fdm motivem pro d\u00e1rce, kte\u0159\u00ed ji\u017e odm\u00edtaj\u00ed darovat,&#8220;<\/span><\/em><span>\u00a0\u0159ekl Cornale.<\/span><\/p>\n<p><span>Minul\u00fd v\u00edkend\u00a0<\/span><a href=\"https:\/\/twitter.com\/BidenHQ\/status\/1776663978388701398\" target=\"_blank\" rel=\"noopener noreferrer\"><span>\u0159ekl \u0161\u00e9f financov\u00e1n\u00ed kampan\u011b Biden Rufus Gifford MSNBC,<\/span><\/a><span>\u00a0\u017ee\u00a0<\/span><em><span>\u201eka\u017ed\u00fd desetn\u00edk\u201c<\/span><\/em><span>\u00a0, kter\u00fd darovali d\u00e1rci, byl pou\u017eit k tomu, aby se prezidentovo poselstv\u00ed dostalo k voli\u010d\u016fm.\u00a0<\/span><em><span>&#8222;Neutr\u00e1c\u00edme pen\u00edze za pr\u00e1vn\u00ed \u00fa\u010dty,&#8220;<\/span><\/em><span>\u00a0\u0159ekl.\u00a0<\/span><em><span>&#8222;Neprod\u00e1v\u00e1me zlat\u00e9 tenisky ani nic z toho.&#8220;<\/span><\/em><\/p>\n<p><span>Mluv\u010d\u00ed DNC Alex Floyd, konfrontovan\u00fd spole\u010dnost\u00ed Axios ohledn\u011b vyu\u017e\u00edv\u00e1n\u00ed dar\u016f na zaplacen\u00ed Bidenov\u00fdch pr\u00e1vn\u00edk\u016f, \u0159ekl:\u00a0<\/span><em><span>\u201eNeexistuje \u017e\u00e1dn\u00e9 srovn\u00e1n\u00ed. DNC neutrat\u00ed ani cent z pen\u011bz od m\u00edstn\u00edch d\u00e1rc\u016f na pr\u00e1vn\u00ed \u00fa\u010dty, na rozd\u00edl od Donalda Trumpa, kter\u00fd od sv\u00fdch p\u0159\u00edznivc\u016f aktivn\u011b vy\u017eaduje pr\u00e1vn\u00ed poplatky a vy\u010derpal ka\u017ed\u00fd bankovn\u00ed \u00fa\u010det, kter\u00fd mu p\u0159ijde pod ruku, jako osobn\u00ed pras\u00e1tko.\u201c<\/span><\/em><\/p>\n<p><span>Hur vydal\u00a0<\/span><a href=\"https:\/\/www.justice.gov\/storage\/report-from-special-counsel-robert-k-hur-february-2024.pdf\" target=\"_blank\" rel=\"noopener noreferrer\"><span>zpr\u00e1vu<\/span><\/a><span>\u00a0o sv\u00e9m vy\u0161et\u0159ov\u00e1n\u00ed v \u00fanoru, v n\u00ed\u017e uvedl, \u017ee Biden\u00a0<\/span><em><span>\u201e\u00famysln\u011b ponechal a zve\u0159ejnil\u201c<\/span><\/em><span>\u00a0st\u00e1tn\u00ed tajemstv\u00ed pot\u00e9, co opustil \u00fa\u0159ad viceprezidenta v roce 2017. Zvl\u00e1\u0161tn\u00ed pr\u00e1vn\u00ed z\u00e1stupce v\u0161ak nedoporu\u010dil Bidena ob\u017ealovat. \u0158ekl, \u017ee by bylo obt\u00ed\u017en\u00e9 prok\u00e1zat Biden\u016fv z\u00e1m\u011br porot\u011b, proto\u017ee 81let\u00fd prezident v rozhovorech vystupoval jako\u00a0<\/span><em><span>\u201edob\u0159e m\u00edn\u011bn\u00fd star\u0161\u00ed mu\u017e se \u0161patnou pam\u011bt\u00ed\u201c.<\/span><\/em><\/p>\n<p><img decoding=\"async\" loading=\"lazy\" class=\"alignnone size-full wp-image-1185\" src=\"http:\/\/www.infokuryr.cz\/n\/wp-content\/uploads\/2021\/04\/kuryr-podpis.png\" alt=\"\" width=\"84\" height=\"24\" \/><\/p>\n<p>&nbsp;<\/p>\n","protected":false},"excerpt":{"rendered":"<p>Strana \u00fadajn\u011b p\u0159esm\u011brovala dary, aby pokryla prezidentovy pr\u00e1vn\u00ed poplatky, zat\u00edmco zatracovala Donalda Trumpa za to,&#8230;<\/p>\n","protected":false},"author":2,"featured_media":40463,"comment_status":"closed","ping_status":"closed","sticky":false,"template":"","format":"standard","meta":[],"categories":[7],"tags":[72,90,1169],"_links":{"self":[{"href":"https:\/\/www.infokuryr.cz\/n\/wp-json\/wp\/v2\/posts\/51491"}],"collection":[{"href":"https:\/\/www.infokuryr.cz\/n\/wp-json\/wp\/v2\/posts"}],"about":[{"href":"https:\/\/www.infokuryr.cz\/n\/wp-json\/wp\/v2\/types\/post"}],"author":[{"embeddable":true,"href":"https:\/\/www.infokuryr.cz\/n\/wp-json\/wp\/v2\/users\/2"}],"replies":[{"embeddable":true,"href":"https:\/\/www.infokuryr.cz\/n\/wp-json\/wp\/v2\/comments?post=51491"}],"version-history":[{"count":0,"href":"https:\/\/www.infokuryr.cz\/n\/wp-json\/wp\/v2\/posts\/51491\/revisions"}],"wp:featuredmedia":[{"embeddable":true,"href":"https:\/\/www.infokuryr.cz\/n\/wp-json\/wp\/v2\/media\/40463"}],"wp:attachment":[{"href":"https:\/\/www.infokuryr.cz\/n\/wp-json\/wp\/v2\/media?parent=51491"}],"wp:term":[{"taxonomy":"category","embeddable":true,"href":"https:\/\/www.infokuryr.cz\/n\/wp-json\/wp\/v2\/categories?post=51491"},{"taxonomy":"post_tag","embeddable":true,"href":"https:\/\/www.infokuryr.cz\/n\/wp-json\/wp\/v2\/tags?post=51491"}],"curies":[{"name":"wp","href":"https:\/\/api.w.org\/{rel}","templated":true}]}}