{"id":51482,"date":"2024-04-13T00:44:37","date_gmt":"2024-04-12T22:44:37","guid":{"rendered":"https:\/\/www.infokuryr.cz\/n\/?p=51482"},"modified":"2024-04-12T20:22:19","modified_gmt":"2024-04-12T18:22:19","slug":"americka-armada-zachytila-dalsi-balistickou-strelu-houthi-nad-rudym-morem","status":"publish","type":"post","link":"https:\/\/www.infokuryr.cz\/n\/2024\/04\/13\/americka-armada-zachytila-dalsi-balistickou-strelu-houthi-nad-rudym-morem\/","title":{"rendered":"Americk\u00e1 arm\u00e1da zachytila \u200b\u200bdal\u0161\u00ed balistickou st\u0159elu Houthi nad Rud\u00fdm mo\u0159em"},"content":{"rendered":"<div id=\"fb-root\"><\/div>\n<p><strong><span>\u00dast\u0159edn\u00ed velen\u00ed Spojen\u00fdch st\u00e1t\u016f (CENTCOM) 12. dubna ozn\u00e1milo, \u017ee jeho s\u00edly zachytily protilodn\u00ed balistickou st\u0159elu (ASBM), kterou o den d\u0159\u00edve odp\u00e1lili H\u00fas\u00edov\u00e9 (Ansar Allah) z Jemenu.<\/span><\/strong><\/p>\n<p><span>St\u0159ela byla zachycena nad Rud\u00fdm mo\u0159em, uvedlo velen\u00ed v prohl\u00e1\u0161en\u00ed a dodalo, \u017ee nedo\u0161lo k \u017e\u00e1dn\u00fdm zran\u011bn\u00edm ani \u0161kod\u00e1m hl\u00e1\u0161en\u00fdm americk\u00fdmi, koali\u010dn\u00edmi nebo komer\u010dn\u00edmi lod\u011bmi.<\/span><\/p>\n<p><em>&#8222;Bylo rozhodnuto, \u017ee ASBM p\u0159edstavuje bezprost\u0159edn\u00ed hrozbu pro USA, koalici a obchodn\u00ed lod\u011b v regionu.&#8220; Tato opat\u0159en\u00ed jsou p\u0159ij\u00edm\u00e1na s c\u00edlem chr\u00e1nit svobodu plavby a u\u010dinit mezin\u00e1rodn\u00ed vody bezpe\u010dn\u011bj\u0161\u00edmi a zabezpe\u010den\u011bj\u0161\u00edmi pro americk\u00e9, koali\u010dn\u00ed a obchodn\u00ed lod\u011b,\u201c stoj\u00ed v prohl\u00e1\u0161en\u00ed.<\/em><\/p>\n<p><span>H\u00fas\u00edov\u00e9, kte\u0159\u00ed jsou podporov\u00e1ni \u00cdr\u00e1nem, za\u00fato\u010dili od lo\u0148sk\u00e9ho listopadu v Rud\u00e9m mo\u0159i a Adensk\u00e9m z\u00e1livu na des\u00edtky plavidel spojen\u00fdch s Izraelem nebo vlastn\u011bn\u00fdch USA a Spojen\u00fdm kr\u00e1lovstv\u00edm v reakci na izraelskou v\u00e1lku a obl\u00e9h\u00e1n\u00ed v p\u00e1smu Gazy. .<\/span><\/p>\n<p><span>Jen 10. dubna se skupina zam\u011b\u0159ila na \u010dty\u0159i plavidla, v\u010detn\u011b americk\u00e9 v\u00e1le\u010dn\u00e9 lodi, s drony a n\u00e1mo\u0159n\u00edmi raketami v Adensk\u00e9m z\u00e1livu.<\/span><\/p>\n<p><span>Od ledna provedly Spojen\u00e9 st\u00e1ty a Spojen\u00e9 kr\u00e1lovstv\u00ed stovky \u00fader\u016f na oblasti v Jemenu kontrolovan\u00e9 Houthi ve snaze odstra\u0161it skupinu. Navzdory n\u011bkter\u00fdm ztr\u00e1t\u00e1m skupina roz\u0161\u00ed\u0159ila sv\u00e9 operace o Indick\u00fd oce\u00e1n.<\/span><\/p>\n<p><img decoding=\"async\" loading=\"lazy\" class=\"alignnone size-full wp-image-1185\" src=\"http:\/\/www.infokuryr.cz\/n\/wp-content\/uploads\/2021\/04\/kuryr-podpis.png\" alt=\"\" width=\"84\" height=\"24\" \/><\/p>\n<p>&nbsp;<\/p>\n","protected":false},"excerpt":{"rendered":"<p>\u00dast\u0159edn\u00ed velen\u00ed Spojen\u00fdch st\u00e1t\u016f (CENTCOM) 12. dubna ozn\u00e1milo, \u017ee jeho s\u00edly zachytily protilodn\u00ed balistickou st\u0159elu&#8230;<\/p>\n","protected":false},"author":2,"featured_media":45040,"comment_status":"closed","ping_status":"closed","sticky":false,"template":"","format":"standard","meta":[],"categories":[7],"tags":[5457,6184,37],"_links":{"self":[{"href":"https:\/\/www.infokuryr.cz\/n\/wp-json\/wp\/v2\/posts\/51482"}],"collection":[{"href":"https:\/\/www.infokuryr.cz\/n\/wp-json\/wp\/v2\/posts"}],"about":[{"href":"https:\/\/www.infokuryr.cz\/n\/wp-json\/wp\/v2\/types\/post"}],"author":[{"embeddable":true,"href":"https:\/\/www.infokuryr.cz\/n\/wp-json\/wp\/v2\/users\/2"}],"replies":[{"embeddable":true,"href":"https:\/\/www.infokuryr.cz\/n\/wp-json\/wp\/v2\/comments?post=51482"}],"version-history":[{"count":0,"href":"https:\/\/www.infokuryr.cz\/n\/wp-json\/wp\/v2\/posts\/51482\/revisions"}],"wp:featuredmedia":[{"embeddable":true,"href":"https:\/\/www.infokuryr.cz\/n\/wp-json\/wp\/v2\/media\/45040"}],"wp:attachment":[{"href":"https:\/\/www.infokuryr.cz\/n\/wp-json\/wp\/v2\/media?parent=51482"}],"wp:term":[{"taxonomy":"category","embeddable":true,"href":"https:\/\/www.infokuryr.cz\/n\/wp-json\/wp\/v2\/categories?post=51482"},{"taxonomy":"post_tag","embeddable":true,"href":"https:\/\/www.infokuryr.cz\/n\/wp-json\/wp\/v2\/tags?post=51482"}],"curies":[{"name":"wp","href":"https:\/\/api.w.org\/{rel}","templated":true}]}}