{"id":51473,"date":"2024-04-13T00:39:57","date_gmt":"2024-04-12T22:39:57","guid":{"rendered":"https:\/\/www.infokuryr.cz\/n\/?p=51473"},"modified":"2024-04-12T19:56:35","modified_gmt":"2024-04-12T17:56:35","slug":"migracni-pakt-eu-rozdmychava-spory-protoze-visegradske-narody-slibuji-vzdorovat-dohode-podporovane-zapadni-evropou","status":"publish","type":"post","link":"https:\/\/www.infokuryr.cz\/n\/2024\/04\/13\/migracni-pakt-eu-rozdmychava-spory-protoze-visegradske-narody-slibuji-vzdorovat-dohode-podporovane-zapadni-evropou\/","title":{"rendered":"Migra\u010dn\u00ed pakt EU rozdm\u00fdch\u00e1v\u00e1 spory, proto\u017ee Visegr\u00e1dsk\u00e9 n\u00e1rody slibuj\u00ed vzdorovat dohod\u011b podporovan\u00e9 z\u00e1padn\u00ed Evropou"},"content":{"rendered":"<div id=\"fb-root\"><\/div>\n<p><span style=\"font-size: 14pt;\"><strong>Zat\u00edmco N\u011bmecko, It\u00e1lie a \u0158ecko pakt p\u0159iv\u00edtaly, Slovensko a Ma\u010farsko a v men\u0161\u00ed m\u00ed\u0159e i nov\u00e1 liber\u00e1ln\u00ed polsk\u00e1 vl\u00e1da sl\u00edbily, \u017ee neuplatn\u00ed princip sporn\u00e9 solidarity dohody<\/strong><\/span><\/p>\n<p><span>Nov\u011b schv\u00e1len\u00fd migra\u010dn\u00ed pakt EU vyvol\u00e1v\u00e1 kontroverze po cel\u00e9 Evrop\u011b.<\/span><\/p>\n<p><span>Zat\u00edmco v\u00fdchodoevropsk\u00e9 k\u0159\u00eddlo, jako je Slovensko a Ma\u010farsko, s reformou nesouhlas\u00ed a nov\u00e1 liber\u00e1ln\u00ed vl\u00e1da v Polsku \u0159\u00edk\u00e1, \u017ee je z\u00e1sadn\u011b proti opat\u0159en\u00ed (i kdy\u017e jej\u00ed europoslanci hlasovali pro), z\u00e1padn\u00ed a ji\u017en\u00ed st\u00e1ty, nap\u0159. N\u011bmecko, It\u00e1lie a \u0158ecko, pakt p\u0159iv\u00edtejte.<\/span><\/p>\n<p><span>V\u00fdsledky st\u0159ede\u010dn\u00edho hlasov\u00e1n\u00ed v Evropsk\u00e9m parlamentu tak\u00e9 vyvolaly debatu o tom, jak d\u016fle\u017eit\u00e9 je veto \u010dlensk\u00fdch zem\u00ed EU v kl\u00ed\u010dov\u00fdch ot\u00e1zk\u00e1ch prosazov\u00e1n\u00ed n\u00e1rodn\u00edch st\u00e1tn\u00edch z\u00e1jm\u016f.<\/span><\/p>\n<p><span>V \u010cesku se n\u00e1zory na p\u0159ijet\u00ed bal\u00ed\u010dku li\u0161\u00ed jak mezi politiky, tak mezi europoslanci. Zat\u00edmco ministr vnitra a \u0161\u00e9f hnut\u00ed STAN V\u00edt Raku\u0161an v\u00fdsledek p\u0159iv\u00edtal, zakladatel nejsiln\u011bj\u0161\u00edho opozi\u010dn\u00edho hnut\u00ed ANO Andrej Babi\u0161 rozhodnut\u00ed kritizoval a chce svolat mimo\u0159\u00e1dnou sch\u016fzi Poslaneck\u00e9 sn\u011bmovny Parlamentu \u010cR.<\/span><\/p>\n<p><span>Schv\u00e1len\u00fd bal\u00ed\u010dek obsahuje n\u011bkolik opat\u0159en\u00ed ur\u010den\u00fdch k boji proti neleg\u00e1ln\u00edmu p\u0159ist\u011bhovalectv\u00ed, v\u010detn\u011b \u00fa\u010dinn\u011bj\u0161\u00edch prov\u011brek migrant\u016f a efektivn\u011bj\u0161\u00edho procesu navracen\u00ed ne\u00fasp\u011b\u0161n\u00fdch \u017eadatel\u016f o azyl.<\/span><\/p>\n<p><span>Kontroverzn\u00ed princip solidarity, podle kter\u00e9ho budou \u010dlensk\u00e9 st\u00e1ty nuceny p\u0159ij\u00edmat migranty z p\u0159et\u00ed\u017een\u00fdch zem\u00ed nebo \u010delit finan\u010dn\u00edm sankc\u00edm, v\u0161ak vyvolal pobou\u0159en\u00ed mezi n\u011bkter\u00fdmi \u010dlensk\u00fdmi st\u00e1ty, kter\u00e9 tento krok pova\u017euj\u00ed za dal\u0161\u00ed uchv\u00e1cen\u00ed moci ze strany Bruselu.<\/span><\/p>\n<p><span>Slovensko vyj\u00e1d\u0159ilo sv\u00e9 znepokojen\u00ed nad schopnost\u00ed migra\u010dn\u00edho paktu b\u00fdt dlouhodob\u011b udr\u017eiteln\u00fdm \u0159e\u0161en\u00edm, p\u0159i\u010dem\u017e jeho ministerstvo zahrani\u010d\u00ed vede v usv\u011bd\u010duj\u00edc\u00edm prohl\u00e1\u0161en\u00ed po p\u0159ijet\u00ed paktu v Evropsk\u00e9m parlamentu.<\/span><\/p>\n<p><span>\u201eSlovensko nesouhlas\u00ed s principem solidarity s podm\u00ednkou povinn\u00e9ho p\u0159ij\u00edm\u00e1n\u00ed neleg\u00e1ln\u00edch migrant\u016f na sv\u00e9 \u00fazem\u00ed,\u201c napsalo. Podle \u0161\u00e9fa slovensk\u00e9 diplomacie by se st\u00e1ty m\u011bly samy rozhodnout, jakou formu pomoci zvol\u00ed, bez p\u0159\u00edkazu k povinn\u00e9mu nebo materi\u00e1ln\u00edmu p\u0159\u00edsp\u011bvku.<\/span><\/p>\n<p><span>\u201eNeleg\u00e1ln\u00ed migrace je obrovskou v\u00fdzvou, p\u0159ed kterou EU stoj\u00ed, a je na\u0161\u00ed povinnost\u00ed ji \u0159e\u0161it p\u0159edev\u0161\u00edm v souladu se suver\u00e9nn\u00edmi z\u00e1jmy na\u0161\u00ed vlasti,\u201c dodal ministr zahrani\u010d\u00ed Juraj Blan\u00e1r. &#8222;Je t\u0159eba otev\u0159en\u011b p\u0159iznat, \u017ee ochrana schengensk\u00e9ho prostoru p\u0159ed neleg\u00e1ln\u00ed migrac\u00ed nen\u00ed dostate\u010dn\u00e1 a nov\u00fd migra\u010dn\u00ed pakt tento probl\u00e9m nevy\u0159e\u0161\u00ed.&#8220;<\/span><\/p>\n<p><span>Ma\u010farsk\u00fd premi\u00e9r Viktor Orb\u00e1n byl otev\u0159en\u011bj\u0161\u00ed, kdy\u017e ozna\u010dil p\u0159ijet\u00ed paktu za \u201edal\u0161\u00ed h\u0159eb\u00edk do evropsk\u00e9 rakve\u201c a trval na tom, \u017ee \u201ejednota je mrtv\u00e1\u201c v Unii.<\/span><\/p>\n<figure class=\"wp-block-embed is-type-rich is-provider-twitter wp-block-embed-twitter\">\n<div class=\"wp-block-embed__wrapper\">\n<div class=\"twitter-tweet twitter-tweet-rendered\"><iframe id=\"twitter-widget-0\" class=\"\" title=\"X Post\" src=\"https:\/\/platform.twitter.com\/embed\/Tweet.html?dnt=true&amp;embedId=twitter-widget-0&amp;features=eyJ0ZndfdGltZWxpbmVfbGlzdCI6eyJidWNrZXQiOltdLCJ2ZXJzaW9uIjpudWxsfSwidGZ3X2ZvbGxvd2VyX2NvdW50X3N1bnNldCI6eyJidWNrZXQiOnRydWUsInZlcnNpb24iOm51bGx9LCJ0ZndfdHdlZXRfZWRpdF9iYWNrZW5kIjp7ImJ1Y2tldCI6Im9uIiwidmVyc2lvbiI6bnVsbH0sInRmd19yZWZzcmNfc2Vzc2lvbiI6eyJidWNrZXQiOiJvbiIsInZlcnNpb24iOm51bGx9LCJ0ZndfZm9zbnJfc29mdF9pbnRlcnZlbnRpb25zX2VuYWJsZWQiOnsiYnVja2V0Ijoib24iLCJ2ZXJzaW9uIjpudWxsfSwidGZ3X21peGVkX21lZGlhXzE1ODk3Ijp7ImJ1Y2tldCI6InRyZWF0bWVudCIsInZlcnNpb24iOm51bGx9LCJ0ZndfZXhwZXJpbWVudHNfY29va2llX2V4cGlyYXRpb24iOnsiYnVja2V0IjoxMjA5NjAwLCJ2ZXJzaW9uIjpudWxsfSwidGZ3X3Nob3dfYmlyZHdhdGNoX3Bpdm90c19lbmFibGVkIjp7ImJ1Y2tldCI6Im9uIiwidmVyc2lvbiI6bnVsbH0sInRmd19kdXBsaWNhdGVfc2NyaWJlc190b19zZXR0aW5ncyI6eyJidWNrZXQiOiJvbiIsInZlcnNpb24iOm51bGx9LCJ0ZndfdXNlX3Byb2ZpbGVfaW1hZ2Vfc2hhcGVfZW5hYmxlZCI6eyJidWNrZXQiOiJvbiIsInZlcnNpb24iOm51bGx9LCJ0ZndfdmlkZW9faGxzX2R5bmFtaWNfbWFuaWZlc3RzXzE1MDgyIjp7ImJ1Y2tldCI6InRydWVfYml0cmF0ZSIsInZlcnNpb24iOm51bGx9LCJ0ZndfbGVnYWN5X3RpbWVsaW5lX3N1bnNldCI6eyJidWNrZXQiOnRydWUsInZlcnNpb24iOm51bGx9LCJ0ZndfdHdlZXRfZWRpdF9mcm9udGVuZCI6eyJidWNrZXQiOiJvbiIsInZlcnNpb24iOm51bGx9fQ%3D%3D&amp;frame=false&amp;hideCard=false&amp;hideThread=false&amp;id=1778329325407707241&amp;lang=cs&amp;origin=https%3A%2F%2Fwww.rmx.news%2Feuropean-union%2Feu-migration-pact-stokes-divisions-as-visegrad-nations-vow-to-defy-agreement-backed-by-western-europe%2F&amp;sessionId=34237cc7bd5e64aa452000b56593fe2d21f7461b&amp;theme=light&amp;widgetsVersion=2615f7e52b7e0%3A1702314776716&amp;width=550px\" frameborder=\"0\" scrolling=\"no\" allowfullscreen=\"allowfullscreen\" data-tweet-id=\"1778329325407707241\" data-mce-fragment=\"1\"><\/iframe><\/div>\n<\/div>\n<\/figure>\n<p><span>Polsk\u00fd premi\u00e9r Donald Tusk d\u00e1le zm\u00e1tl svou zemi pot\u00e9, co ve st\u0159edu ve\u010der podpo\u0159ili p\u0159ijet\u00ed paktu levicov\u00ed europoslanci, kte\u0159\u00ed Pol\u00e1ky ujistili, \u017ee princip solidarity s p\u0159ij\u00edm\u00e1n\u00edm migrant\u016f nebo placen\u00ed pokuty se na Polsko nevztahuje.<\/span><\/p>\n<p><span>Neposkytl \u017e\u00e1dn\u00e9 dal\u0161\u00ed vysv\u011btlen\u00ed, jak se Var\u0161ava hodl\u00e1 vyjmout z kl\u00ed\u010dov\u00e9ho mechanismu v r\u00e1mci legislativy.<\/span><\/p>\n<p><span>Ministr vnitra V\u00edt Raku\u0161an si jeho schv\u00e1len\u00ed pochvaloval a ozna\u010dil ho za \u201edobrou zpr\u00e1vu pro v\u0161echny, kte\u0159\u00ed sou\u010dasnou situaci v oblasti migrace nepova\u017euj\u00ed za uspokojivou.<\/span><\/p>\n<p><span>\u201eMigra\u010dn\u00ed pakt umo\u017en\u00ed efektivn\u011bj\u0161\u00ed ochranu vn\u011bj\u0161\u00edch hranic EU a rychlej\u0161\u00ed vyho\u0161\u0165ov\u00e1n\u00ed. Z\u00e1rove\u0148 nebude zavazovat \u017e\u00e1dnou \u010dlenskou zemi k p\u0159ij\u00edm\u00e1n\u00ed migrant\u016f na sv\u00e9m \u00fazem\u00ed,\u201c dodal s t\u00edm, \u017ee \u010dlensk\u00e9 st\u00e1ty by musely zaplatit 20 000 eur za migranta, kter\u00e9ho odm\u00edtnou.<\/span><\/p>\n<p><span>\u010cesk\u00e1 opozice byla s legislativou s\u017e\u00edrav\u011bj\u0161\u00ed, b\u00fdval\u00fd \u010desk\u00fd premi\u00e9r a l\u00eddr hnut\u00ed ANO Andrej Babi\u0161 obvinil liber\u00e1ly, kte\u0159\u00ed ji odhlasovali, z podpory skryt\u00fdch uprchlick\u00fdch kv\u00f3t.<\/span><\/p>\n<p><span>&#8222;Pakt byl p\u0159ipraven a vyjedn\u00e1n Raku\u0161anem a premi\u00e9rem Fialou v r\u00e1mci jejich \u0161\u00edlen\u00e9ho p\u0159edsednictv\u00ed EU,&#8220; \u0159ekl. \u201eNeleg\u00e1ln\u00ed migrace ohro\u017euje bezpe\u010dnost cel\u00e9 Evropy, ohro\u017euje na\u0161e hodnoty a zp\u016fsob, jak\u00fdm \u017eijeme,\u201c dodal Babi\u0161 a zopakoval sv\u00e9 p\u0159esv\u011bd\u010den\u00ed, \u017ee pakt nevy\u0159e\u0161\u00ed pokra\u010duj\u00edc\u00ed migra\u010dn\u00ed krizi.<\/span><\/p>\n<p><span>\u010cesk\u00fd europoslanec Tom\u00e1\u0161 Zdechovsk\u00fd ze soci\u00e1ln\u011b konzervativn\u00ed KDU-\u010cSL trv\u00e1 na tom, \u017ee dohoda o migraci \u201enen\u00ed dostate\u010dn\u011b ambici\u00f3zn\u00ed a efektivn\u011b ne\u0159e\u0161\u00ed probl\u00e9m neleg\u00e1ln\u00ed migrace do EU\u201c.<\/span><\/p>\n<p><span>Po \u010dervnov\u00fdch volb\u00e1ch do EU vyzval nov\u00fd Evropsk\u00fd parlament, aby \u201eznovu otev\u0159el a p\u0159ehodnotil n\u011bkter\u00e9 \u010d\u00e1sti\u201c paktu.<\/span><\/p>\n<p><span>Revize legislativy je velkou mo\u017enost\u00ed s o\u010dek\u00e1van\u00fdm n\u00e1r\u016fstem euroskeptick\u00fdch stran, kter\u00e9 zapln\u00ed Evropsk\u00fd parlament letos v l\u00e9t\u011b.<\/span><\/p>\n<p><span>Prominentn\u00ed francouz\u0161t\u00ed konzervativci v\u010detn\u011b Marine Le Penov\u00e9 a Jordana Bardelly, oba v\u016fdci N\u00e1rodn\u00edho shrom\u00e1\u017ed\u011bn\u00ed, u nich\u017e se p\u0159edpov\u00eddalo, \u017ee v nadch\u00e1zej\u00edc\u00edm hlasov\u00e1n\u00ed vyhraj\u00ed velk\u00e9 v\u00edt\u011bzstv\u00ed, sl\u00edbili, \u017ee pakt po l\u00e9t\u011b sestoup\u00ed, p\u0159i\u010dem\u017e prvn\u00ed jmenovan\u00e1 \u0159ekla sv\u00fdm X stoupenc\u016fm: \u201eUkon\u010d\u00edme k urychlen\u00e9mu prov\u00e1d\u011bn\u00ed politik na podporu a organizaci masov\u00e9 imigrace.&#8220;<\/span><\/p>\n<p><img decoding=\"async\" loading=\"lazy\" class=\"alignnone size-full wp-image-1185\" src=\"http:\/\/www.infokuryr.cz\/n\/wp-content\/uploads\/2021\/04\/kuryr-podpis.png\" alt=\"\" width=\"84\" height=\"24\" \/><\/p>\n<p>&nbsp;<\/p>\n<p>&nbsp;<\/p>\n","protected":false},"excerpt":{"rendered":"<p>Zat\u00edmco N\u011bmecko, It\u00e1lie a \u0158ecko pakt p\u0159iv\u00edtaly, Slovensko a Ma\u010farsko a v men\u0161\u00ed m\u00ed\u0159e i&#8230;<\/p>\n","protected":false},"author":2,"featured_media":31328,"comment_status":"closed","ping_status":"closed","sticky":false,"template":"","format":"standard","meta":[],"categories":[7],"tags":[41,989,5849],"_links":{"self":[{"href":"https:\/\/www.infokuryr.cz\/n\/wp-json\/wp\/v2\/posts\/51473"}],"collection":[{"href":"https:\/\/www.infokuryr.cz\/n\/wp-json\/wp\/v2\/posts"}],"about":[{"href":"https:\/\/www.infokuryr.cz\/n\/wp-json\/wp\/v2\/types\/post"}],"author":[{"embeddable":true,"href":"https:\/\/www.infokuryr.cz\/n\/wp-json\/wp\/v2\/users\/2"}],"replies":[{"embeddable":true,"href":"https:\/\/www.infokuryr.cz\/n\/wp-json\/wp\/v2\/comments?post=51473"}],"version-history":[{"count":0,"href":"https:\/\/www.infokuryr.cz\/n\/wp-json\/wp\/v2\/posts\/51473\/revisions"}],"wp:featuredmedia":[{"embeddable":true,"href":"https:\/\/www.infokuryr.cz\/n\/wp-json\/wp\/v2\/media\/31328"}],"wp:attachment":[{"href":"https:\/\/www.infokuryr.cz\/n\/wp-json\/wp\/v2\/media?parent=51473"}],"wp:term":[{"taxonomy":"category","embeddable":true,"href":"https:\/\/www.infokuryr.cz\/n\/wp-json\/wp\/v2\/categories?post=51473"},{"taxonomy":"post_tag","embeddable":true,"href":"https:\/\/www.infokuryr.cz\/n\/wp-json\/wp\/v2\/tags?post=51473"}],"curies":[{"name":"wp","href":"https:\/\/api.w.org\/{rel}","templated":true}]}}