{"id":51451,"date":"2024-04-12T07:29:55","date_gmt":"2024-04-12T05:29:55","guid":{"rendered":"https:\/\/www.infokuryr.cz\/n\/?p=51451"},"modified":"2024-04-12T07:29:55","modified_gmt":"2024-04-12T05:29:55","slug":"francouzske-namornictvo-se-pripravuje-na-valku","status":"publish","type":"post","link":"https:\/\/www.infokuryr.cz\/n\/2024\/04\/12\/francouzske-namornictvo-se-pripravuje-na-valku\/","title":{"rendered":"Francouzsk\u00e9 n\u00e1mo\u0159nictvo se p\u0159ipravuje na v\u00e1lku"},"content":{"rendered":"<div id=\"fb-root\"><\/div>\n<p><span style=\"font-size: 18pt;\"><strong>Marine Nationale tr\u00e9nuje, aby \u010delila protivn\u00edkovi, \u201ekter\u00fd n\u00e1s chce zni\u010dit,\u201c \u0159ekl jeden z vy\u0161\u0161\u00edch d\u016fstojn\u00edk\u016f<\/strong><\/span><\/p>\n<p><span>Kontradmir\u00e1l Jacques Mallard pro Politico \u0159ekl, \u017ee Francie p\u0159esunula sv\u016fj n\u00e1mo\u0159n\u00ed postoj od zadr\u017eov\u00e1n\u00ed obchodn\u00edk\u016f s drogami a pytl\u00e1k\u016f na v\u00fdcvik pro konven\u010dn\u00ed v\u00e1lku.<\/span><\/p>\n<p><span>Mallard vel\u00ed jedin\u00e9 francouzsk\u00e9 bitevn\u00ed skupin\u011b letadlov\u00fdch lod\u00ed, postaven\u00e9 kolem nukle\u00e1rn\u00edho Charlese de Gaulla. O zm\u011bn\u00e1ch hovo\u0159il v exkluzivn\u00edm rozhovoru pro st\u0159ede\u010dn\u00ed unijn\u00ed vyd\u00e1n\u00ed Politico.<\/span><\/p>\n<p><em><span>&#8222;Posouv\u00e1me se ze sv\u011bta, kde jsme mohli d\u011blat, co jsme cht\u011bli, do sv\u011bta, kde se c\u00edt\u00edme ohro\u017eeni pravideln\u011bji,&#8220;<\/span><\/em><span>\u00a0\u0159ekl Mallard.\u00a0<\/span><em><span>&#8222;Nyn\u00ed tr\u00e9nujeme na dal\u0161\u00ed mise, zejm\u00e9na na to, \u010demu \u0159\u00edk\u00e1me v\u00e1l\u010den\u00ed s vysokou intenzitou.&#8220;<\/span><\/em><\/p>\n<p><em><span>&#8222;N\u00e1mo\u0159n\u00ed boj je st\u00e1le pravd\u011bpodobn\u011bj\u0161\u00ed,&#8220;<\/span><\/em><span>\u00a0\u0159ekl a francouz\u0161t\u00ed n\u00e1mo\u0159n\u00edci nyn\u00ed cvi\u010d\u00ed boj proti\u00a0<\/span><em><span>&#8222;n\u011bkomu, kdo n\u00e1s chce zni\u010dit.&#8220; Ne n\u011bkoho, kdo chce nez\u00e1konn\u011b obchodovat, ne n\u011bkoho, kdo chce kr\u00e1st ryby.&#8220;<\/span><\/em><\/p>\n<p><span>Vzhledem k tomu, \u017ee rusk\u00e9 n\u00e1mo\u0159nictvo se anga\u017euje v \u010cern\u00e9m mo\u0159i a H\u00fas\u00edov\u00e9 v Jemenu zastavuj\u00ed plavidla spojen\u00e1 s Izraelem, USA a Velkou Brit\u00e1ni\u00ed v Rud\u00e9m mo\u0159i, mus\u00ed se z\u00e1padn\u00ed n\u00e1mo\u0159nictvo vypo\u0159\u00e1dat se\u00a0<\/span><em><span>\u201est\u00e1le neomezen\u00fdmi konkurenty,\u201c<\/span><\/em><span>\u00a0\u0159ekl Mallard.<\/span><\/p>\n<p><em><span>&#8222;Tam se st\u00e1v\u00e1me trochu agresivn\u011bj\u0161\u00edmi, nebo se na to alespo\u0148 p\u0159ipravujeme,&#8220;<\/span><\/em><span>\u00a0\u00a0dodal admir\u00e1l.<\/span><\/p>\n<p><span>Podle Mallarda se francouzsk\u00e9 a italsk\u00e9 n\u00e1mo\u0159nictvo koncem tohoto jara zapoj\u00ed do spole\u010dn\u00e9ho cvi\u010den\u00ed zalo\u017een\u00e9ho na programu \u201aPolaris\u2018, kter\u00fd simuluje n\u00e1mo\u0159n\u00ed bitvu. Bojov\u00e1 simulace, kter\u00e1 byla p\u0159edstavena v roce 2021, funguje tak, aby\u00a0<\/span><em><span>\u201eznemo\u017enila taktick\u00e9 my\u0161len\u00ed\u201c,<\/span><\/em><span>\u00a0kter\u00e9 Mallard popsal jako\u00a0<\/span><em><span>\u201etrochu riskantn\u011bj\u0161\u00ed, ale velmi u\u017eite\u010dn\u00e9\u201c.<\/span><\/em><\/p>\n<p><span>Zat\u00edmco admir\u00e1l nejmenoval o\u010dek\u00e1van\u00e9ho nep\u0159\u00edtele, dal jasn\u011b najevo, \u017ee to nen\u00ed n\u00e1mo\u0159nictvo lidov\u00e9 osvobozeneck\u00e9 arm\u00e1dy.<\/span><\/p>\n<p><em><span>&#8222;Dokud \u010c\u00ed\u0148an\u00e9 nenapadli ostrov La R\u00e9union nebo se nerozhodli vykopnout n\u00e1s z ostrova Mayotte,&#8220;<\/span><\/em><span>\u00a0\u0159ekl a jmenoval dv\u011b francouzsk\u00e1 \u00fazem\u00ed v Indick\u00e9m oce\u00e1nu,\u00a0<\/span><em><span>&#8222;nen\u00ed d\u016fvod vyzdvihovat \u010c\u00ed\u0148any jako na\u0161e hlavn\u00edho protivn\u00edka.&#8220;<\/span><\/em><\/p>\n<p><span>Mallardovy koment\u00e1\u0159e p\u0159ich\u00e1zej\u00ed po t\u00fddnech, kdy francouzsk\u00fd prezident Emmanuel Macron nadn\u00e1\u0161el my\u0161lenku, \u017ee by na Ukrajin\u011b mohly b\u00fdt boty NATO. V\u011bt\u0161ina \u2013 i kdy\u017e ne v\u0161ichni \u2013 \u010dlenov\u00e9 bloku veden\u00e9ho USA tuto mo\u017enost p\u0159\u00edmo odm\u00edtla.<\/span><\/p>\n<p><img decoding=\"async\" loading=\"lazy\" class=\"alignnone size-full wp-image-1185\" src=\"http:\/\/www.infokuryr.cz\/n\/wp-content\/uploads\/2021\/04\/kuryr-podpis.png\" alt=\"\" width=\"84\" height=\"24\" \/><\/p>\n<p>&nbsp;<\/p>\n<p>&nbsp;<\/p>\n","protected":false},"excerpt":{"rendered":"<p>Marine Nationale tr\u00e9nuje, aby \u010delila protivn\u00edkovi, \u201ekter\u00fd n\u00e1s chce zni\u010dit,\u201c \u0159ekl jeden z vy\u0161\u0161\u00edch d\u016fstojn\u00edk\u016f&#8230;<\/p>\n","protected":false},"author":2,"featured_media":51452,"comment_status":"closed","ping_status":"closed","sticky":false,"template":"","format":"standard","meta":[],"categories":[7],"tags":[1363,130,3769,40],"_links":{"self":[{"href":"https:\/\/www.infokuryr.cz\/n\/wp-json\/wp\/v2\/posts\/51451"}],"collection":[{"href":"https:\/\/www.infokuryr.cz\/n\/wp-json\/wp\/v2\/posts"}],"about":[{"href":"https:\/\/www.infokuryr.cz\/n\/wp-json\/wp\/v2\/types\/post"}],"author":[{"embeddable":true,"href":"https:\/\/www.infokuryr.cz\/n\/wp-json\/wp\/v2\/users\/2"}],"replies":[{"embeddable":true,"href":"https:\/\/www.infokuryr.cz\/n\/wp-json\/wp\/v2\/comments?post=51451"}],"version-history":[{"count":0,"href":"https:\/\/www.infokuryr.cz\/n\/wp-json\/wp\/v2\/posts\/51451\/revisions"}],"wp:featuredmedia":[{"embeddable":true,"href":"https:\/\/www.infokuryr.cz\/n\/wp-json\/wp\/v2\/media\/51452"}],"wp:attachment":[{"href":"https:\/\/www.infokuryr.cz\/n\/wp-json\/wp\/v2\/media?parent=51451"}],"wp:term":[{"taxonomy":"category","embeddable":true,"href":"https:\/\/www.infokuryr.cz\/n\/wp-json\/wp\/v2\/categories?post=51451"},{"taxonomy":"post_tag","embeddable":true,"href":"https:\/\/www.infokuryr.cz\/n\/wp-json\/wp\/v2\/tags?post=51451"}],"curies":[{"name":"wp","href":"https:\/\/api.w.org\/{rel}","templated":true}]}}