{"id":51429,"date":"2024-04-12T00:33:04","date_gmt":"2024-04-11T22:33:04","guid":{"rendered":"https:\/\/www.infokuryr.cz\/n\/?p=51429"},"modified":"2024-04-11T22:32:05","modified_gmt":"2024-04-11T20:32:05","slug":"eva-hrindova-volit-proti-pirstanu-je-zasluzny-cin","status":"publish","type":"post","link":"https:\/\/www.infokuryr.cz\/n\/2024\/04\/12\/eva-hrindova-volit-proti-pirstanu-je-zasluzny-cin\/","title":{"rendered":"Eva Hrindov\u00e1: Volit proti PirStanu je z\u00e1slu\u017en\u00fd \u010din!"},"content":{"rendered":"<div id=\"fb-root\"><\/div>\n<p><strong>V\u0161imli jste si, jak u\u017e covid nen\u00ed t\u00e9ma? Tak stra\u0161n\u00e1 nemoc, kter\u00e1 zav\u00edrala hranice, u\u017e nen\u00ed nebezpe\u010dn\u00e1. Potvrzuje se jen jedin\u00e9, cel\u00e9 to byla medi\u00e1ln\u00ed bublina na oblbnut\u00ed lid\u00ed a na vyd\u011bl\u00e1v\u00e1n\u00ed pen\u011bz. Jestli tohle lidem neotev\u0159elo o\u010di, tak u\u017e nev\u00edm&#8230;<\/strong><\/p>\n<p>Jedin\u011b snad medi\u00e1ln\u00ed v\u00fdstupy pan\u00ed Nerudov\u00e9. Ka\u017ed\u00fd \u010dlov\u011bk s rozumem v hlav\u011b si mus\u00ed kl\u00e1st ot\u00e1zku: Jak tato pan\u00ed mohla b\u00fdt rektorkou univerzity a regul\u00e9rn\u011b z\u00edskat tolik procent v prezidentsk\u00e9 volb\u011b? Co jsme ud\u011blali \u0161patn\u011b? Kde se stala chyba? Jak je mo\u017en\u00e9, \u017ee takto povrchn\u00ed lid\u00e9 bez schopnosti vid\u011bt v\u011bci v kontextu, mohou z\u00edsk\u00e1vat funkce s vlivem na spole\u010dnost?<\/p>\n<p>Jestli dnes n\u011bkdo, kdo vid\u00ed ten marasmus, ze zoufalstv\u00ed a frustrace nep\u016fjde k eurovolb\u00e1m, je to je\u0161t\u011b v\u011bt\u0161\u00ed idiot ne\u017e ti, kte\u0159\u00ed jsou zdrojem jeho frustrace. Eurovolby jsou \u0161ance, jak pomaten\u00e9 \u0161\u00edlence vypr\u00e1skat z placen\u00fdch funkc\u00ed. Je t\u0159eba vyu\u017e\u00edt KA\u017dD\u00c9 p\u0159\u00edle\u017eitosti, jak magor\u016fm omezovat jejich vliv. I kdy\u017e uzn\u00e1v\u00e1m, \u017ee to p\u016fjde pomalu a t\u011b\u017eko.<\/p>\n<p><a href=\"https:\/\/stranapro.cz\/\"><img decoding=\"async\" loading=\"lazy\" class=\"alignnone wp-image-40285 aligncenter\" src=\"http:\/\/www.infokuryr.cz\/n\/wp-content\/uploads\/2023\/11\/11pro-300x79.png\" alt=\"\" width=\"581\" height=\"153\" srcset=\"https:\/\/www.infokuryr.cz\/n\/wp-content\/uploads\/2023\/11\/11pro-300x79.png 300w, https:\/\/www.infokuryr.cz\/n\/wp-content\/uploads\/2023\/11\/11pro.png 363w\" sizes=\"(max-width: 581px) 100vw, 581px\" \/><\/a><\/p>\n<p>Sledovat vl\u00e1dn\u00ed politiky a jejich argumentaci u\u017e nelze bez podpory antidepresiv jak\u00e9hokoliv druhu. St\u00e1le jim na jejich stra\u0161en\u00ed &#8222;Ruskem&#8220;, stra\u0161en\u00ed &#8222;populismem&#8220; a stra\u0161en\u00ed \u010d\u00edmkoliv od \u010dern\u00e9ho ka\u0161le po Babi\u0161e naskakuje velk\u00e9 mno\u017estv\u00ed lid\u00ed.<\/p>\n<p>Eurovolby s n\u00edzkou volebn\u00ed \u00fa\u010dast\u00ed jsou dal\u0161\u00ed p\u0159\u00edle\u017eitost, jak jich p\u00e1r poslat k norm\u00e1ln\u00ed pr\u00e1ci. Sta\u010d\u00ed se pod\u00edvat na Slovensko, co zap\u0159\u00ed\u010dinila vy\u0161\u0161\u00ed volebn\u00ed \u00fa\u010dast. Libtardi se tam dnes sv\u00edj\u00ed v krut\u00fdch bolestech a to stoj\u00ed za ten pohled.\u00a0Nebojme se toho a napodobme Slov\u00e1ky!<\/p>\n<p>P.S.: Pir\u00e1ti maj\u00ed 10 % preferenc\u00ed! Uv\u011bdomte si, \u017ee s vy\u0161\u0161\u00ed \u00fa\u010dast\u00ed bude jejich vliv sl\u00e1bnout. Politici na n\u00edzkou volebn\u00ed \u00fa\u010dast spol\u00e9haj\u00ed a vysok\u00e9 \u00fa\u010dasti se boj\u00ed jak \u010dert k\u0159\u00ed\u017ee. Vystra\u0161me je! Nechodit k volb\u00e1m je p\u0159\u00edm\u00e1 podpora Pir\u00e1t\u016f a jin\u00e9 chamradi. Myslete na to!<\/p>\n<p><img decoding=\"async\" loading=\"lazy\" class=\"alignnone size-full wp-image-1185\" src=\"http:\/\/www.infokuryr.cz\/n\/wp-content\/uploads\/2021\/04\/kuryr-podpis.png\" alt=\"\" width=\"84\" height=\"24\" \/><\/p>\n<p>&nbsp;<\/p>\n","protected":false},"excerpt":{"rendered":"<p>V\u0161imli jste si, jak u\u017e covid nen\u00ed t\u00e9ma? Tak stra\u0161n\u00e1 nemoc, kter\u00e1 zav\u00edrala hranice, u\u017e&#8230;<\/p>\n","protected":false},"author":2,"featured_media":51430,"comment_status":"closed","ping_status":"closed","sticky":false,"template":"","format":"standard","meta":[],"categories":[6],"tags":[126,23,1503],"_links":{"self":[{"href":"https:\/\/www.infokuryr.cz\/n\/wp-json\/wp\/v2\/posts\/51429"}],"collection":[{"href":"https:\/\/www.infokuryr.cz\/n\/wp-json\/wp\/v2\/posts"}],"about":[{"href":"https:\/\/www.infokuryr.cz\/n\/wp-json\/wp\/v2\/types\/post"}],"author":[{"embeddable":true,"href":"https:\/\/www.infokuryr.cz\/n\/wp-json\/wp\/v2\/users\/2"}],"replies":[{"embeddable":true,"href":"https:\/\/www.infokuryr.cz\/n\/wp-json\/wp\/v2\/comments?post=51429"}],"version-history":[{"count":1,"href":"https:\/\/www.infokuryr.cz\/n\/wp-json\/wp\/v2\/posts\/51429\/revisions"}],"predecessor-version":[{"id":51431,"href":"https:\/\/www.infokuryr.cz\/n\/wp-json\/wp\/v2\/posts\/51429\/revisions\/51431"}],"wp:featuredmedia":[{"embeddable":true,"href":"https:\/\/www.infokuryr.cz\/n\/wp-json\/wp\/v2\/media\/51430"}],"wp:attachment":[{"href":"https:\/\/www.infokuryr.cz\/n\/wp-json\/wp\/v2\/media?parent=51429"}],"wp:term":[{"taxonomy":"category","embeddable":true,"href":"https:\/\/www.infokuryr.cz\/n\/wp-json\/wp\/v2\/categories?post=51429"},{"taxonomy":"post_tag","embeddable":true,"href":"https:\/\/www.infokuryr.cz\/n\/wp-json\/wp\/v2\/tags?post=51429"}],"curies":[{"name":"wp","href":"https:\/\/api.w.org\/{rel}","templated":true}]}}