{"id":51398,"date":"2024-04-11T11:46:31","date_gmt":"2024-04-11T09:46:31","guid":{"rendered":"https:\/\/www.infokuryr.cz\/n\/?p=51398"},"modified":"2024-04-11T11:46:53","modified_gmt":"2024-04-11T09:46:53","slug":"michael-svatos-sok-brusel-vymyslel-ze-cesi-maji-eu-pomoci-splacet-miliardove-uroky-z-pujcek-ktere","status":"publish","type":"post","link":"https:\/\/www.infokuryr.cz\/n\/2024\/04\/11\/michael-svatos-sok-brusel-vymyslel-ze-cesi-maji-eu-pomoci-splacet-miliardove-uroky-z-pujcek-ktere\/","title":{"rendered":"Michael Svato\u0161: \u0160OK! Brusel vymyslel, \u017ee \u010ce\u0161i maj\u00ed EU pomoci spl\u00e1cet miliardov\u00e9 \u00faroky z p\u016fj\u010dek, kter\u00e9&#8230;"},"content":{"rendered":"<div id=\"fb-root\"><\/div>\n<p><span style=\"font-size: 14pt; color: #800080;\"><strong>\u0160OK! Brusel vymyslel, \u017ee \u010ce\u0161i maj\u00ed EU pomoci spl\u00e1cet miliardov\u00e9 \u00faroky z p\u016fj\u010dek, kter\u00e9 nechaly rozkr\u00e1st vl\u00e1dy It\u00e1lie a Slovenska! Italov\u00e9 p\u0159itom rozkradli v\u00edc miliard, ne\u017e \u010ce\u0161i od roku 2021 z Bruselu dostali!!<\/strong><\/span><\/p>\n<p>Naprostou jobovku\u00a0<a href=\"https:\/\/twitter.com\/fiser_damijan\/status\/1777965455409308095\">zve\u0159ejnil<\/a>\u00a0v\u010dera Tony Murphy,\u00a0<a href=\"https:\/\/en.wikipedia.org\/wiki\/European_Court_of_Auditors\">\u0161\u00e9f Nejvy\u0161\u0161\u00edho kontroln\u00edho \u00fa\u0159adu EU<\/a>! Podle Murphyho v Bruselsk\u00e9 pokladn\u011b aktu\u00e1ln\u011b chyb\u00ed 17 a\u017e 27 miliard EUR, (425 a\u017e 675 miliard CZK), kter\u00e9 bude t\u0159eba brzy zaplatit za \u00faroky z bruselsk\u00fdch bankovn\u00edch p\u016fj\u010dek! A nikdo v Bruselu ani netu\u0161\u00ed, kde na to vz\u00edt!<\/p>\n<p>Podle Murphyho je\u0161t\u011b v\u011bt\u0161\u00ed probl\u00e9m spo\u010d\u00edv\u00e1 v tom, \u017ee velk\u00e1 \u010d\u00e1st t\u011bchto bruselsk\u00fdch p\u016fj\u010dek, za kter\u00e9 je t\u0159eba za\u010d\u00edt platit bank\u00e9\u0159\u016fm \u00faroky, byla rozkradena. Nap\u0159\u00edklad jen jedin\u00fd italsko-slovensk\u00fd zlo\u010dineck\u00fd gang ukradl 600 milion\u016f EUR, (15 miliard CZK)! Vl\u00e1dy It\u00e1lie a Slovenska podle Murphyho v\u016fbec nekontrovaly, komu tyto miliony EUR pos\u00edlaj\u00ed na \u00fa\u010dty, a co se nimi d\u011bje, a co si za n\u011b zlo\u010dinci po\u0159izuj\u00ed! Ob\u011b rafinovan\u00e9 vl\u00e1dy slo\u017een\u00e9 v letech 2021\/22 v\u00fdlu\u010dn\u011b z Eurokrat\u016f, kte\u0159\u00ed se tak r\u00e1di v m\u00e9di\u00edch zakl\u00ednali\u00a0 bojem proti korupci sv\u00fdch politick\u00fdch oponent\u016f, a sna\u017eili se je pozat\u00fdkat, z\u00e1rove\u0148 v letech 2021\/22 poslaly tyto rozkraden\u00e9 miliony EUR na \u00fa\u010dty zlo\u010dinc\u016f na z\u00e1klad\u011b jejich po\u017eadavk\u016f od\u016fvodn\u011bn\u00fdch pouze naprosto fale\u0161n\u00fdmi \u00fadaji, kter\u00e9 zlo\u010dinci ob\u011bma vl\u00e1d\u00e1m poslali v roce 2021. Na Slovensku tehdy \u00fa\u0159adovali Matovi\u010d a Heger!\u00a0 Co se s t\u011bmito dotacemi d\u011blo, \u017e\u00e1dn\u00fd tehdej\u0161\u00ed vl\u00e1dn\u00ed \u00fa\u0159edn\u00edk nijak nekontroloval! Jakmile zlo\u010dinci dostali miliony na sv\u00e9 \u00fa\u010dty, vym\u011bnili je za kryptom\u011bny, a nakupovali si luxusn\u00ed odm\u011bny \u2013 viz\u00a0<a href=\"https:\/\/www.eppo.europa.eu\/en\/news\/investigation-resilient-crime-22-arrests-raid-against-criminal-organisation-suspected-eu600\">foto ze z\u00e1sahu proti zlo\u010dinc\u016fm v It\u00e1lii a na Slovensku<\/a>! Kam ov\u0161em v\u0161echny miliardy zmizely, nikdo netu\u0161\u00ed!<\/p>\n<div id=\"attachment_10120\" class=\"wp-caption aligncenter\" style=\"width: 719px;\">\n<p><img decoding=\"async\" loading=\"lazy\" class=\" wp-image-10120\" src=\"https:\/\/www.michalapetr.com\/wp-content\/uploads\/2024\/04\/2024-04-04-Venice-2-PIC.jpg\" sizes=\"(max-width: 991px) 100vw, 991px\" srcset=\"https:\/\/www.michalapetr.com\/wp-content\/uploads\/2024\/04\/2024-04-04-Venice-2-PIC.jpg 991w, https:\/\/www.michalapetr.com\/wp-content\/uploads\/2024\/04\/2024-04-04-Venice-2-PIC-300x169.jpg 300w, https:\/\/www.michalapetr.com\/wp-content\/uploads\/2024\/04\/2024-04-04-Venice-2-PIC-768x432.jpg 768w, https:\/\/www.michalapetr.com\/wp-content\/uploads\/2024\/04\/2024-04-04-Venice-2-PIC-705x396.jpg 705w, https:\/\/www.michalapetr.com\/wp-content\/uploads\/2024\/04\/2024-04-04-Venice-2-PIC-450x253.jpg 450w\" alt=\"\" width=\"719\" height=\"404\" aria-describedby=\"caption-attachment-10120\" \/><\/p>\n<p id=\"caption-attachment-10120\" class=\"wp-caption-text\">Italsk\u00e1 a Slovensk\u00e1 vl\u00e1da v roce 2021 nekontrolovaly komu jejich \u00fa\u0159edn\u00edci pos\u00edlali des\u00edtky miliard z bruselsk\u00fdch dotac\u00ed. Zlo\u010dinci si za n\u011b nakupovali jen luxusn\u00ed zbo\u017e\u00ed a nikoho to nezaj\u00edmalo! \u00daroky z bruselsk\u00fdch bankovn\u00edch p\u016fj\u010dek, kter\u00e9 byly Italy a Slov\u00e1ky rozkradeny, (a\u017e 27 miliard EUR), maj\u00ed spl\u00e1cet i \u010ce\u0161i, proto\u017ee Brusel na to nem\u00e1 pen\u00edze!!!<\/p>\n<\/div>\n<p>Podle\u00a0<a href=\"https:\/\/www.eppo.europa.eu\/sites\/default\/files\/2024-03\/EPPO_Annual_Report_2023.pdf\">\u00fadaj\u016f zve\u0159ejn\u011bn\u00fdch p\u0159ed p\u00e1r dny \u00da\u0159adem Ve\u0159ejn\u00e9ho Prokur\u00e1tora EU<\/a>\u00a0byly jen loni na Slovensku odhaleny loupe\u017ee dotac\u00ed v celkov\u00e9 v\u00fd\u0161i 482 milion\u016f EUR, 12 miliard CZK! V It\u00e1lii za 6 miliard EUR, 150 miliard CZK, a v \u010cesku za 2.3 miliardy CZK!<\/p>\n<p><a href=\"https:\/\/stranapro.cz\/\"><img decoding=\"async\" loading=\"lazy\" class=\"alignnone wp-image-40285 aligncenter\" src=\"http:\/\/www.infokuryr.cz\/n\/wp-content\/uploads\/2023\/11\/11pro-300x79.png\" alt=\"\" width=\"665\" height=\"175\" srcset=\"https:\/\/www.infokuryr.cz\/n\/wp-content\/uploads\/2023\/11\/11pro-300x79.png 300w, https:\/\/www.infokuryr.cz\/n\/wp-content\/uploads\/2023\/11\/11pro.png 363w\" sizes=\"(max-width: 665px) 100vw, 665px\" \/><\/a><\/p>\n<p>\u010ce\u0161i by m\u011bli zpozorn\u011bt, ne\u017e p\u016fjdou k Euro-volb\u00e1m! \u010cesk\u00e1 republika dostala z p\u016fj\u010dky, za kterou nyn\u00ed budou muset v\u0161echny zem\u011b EU za\u010d\u00edt platit \u00faroky,<a href=\"https:\/\/english.radio.cz\/brussels-approves-czk-180-billion-eu-funds-czech-national-recovery-plan-8723459\">\u00a0jen 180 miliard CZK<\/a>, tedy cca 16 500 CZK na obyvatele \u010cR! Italov\u00e9 ale z p\u016fj\u010dky dostali 4.8 bilion\u016f CZK, cca 81 200 CZK\u00a0<a href=\"https:\/\/it.wikipedia.org\/wiki\/Italia\">na Itala<\/a>, a nav\u00edc Italov\u00e9 150 miliard CZK, cca 2500 CZK na Itala, u\u017e z p\u016fj\u010dky rozkradli! Italov\u00e9 rozkradli 83% v\u0161ech dotac\u00ed, kter\u00e9 ze spole\u010dn\u00e9 bruselsk\u00e9 p\u016fj\u010dky dostali \u010ce\u0161i! Italov\u00e9 dostali z p\u016fj\u010dky o 64 700 CZK v\u00edc na ka\u017edou hlavu ne\u017e \u010ce\u0161i! Ale \u010ce\u0161i maj\u00ed spl\u00e1cet za Italy, nejen tyto jejich rozkraden\u00e9 p\u016fj\u010dky, ale i \u00faroky z nich!!!<\/p>\n<p>A pozor! V Bruselu se u\u017e zrodil nov\u00fd pl\u00e1n, jak rozkraden\u00e9 p\u016fj\u010dky a \u00faroky z nich splatit!! Italsk\u00fd evropsk\u00fd komisa\u0159 Paolo Gentiloni\u00a0<a href=\"https:\/\/www.euractiv.com\/section\/economy-jobs\/news\/recovery-fund-should-be-blueprint-for-permanent-joint-borrowing-eu-commission-economy-chief-says\/\">v \u00fater\u00fd 9. dubna ozn\u00e1mil<\/a>, \u017ee Brusel bude ka\u017ed\u00fd dal\u0161\u00ed rok nal\u00e9hav\u011b pot\u0159ebovat dodate\u010dn\u00fdch nejm\u00e9n\u011b 650 miliard EUR, (16.2 bilionu CZK, cca 210% cel\u00e9ho \u010desk\u00e9ho HDP), aby mohl spl\u00e1cet \u00faroky z rozkraden\u00fdch p\u016fj\u010dek, a financovat Green Deal, a v\u00e1lku na Ukrajin\u011b!!!! \u0160\u00e9f Nejvy\u0161\u0161\u00edho kontroln\u00edho \u00fa\u0159adu EU Murphy\u00a0<a href=\"https:\/\/www.euractiv.com\/section\/economy-jobs\/interview\/e600m-italy-recovery-fund-fraud-likely-to-be-repeated-eu-audit-chief-warns\/?utm_source=Euractiv&amp;utm_campaign=1b140f267b-EMAIL_CAMPAIGN_2024_03_15_11_14_COPY_01&amp;utm_medium=email&amp;utm_term=0_-c120410112-%5BLIST_EMAIL_ID%5D\">k tomu vtipn\u011b poznamenal<\/a>, \u017ee n\u00e1zev fondu, kter\u00fd si miliardy u bank\u00e9\u0159\u016f p\u016fj\u010duje \u2013 Next Generation \u2013 vtipn\u011b vystihuje, kdo ty miliardy, kter\u00e9 se nekontrolovan\u011b rozkr\u00e1daj\u00ed, bude nakonec platit!!!<\/p>\n<p><img decoding=\"async\" loading=\"lazy\" class=\"wp-image-10131 aligncenter\" src=\"https:\/\/www.michalapetr.com\/wp-content\/uploads\/2024\/04\/9fdd9dffade3ef676a2c0368c04d1836.jpg\" sizes=\"(max-width: 960px) 100vw, 960px\" srcset=\"https:\/\/www.michalapetr.com\/wp-content\/uploads\/2024\/04\/9fdd9dffade3ef676a2c0368c04d1836.jpg 960w, https:\/\/www.michalapetr.com\/wp-content\/uploads\/2024\/04\/9fdd9dffade3ef676a2c0368c04d1836-300x169.jpg 300w, https:\/\/www.michalapetr.com\/wp-content\/uploads\/2024\/04\/9fdd9dffade3ef676a2c0368c04d1836-768x432.jpg 768w, https:\/\/www.michalapetr.com\/wp-content\/uploads\/2024\/04\/9fdd9dffade3ef676a2c0368c04d1836-705x397.jpg 705w, https:\/\/www.michalapetr.com\/wp-content\/uploads\/2024\/04\/9fdd9dffade3ef676a2c0368c04d1836-450x253.jpg 450w\" alt=\"\" width=\"773\" height=\"435\" \/><\/p>\n<p>A\u017e p\u016fjdete volit \u2013 volte obez\u0159etn\u011b!\u00a0<a href=\"https:\/\/english.radio.cz\/brussels-approves-czk-180-billion-eu-funds-czech-national-recovery-plan-8723459\">D\u00edky vl\u00e1d\u011b Andreje Agr\u00e1rn\u00edka dostala \u010cR z posledn\u00ed p\u016fj\u010dky<\/a>, kter\u00e1 se rozd\u011blovala v roce 2021 o 64 700 CZK m\u00e9n\u011b na ka\u017ed\u00e9ho obyvatele \u010cech, ne\u017e dostali Italov\u00e9 na ka\u017ed\u00e9ho Itala!!! D\u00edky vl\u00e1d\u011b nohsled\u016f fialov\u00e9ho profesora bude \u010cR nejen platit miliardov\u00e9 v\u00fdpaln\u00e9 za uprchl\u00edky, kter\u00e9 do na\u0161\u00ed zem\u011b brusel\u0161t\u00ed \u00fa\u0159edn\u00edci v budoucnu p\u0159id\u011bl\u00ed. Ale i miliardov\u00e9 dluhy za v\u00e1lku na Ukrajin\u011b, kter\u00e9 Brusel nasekal, a kter\u00e9 te\u010f nem\u00e1 z \u010deho platit!\u00a0 A je\u0161t\u011b k tomu hroz\u00ed, \u017ee \u010cR bude spl\u00e1cet i dal\u0161\u00ed miliardy za nov\u00e9 p\u016fj\u010dky, kter\u00e9 Brusel nyn\u00ed chyst\u00e1, aby m\u011bl z \u010deho platit sv\u00e9 dluhy, aby mohl spl\u00e1cet Italy rozkraden\u00e9 dotace, financovat nesmysln\u00fd Green Deal, a vypl\u00e1cet dal\u0161\u00ed bili\u00f3nov\u00e9 dotace It\u00e1lii, jen aby nezkrachovala, a nespustila tak dominov\u00fd efekt krachu cel\u00e9 EU!!! Jak zvol\u00edte, tak se budou m\u00edt Va\u0161e d\u011bti i vnou\u010data! Myslete na to, a nenechte se zviklat t\u011bmi, co rad\u00ed, k volb\u00e1m nej\u00edt!! Ur\u010dit\u011b t\u011b\u017ek\u00e1 volba. Le\u010d v roce 1939 si Vja\u010deslav Molotov\u00a0<a class=\"mfp-iframe lightbox-added\" href=\"https:\/\/www.youtube.com\/watch?v=GuxdJ9VA1cY\">p\u0159i podpisu smlouvy Buck passing II<\/a>\u00a0notoval s Joachimem Ribbentropem \u2013\u00a0<em>Z\u00e1kladn\u00ed probl\u00e9m svobodn\u00fdch voleb tkv\u00ed v tom, \u017ee nikdy nem\u00e1te jistotu, \u017ee v nich zv\u00edt\u011bz\u00edte!<\/em><\/p>\n<p>V ka\u017ed\u00e9m p\u0159\u00edpad\u011b je velmi podez\u0159el\u00e9, \u017ee v bruselsk\u00e9 kase chyb\u00ed podle Murphyho miliardy EUR, kdy\u017e Brusel z cel\u00e9 p\u016fj\u010dky Next Generation z roku 2021 ve v\u00fd\u0161i 723 miliard EUR, je\u0161t\u011b 500 miliard EUR dodnes ani nevyplatil!!! A \u017ee podle diplomat\u016f, n\u011bkter\u00e9 vl\u00e1dy ani o tyto miliardy u\u017e nestoj\u00ed,\u00a0<a href=\"https:\/\/www.politico.eu\/article\/capitals-call-on-the-eu-to-speed-up-post-pandemic-cash-transfers\/\">proto\u017ee jejich vyu\u017e\u00edv\u00e1n\u00ed Brusel \u201cp\u0159\u00edli\u0161 d\u016fsledn\u011b kontroluje<\/a>\u201c!!! Co tedy nyn\u00ed d\u011bl\u00e1 Fiala je zar\u00e1\u017eej\u00edc\u00ed \u2013 podle diplomat\u016f le\u017e\u00ed v Bruselu des\u00edtky vyp\u016fj\u010den\u00fdch miliard EUR, kter\u00e9 nikdo nechce, a Fiala se n\u011b nehl\u00e1s\u00ed!!! Italov\u00e9 z nich t\u0159eba zachr\u00e1nili sv\u00e9 hut\u011b, jak jsme informovali, a Fiala p\u0159itom ostravsk\u00e9 hut\u011b zachra\u0148ovat odm\u00edt\u00e1!! Nevypravit se do Bruselu, kdy\u017e tam \u00fadajn\u011b le\u017e\u00ed des\u00edtky miliard EUR, kter\u00e9 \u017e\u00e1dn\u00e1 vl\u00e1da nechce, a sou\u010dasn\u011b hl\u00e1sat, \u017ee nejsou pen\u00edze na v\u00fdstavbu byt\u016f pro mlad\u00e9 rodiny, aby se v \u010cesku rodily d\u011bti, tak to u\u017e je ale opravdu obskurn\u00ed fialov\u00e1 absurdita!<\/p>\n<p><a href=\"https:\/\/www.michalapetr.com\/map-1963-sok-brusel-vymyslel-ze-cesi-maji-eu-pomoci-splacet-miliardove-uroky-z-pujcek-ktere-nechaly-rozkrast-vlady-italie-a-slovenska-italove-pritom-rozkradli-vic-miliard-nez-cesi-od-roku-2021-z\/\">Michael Svato\u0161<\/a><\/p>\n<p><img decoding=\"async\" loading=\"lazy\" class=\"alignnone size-full wp-image-27204\" src=\"http:\/\/www.infokuryr.cz\/n\/wp-content\/uploads\/2023\/05\/Michael_Svatos.png\" alt=\"\" width=\"180\" height=\"180\" srcset=\"https:\/\/www.infokuryr.cz\/n\/wp-content\/uploads\/2023\/05\/Michael_Svatos.png 180w, https:\/\/www.infokuryr.cz\/n\/wp-content\/uploads\/2023\/05\/Michael_Svatos-150x150.png 150w\" sizes=\"(max-width: 180px) 100vw, 180px\" \/><\/p>\n<p>&nbsp;<\/p>\n<p>&nbsp;<\/p>\n","protected":false},"excerpt":{"rendered":"<p>\u0160OK! Brusel vymyslel, \u017ee \u010ce\u0161i maj\u00ed EU pomoci spl\u00e1cet miliardov\u00e9 \u00faroky z p\u016fj\u010dek, kter\u00e9 nechaly&#8230;<\/p>\n","protected":false},"author":2,"featured_media":31518,"comment_status":"closed","ping_status":"closed","sticky":false,"template":"","format":"standard","meta":[],"categories":[6],"tags":[1042,670,1181,41,99],"_links":{"self":[{"href":"https:\/\/www.infokuryr.cz\/n\/wp-json\/wp\/v2\/posts\/51398"}],"collection":[{"href":"https:\/\/www.infokuryr.cz\/n\/wp-json\/wp\/v2\/posts"}],"about":[{"href":"https:\/\/www.infokuryr.cz\/n\/wp-json\/wp\/v2\/types\/post"}],"author":[{"embeddable":true,"href":"https:\/\/www.infokuryr.cz\/n\/wp-json\/wp\/v2\/users\/2"}],"replies":[{"embeddable":true,"href":"https:\/\/www.infokuryr.cz\/n\/wp-json\/wp\/v2\/comments?post=51398"}],"version-history":[{"count":0,"href":"https:\/\/www.infokuryr.cz\/n\/wp-json\/wp\/v2\/posts\/51398\/revisions"}],"wp:featuredmedia":[{"embeddable":true,"href":"https:\/\/www.infokuryr.cz\/n\/wp-json\/wp\/v2\/media\/31518"}],"wp:attachment":[{"href":"https:\/\/www.infokuryr.cz\/n\/wp-json\/wp\/v2\/media?parent=51398"}],"wp:term":[{"taxonomy":"category","embeddable":true,"href":"https:\/\/www.infokuryr.cz\/n\/wp-json\/wp\/v2\/categories?post=51398"},{"taxonomy":"post_tag","embeddable":true,"href":"https:\/\/www.infokuryr.cz\/n\/wp-json\/wp\/v2\/tags?post=51398"}],"curies":[{"name":"wp","href":"https:\/\/api.w.org\/{rel}","templated":true}]}}