{"id":51395,"date":"2024-04-11T11:37:20","date_gmt":"2024-04-11T09:37:20","guid":{"rendered":"https:\/\/www.infokuryr.cz\/n\/?p=51395"},"modified":"2024-04-11T11:37:20","modified_gmt":"2024-04-11T09:37:20","slug":"jindrich-kulhavy-prolhana-a-nenavisti-prolezla-chatra","status":"publish","type":"post","link":"https:\/\/www.infokuryr.cz\/n\/2024\/04\/11\/jindrich-kulhavy-prolhana-a-nenavisti-prolezla-chatra\/","title":{"rendered":"Jind\u0159ich Kulhav\u00fd: Prolhan\u00e1 a nen\u00e1vist\u00ed prolezl\u00e1 ch\u00e1tra"},"content":{"rendered":"<div id=\"fb-root\"><\/div>\n<p><span class=\"anotation\">\u00a0Je neuv\u011b\u0159iteln\u00e9, kam jsme se dopracovali. Sou\u010dasn\u00e1 vl\u00e1dnouc\u00ed klika v\u00a0Evrop\u011b a v\u00a0na\u0161\u00ed republice pat\u0159\u00ed do za m\u0159\u00ed\u017ee, proto\u017ee bl\u00e1zinec by byl p\u0159\u00edli\u0161n\u00fdm milosrdenstv\u00edm. Zv\u016fle moci prolo\u017een\u00e1 naprosto zvrhlou ideologi\u00ed a ochota podvolovat se i t\u011bm nejstra\u0161ideln\u011bj\u0161\u00edm pl\u00e1n\u016fm u na\u0161ich pseudoelit n\u00e1s strh\u00e1v\u00e1 ke dnu. Nejstra\u0161n\u011bj\u0161\u00ed konspirace jsou realitou a je nepochopiteln\u00e9, kolik vzd\u011blan\u00fdch a na prvn\u00ed pohled inteligentn\u00edch lid\u00ed si odm\u00edt\u00e1 p\u0159ipou\u0161t\u011bt, \u017ee se stali sou\u010d\u00e1st\u00ed zmanipulovan\u00e9ho davu, slou\u017e\u00ed z\u00e1jm\u016fm mal\u00e9 vyvolen\u00e9 skupiny a jsou pod vlivem jejich \u010dasto naprosto hloup\u00fdch sluh\u016f.<\/span><\/p>\n<div id=\"pagetext\">\n<p>\u00a0 Evropsk\u00e1 unie a jej\u00ed \u0159\u00edd\u00edc\u00ed org\u00e1ny jsou zlo\u010dinn\u00e9 spol\u010den\u00ed parazituj\u00edc\u00ed na pr\u00e1ci obyvatel Evropy. Korpor\u00e1tn\u00ed kapitalismus ovl\u00e1dnul cel\u00fd Z\u00e1pad, tak\u017ee ani \u017eivot v\u00a0kdysi tak cen\u011bn\u00fdch lokalit\u00e1ch, jak\u00fdmi b\u00fdvaly Kanada, Austr\u00e1lie, Nov\u00fd Z\u00e9land nen\u00ed moment\u00e1ln\u011b nijak v\u00fdjime\u010dn\u011b pozitivn\u00ed. Samotn\u00e1 Evropa se tak dlouho vid\u011bla ve Spojen\u00fdch st\u00e1tech, a\u017e p\u0159estala vn\u00edmat tamn\u00ed realitu a p\u0159ehl\u00ed\u017e\u00ed jak jejich agresivn\u00ed politiku, tak i vnit\u0159n\u00ed probl\u00e9my. Evropsk\u00e1 unie je sdru\u017een\u00edm st\u00e1t\u016f ztr\u00e1cej\u00edc\u00edch samostatnost, nav\u00edc je v\u00a0n\u00ed naprost\u00e1 nerovnost mezi \u010dleny. Nen\u00e1vist pohrobk\u016f EHS k\u00a0nov\u00fdm zem\u00edm je st\u00e1le zjevn\u011bj\u0161\u00ed a projevuje se v\u00a0obrovsk\u00fdch rozd\u00edlech v\u00a0kvalit\u011b \u017eivota. Jej\u00ed pokles je sice patrn\u00fd nap\u0159\u00ed\u010d celou EU, ov\u0161em je evidentn\u00ed, \u017ee ve St\u0159edn\u00ed a V\u00fdchodn\u00ed Evrop\u011b zrychluje. Nejsme br\u00e1ni jako partne\u0159i, ale pouze jako hlup\u00e1ci poskytuj\u00edc\u00ed finan\u010dn\u00ed zdroje.<\/p>\n<p>Ob\u010dan\u00e9 \u010cesk\u00e9 republiky jsou zneu\u017e\u00edv\u00e1ni. Nejd\u0159\u00edve pro svou touhu p\u0159idat se k\u00a0Z\u00e1padu, pozd\u011bji pro ochotu prodat cokoliv, co by jim kr\u00e1tkodob\u011b dalo dojem bohatstv\u00ed. Kdy\u017e u\u017e nebylo co u n\u00e1s nakoupit, byli jsme obl\u00edben\u00ed jako levn\u00e1 n\u00e1mezdn\u00ed s\u00edla a jako z\u00e1kazn\u00edci schopn\u00ed p\u0159epl\u00e1cet naprosto nekvalitn\u00ed zbo\u017e\u00ed. Kruh se uzav\u00edr\u00e1 a zahrani\u010dn\u00ed obchodn\u00edci n\u00e1m odprod\u00e1vaj\u00ed zp\u011bt v\u0161e, co bylo kdysi na\u0161e a nyn\u00ed stoj\u00ed mnohon\u00e1sobek toho, za co to kdysi oni z\u00edskali. Jen to je \u010dasto v\u00a0je\u0161t\u011b hor\u0161\u00edm stavu. Nech\u00e1vaj\u00ed si je to, co denn\u011b pot\u0159ebujeme. T\u0159eba vodu. Postavit zp\u011bt \u010deskou ekonomiku na zdrav\u00e9 nohy je ve st\u0159edn\u011bdob\u00e9m v\u00fdhledu utopi\u00ed. Nav\u00edc k\u00a0tomu chyb\u00ed jak\u00e1koliv snaha.<\/p>\n<p><a href=\"https:\/\/stranapro.cz\/\"><img decoding=\"async\" loading=\"lazy\" class=\"alignnone  wp-image-40285 aligncenter\" src=\"http:\/\/www.infokuryr.cz\/n\/wp-content\/uploads\/2023\/11\/11pro-300x79.png\" alt=\"\" width=\"668\" height=\"176\" srcset=\"https:\/\/www.infokuryr.cz\/n\/wp-content\/uploads\/2023\/11\/11pro-300x79.png 300w, https:\/\/www.infokuryr.cz\/n\/wp-content\/uploads\/2023\/11\/11pro.png 363w\" sizes=\"(max-width: 668px) 100vw, 668px\" \/><\/a><\/p>\n<p>Pokud se ohl\u00e9dneme zp\u011bt, je velmi t\u011b\u017ek\u00e9 hledat po roce 1989 dobrou vl\u00e1du. V\u00a0prvn\u00edm desetilet\u00ed bychom mohli je\u0161t\u011b p\u0159imhou\u0159it oko, nikdo netu\u0161il, jak rozd\u011blit st\u00e1tn\u00ed majetek a jak s\u00a0n\u00edm hospoda\u0159it, nav\u00edc Havel nedok\u00e1zal zabr\u00e1nit sv\u00fdm b\u00fdval\u00fdm souputn\u00edk\u016fm z\u00a0STB v\u00a0z\u00edsk\u00e1v\u00e1n\u00ed v\u00fdhod v\u00a0sout\u011b\u017ei. Privatizace se zvrhnula, restituce byly un\u00e1hlen\u00e9 a ty c\u00edrkevn\u00ed u\u017e doslova o\u017eebra\u010duj\u00edc\u00ed. Klaus a Zeman byli ekonomov\u00e9, ov\u0161em po nich u\u017e se k\u00a0moci dost\u00e1vali jen absolutn\u00ed prosp\u011bch\u00e1\u0159i a amat\u00e9\u0159i z\u00e1rove\u0148. Mo\u017en\u00e1 trochu vybo\u010doval Paroubek, ale bohu\u017eel nem\u011bl cit pro politick\u00e9 z\u00e1kulis\u00ed. S\u00a0Babi\u0161em p\u0159i\u0161la kapitalizace politiky ve veden\u00ed st\u00e1tu, kdy se tento premi\u00e9r pokusil o vytvo\u0159en\u00ed syst\u00e9mu podobn\u00e9mu Agrofertu. A tak\u00e9 se tak k\u00a0ob\u010dan\u016fm choval. Za covidu uk\u00e1zal svou slabost a pod\u0159\u00eddili se Leyenov\u00e9. Ne zadarmo. Nav\u00edc zaklek\u00e1val na podnikatelsk\u00e9 subjekty za to, co s\u00e1m ve sv\u00fdch firm\u00e1ch b\u011b\u017en\u011b d\u011blal. P\u0159esto\u017ee se op\u011bt vrac\u00ed na v\u00fdslunn\u00ed, kdo m\u00e1 dobrou pam\u011b\u0165, je mu z\u00a0toho v\u0161elijak, jen ne dob\u0159e.<\/p>\n<p>V\u0161e dosud \u0159e\u010den\u00e9 v\u0161ak bledne ve spojen\u00ed se sou\u010dasnou vl\u00e1dn\u00ed koalic\u00ed. Tolik hlouposti, neschopnosti, zloby a ideologick\u00e9 pomatenosti v\u00a0opravdu siln\u00e9 koncentraci ne\u0161lo nikdy o\u010dek\u00e1vat. Jestli\u017ee Babi\u0161 ob\u010das p\u0159ipom\u00ednal barona Pr\u00e1\u0161ila neschopn\u00e9ho vst\u0159ebat n\u011bkter\u00e9 ud\u00e1losti a postavit se k\u00a0nim se ct\u00ed a nadhledem, pak to, co se d\u011bje nyn\u00ed, je proti tomu psycho. Premi\u00e9r Fiala p\u0159ed deseti roky zn\u011bj\u00edc\u00ed relativn\u011b rozumn\u011b oto\u010dil o 180\u00b0 a mimo vizu\u00e1ln\u00ed zm\u011bny pro\u0161el i tou mor\u00e1ln\u00ed. Je to notorick\u00fd lh\u00e1\u0159, defraudant a ideologick\u00fd pomatenec posti\u017een\u00fd chorobnou nen\u00e1vist\u00ed k\u00a0Rusku. Mus\u00ed snad levitovat na d\u00e1lkov\u00e9 ovl\u00e1d\u00e1n\u00ed. Bohu\u017eel jeho okol\u00ed funguje na stejn\u00e9m principu a podobn\u011b n\u00edzk\u00e9 \u00farovni. Amat\u00e9rismus vl\u00e1dn\u00edch \u00fa\u0159edn\u00edk\u016f, jejich poradc\u016f a poskok\u016f pln\u011b vyhovuje t\u011bm, kdo s\u00a0nimi manipuluj\u00ed. Unik\u00e1tn\u00edm p\u0159\u00edpadem je Mark\u00e9ta Pekarov\u00e1 Adamov\u00e1. Ka\u017ed\u00e1 jej\u00ed v\u011bta je uk\u00e1zkou toho, jak snadno lze n\u011bkoho nau\u010dit papou\u0161kovat nau\u010den\u00e9 a n\u011bk\u00fdm p\u0159edepsan\u00e9 fr\u00e1ze. Jej\u00ed ment\u00e1ln\u00ed kou\u010d odv\u00e1d\u00ed dobrou pr\u00e1ci, nicm\u00e9n\u011b arogance z\u00a0n\u00ed \u010di\u0161\u00edc\u00ed zv\u00fdraz\u0148uje neschopnost vn\u00edmat realitu. Nen\u00ed v\u0161ak jedin\u00e1, kdo zn\u00ed jako prolhan\u00fd kolovr\u00e1tek. Raku\u0161an, Sikela, Stanjura \u010di Jure\u010dka jsou na tom \u00fapln\u011b stejn\u011b, jen u nich n\u00e1rod nem\u016f\u017ee doufat v\u00a0to, \u017ee ot\u011bhotn\u00ed a odejdou do \u00fastran\u00ed.<\/p>\n<p>Samostatnou kapitolou jsou Pir\u00e1ti. Jak \u0159ekl V\u00e1clav Klaus, maj\u00ed v\u00a0genech loupe\u017ee, jen to naz\u00fdvaj\u00ed sd\u00edlen\u00edm. \u0160kod\u00ed naprosto v\u0161ude, nav\u00edc maj\u00ed vliv na ml\u00e1de\u017e, kter\u00e1 tak rychleji degeneruje. Netvrd\u00edme, \u017ee v\u0161echna, ov\u0161em Mlad\u00e9 Pir\u00e1tstvo je unik\u00e1tn\u00ed sb\u00edrka naprost\u00fdch jelit. Slu\u0161n\u011b to \u0159\u00edct opravdu nelze. Neblah\u00fd dopad existence Pir\u00e1t\u016f lze zaznamenat v\u0161ude, kde se n\u011bkter\u00fd z\u00a0nich objevil. Bohu\u017eel k\u00a0nim lze p\u0159i\u0159adit i soudob\u00e9 novin\u00e1\u0159e celkov\u011b se schov\u00e1vaj\u00edc\u00ed pod ozna\u010den\u00ed mainstream. K\u00a0zavr\u0161en\u00ed v\u00fd\u010dtu sebranky pod\u00edlej\u00edc\u00ed se na urychlen\u00e9 likvidaci sv\u011bta, jak\u00fd jsme znali, u\u017e chyb\u00ed jen st\u00e1vaj\u00edc\u00ed prezident Petr Pavel. Pln\u011b se za\u010dlenil do syst\u00e9mu a je jen dal\u0161\u00edm \u010dl\u00e1nkem dlouh\u00fdch prst\u016f korpor\u00e1t\u016f a jejich majitel\u016f. Poslouch\u00e1 jako hodinky, nen\u00ed moc p\u0159em\u00fd\u0161liv\u00fd, co\u017e nahrazuje vcelku obstojn\u00fdm vzhledem, je\u017ed\u011bn\u00edm na motorce, l\u00e9t\u00e1n\u00ed v\u00a0letadle i na pad\u00e1ku a neschopnost\u00ed vn\u00edmat realitu. A moment\u00e1ln\u011b dle n\u00e1vodu nesn\u00e1\u0161\u00ed Rusko a nen\u00e1vist obhajuje naprosto um\u011ble vytvo\u0159en\u00fdmi teoriemi. Tak\u017ee asi v\u0161e v\u00a0po\u0159\u00e1dku.<\/p>\n<p>Pokud se V\u00e1m pr\u00e1v\u011b p\u0159it\u00ed\u017eilo, v\u011b\u0159te tomu, \u017ee nejste jedin\u00ed. Ale kolik z\u00a0v\u00e1s d\u011bl\u00e1 n\u011bco pro zm\u011bnu? Jak dlouho to vydr\u017e\u00edte? Ztratili jste \u00factu k\u00a0sob\u011b, zodpov\u011bdnost k\u00a0potomk\u016fm, l\u00e1sku k\u00a0vlasti, sm\u011br k\u00a0prosperit\u011b a respekt k\u00a0budoucnosti. Op\u011bt v\u00e1s ovl\u00e1dnul strach. Boj\u00edte se mluvit hlasit\u011b, postavit se na odpor. Chcete li s\u00a0t\u00edm \u017e\u00edt, pak jste p\u0159istoupili na to, \u017ee budete otroky. Tedy si nest\u011b\u017eujte.<\/p>\n<p><a href=\"https:\/\/www.inadhled.live\/uvaha-dne\/prolhana-a-nenavisti-prolezla-chatra\/\">Jind\u0159ich Kulhav\u00fd<\/a><\/p>\n<p><img decoding=\"async\" loading=\"lazy\" class=\"alignnone size-full wp-image-48136\" src=\"http:\/\/www.infokuryr.cz\/n\/wp-content\/uploads\/2024\/02\/kulhavy-jindrich.jpg\" alt=\"\" width=\"219\" height=\"221\" srcset=\"https:\/\/www.infokuryr.cz\/n\/wp-content\/uploads\/2024\/02\/kulhavy-jindrich.jpg 219w, https:\/\/www.infokuryr.cz\/n\/wp-content\/uploads\/2024\/02\/kulhavy-jindrich-150x150.jpg 150w\" sizes=\"(max-width: 219px) 100vw, 219px\" \/><\/p>\n<p>&nbsp;<\/p>\n<\/div>\n","protected":false},"excerpt":{"rendered":"<p>\u00a0Je neuv\u011b\u0159iteln\u00e9, kam jsme se dopracovali. Sou\u010dasn\u00e1 vl\u00e1dnouc\u00ed klika v\u00a0Evrop\u011b a v\u00a0na\u0161\u00ed republice pat\u0159\u00ed do&#8230;<\/p>\n","protected":false},"author":2,"featured_media":51396,"comment_status":"closed","ping_status":"closed","sticky":false,"template":"","format":"standard","meta":[],"categories":[6],"tags":[1503,851,35,99],"_links":{"self":[{"href":"https:\/\/www.infokuryr.cz\/n\/wp-json\/wp\/v2\/posts\/51395"}],"collection":[{"href":"https:\/\/www.infokuryr.cz\/n\/wp-json\/wp\/v2\/posts"}],"about":[{"href":"https:\/\/www.infokuryr.cz\/n\/wp-json\/wp\/v2\/types\/post"}],"author":[{"embeddable":true,"href":"https:\/\/www.infokuryr.cz\/n\/wp-json\/wp\/v2\/users\/2"}],"replies":[{"embeddable":true,"href":"https:\/\/www.infokuryr.cz\/n\/wp-json\/wp\/v2\/comments?post=51395"}],"version-history":[{"count":0,"href":"https:\/\/www.infokuryr.cz\/n\/wp-json\/wp\/v2\/posts\/51395\/revisions"}],"wp:featuredmedia":[{"embeddable":true,"href":"https:\/\/www.infokuryr.cz\/n\/wp-json\/wp\/v2\/media\/51396"}],"wp:attachment":[{"href":"https:\/\/www.infokuryr.cz\/n\/wp-json\/wp\/v2\/media?parent=51395"}],"wp:term":[{"taxonomy":"category","embeddable":true,"href":"https:\/\/www.infokuryr.cz\/n\/wp-json\/wp\/v2\/categories?post=51395"},{"taxonomy":"post_tag","embeddable":true,"href":"https:\/\/www.infokuryr.cz\/n\/wp-json\/wp\/v2\/tags?post=51395"}],"curies":[{"name":"wp","href":"https:\/\/api.w.org\/{rel}","templated":true}]}}