{"id":51379,"date":"2024-04-11T11:08:30","date_gmt":"2024-04-11T09:08:30","guid":{"rendered":"https:\/\/www.infokuryr.cz\/n\/?p=51379"},"modified":"2024-04-11T11:08:30","modified_gmt":"2024-04-11T09:08:30","slug":"michael-svatos-pro-chude-cechy-leky-jen-z-ukrajiny-cesi-musi-zchudnout-aby-ukrajinci-zbohatli","status":"publish","type":"post","link":"https:\/\/www.infokuryr.cz\/n\/2024\/04\/11\/michael-svatos-pro-chude-cechy-leky-jen-z-ukrajiny-cesi-musi-zchudnout-aby-ukrajinci-zbohatli\/","title":{"rendered":"Michael Svato\u0161: Pro chud\u00e9 \u010cechy l\u00e9ky jen z Ukrajiny! \u010ce\u0161i mus\u00ed zchudnout, aby Ukrajinci zbohatli!"},"content":{"rendered":"<div id=\"fb-root\"><\/div>\n<p><span style=\"font-size: 18pt;\"><strong>Pro chud\u00e9 \u010cechy l\u00e9ky jen z Ukrajiny! \u010ce\u0161i mus\u00ed zchudnout, aby Ukrajinci zbohatli! Nov\u00fd \u0161\u00edlen\u00fd Pharma pl\u00e1n Eurokrat\u016f a TOP-09 odhalen!<\/strong><\/span><\/p>\n<p>Mal\u00e9 Irsko (<a href=\"https:\/\/cs.wikipedia.org\/wiki\/Irsko\">5,2 milionu obyvatel<\/a>) vyr\u00e1b\u00ed\u00a0<a href=\"https:\/\/group.atradius.com\/publications\/industry-trends\/pharmaceuticals-industry-trends-ireland-2022.html\">5% v\u0161ech l\u00e9k\u016f na cel\u00e9m sv\u011bt\u011b a raketov\u011b jejich exportem bohatne!<\/a>\u00a0Irsko, v dob\u00e1ch kolem sametov\u00e9 revoluce zaostal\u00e1 zem\u011b, kter\u00e9 se nemohla m\u011b\u0159it s \u010cR a SR ani \u017eivotn\u00ed \u00farovn\u00ed, ani v\u00fdkonnost\u00ed sv\u00e9ho farmaceutick\u00e9ho pr\u016fmyslu, n\u00e1s nyn\u00ed p\u0159ev\u00e1lcovalo, a cel\u00fd sv\u011bt se sna\u017e\u00ed napodobit jeho \u00fasp\u011bch ve farmaceutick\u00e9m pr\u016fmyslu! Irsk\u00e9 dan\u011b ze zisk\u016f farmaceutick\u00fdch firem (<a href=\"https:\/\/group.atradius.com\/publications\/industry-trends\/pharmaceuticals-industry-trends-ireland-2022.html\">v\u00fd\u0161e 15%)<\/a>\u00a0toti\u017e pln\u00ed irsk\u00fd st\u00e1tn\u00ed rozpo\u010det, poh\u00e1n\u011bj\u00ed rostouc\u00ed irskou prosperitu, a skv\u011ble honorovan\u00e1 pracovn\u00ed m\u00edsta v tamn\u00edm farmaceutick\u00e9m pr\u016fmyslu zvy\u0161uj\u00ed nejen \u017eivotn\u00ed \u00farove\u0148 v\u0161ech Ir\u016f, ale i kvalitu jejich \u017eivota a dobu do\u017eit\u00ed! (<a href=\"https:\/\/ec.europa.eu\/eurostat\/web\/products-eurostat-news\/-\/ddn-20221118-1\">Do\u017eit\u00ed v Irsku Mu\u017e 81\/\u017dena 85, V Praze 77\/82, Ve v\u011bt\u0161in\u011b zaostal\u00fdch region\u016f \u010cR 73\/80<\/a>!) (Je\u0161t\u011b v roce 1985 se p\u0159itom<a href=\"https:\/\/www.statista.com\/statistics\/1072200\/life-expectancy-ireland-historical\/\">\u00a0Irov\u00e9<\/a>\u00a0do\u017e\u00edvali jen o 1 rok d\u00e9le ne\u017e\u00a0<a href=\"https:\/\/data.worldbank.org\/indicator\/SP.DYN.LE00.IN?locations=CZ\">\u010ce\u0161i a Slov\u00e1ci<\/a>!)<\/p>\n<p>Ka\u017ed\u00fd norm\u00e1ln\u00ed politik na cel\u00e9m sv\u011bt\u011b se sna\u017e\u00ed, aby v jeho zemi vyrostlo co nejv\u00edce tov\u00e1ren na l\u00e9\u010diva, a v\u011bdeck\u00fdch instituc\u00ed, kter\u00e9 l\u00e9ky vyv\u00edjej\u00ed, a kter\u00e9 je testuj\u00ed pro lidskou spot\u0159ebu. Zem\u011b jako \u0160v\u00fdcarsko, D\u00e1nsko a nyn\u00ed i Irsko jsou bohat\u00e9 a lid\u00e9 se v nich ve zdrav\u00ed do\u017e\u00edvaj\u00ed vysok\u00e9ho v\u011bku i d\u00edky v\u00fdrob\u011b, v\u00fdvoji a exportu l\u00e9k\u016f.<\/p>\n<p>Existuje ov\u0161em v\u00fdjimka. \u0160\u00edlen\u00fd profesor Fiala a parta ignorant\u016f z TOP-09! Ti vymysleli zcela opa\u010dn\u00fd pl\u00e1n! M\u00edsto, aby investicemi a dotacemi, jako to d\u011blaj\u00ed Irov\u00e9, se sna\u017eili zv\u00fd\u0161it v\u00fdrobn\u00ed kapacity l\u00e9k\u016f a l\u00e9\u010div v \u010cR, a investovali do jejich v\u00fdzkumu! \u00da\u010dastnili se zased\u00e1n\u00ed Eurokrat\u016f v Bruselu, a na n\u011bm ve v\u0161\u00ed v\u00e1\u017enosti po\u017eadovali, aby Brusel investoval miliardy EUR do ukrajinsk\u00e9ho farmaceutick\u00e9ho pr\u016fmyslu,<a href=\"https:\/\/www.lidovky.cz\/domov\/evropa-cesko-ukrajina-leky-zavislost-cina-indie-dodavka.A240407_191749_ln_domov_lvot?zdroj=LN_top\">\u00a0aby se z Ukrajiny mohly do \u010cR a v\u0161ech zem\u00ed EU brzy dov\u00e1\u017eet ukrajinsk\u00e9 l\u00e9ky<\/a>!!!! TOP-09, Pir\u00e1ti, Raku\u0161ani, ODS, i KD\u00da-\u010cSL, aby vyhr\u00e1li volby, naslibovali, \u017ee zmodernizuj\u00ed \u010deskou ekonomiku, a m\u00edsto levn\u00fdch montoven, budou \u010ce\u0161i pracovat u\u017e jen ve v\u00fdnosn\u00fdch mozkovn\u00e1ch!!!<\/p>\n<p><a href=\"https:\/\/stranapro.cz\/\"><img decoding=\"async\" loading=\"lazy\" class=\"alignnone  wp-image-40285 aligncenter\" src=\"http:\/\/www.infokuryr.cz\/n\/wp-content\/uploads\/2023\/11\/11pro-300x79.png\" alt=\"\" width=\"589\" height=\"155\" srcset=\"https:\/\/www.infokuryr.cz\/n\/wp-content\/uploads\/2023\/11\/11pro-300x79.png 300w, https:\/\/www.infokuryr.cz\/n\/wp-content\/uploads\/2023\/11\/11pro.png 363w\" sizes=\"(max-width: 589px) 100vw, 589px\" \/><\/a><\/p>\n<p>Jakmile se ov\u0161em d\u00edky nedostatku l\u00e9k\u016f v cel\u00e9 Evrop\u011b objevila p\u0159\u00edle\u017eitost, tyto farmaceutick\u00e9 mozkovny s pomoc\u00ed dotac\u00ed EU v \u010cR vybudovat, vytvo\u0159it tak lukrativn\u00ed v\u011bdeck\u00e1 a pracovn\u00ed m\u00edsta, a z\u00edskat lukrativn\u00ed dan\u011b pro neust\u00e1le pr\u00e1zdnou st\u00e1tn\u00ed kasu, cel\u00e1 Fialov\u00e1 koala se ihned vybarvila, a m\u00edsto budov\u00e1n\u00ed farmaceutick\u00fdch kapacit v \u010cR prosazuje jejich v\u00fdstavbu na Ukrajin\u011b!! Nejzaj\u00edmav\u011bj\u0161\u00ed na tom v\u0161em ov\u0161em je, kdo vlastn\u011b stoj\u00ed v z\u00e1kulis\u00ed tohoto dal\u0161\u00edho \u0161\u00edlen\u00e9ho pl\u00e1nu fialov\u00e9ho profesora a jeho ignorantsk\u00fdch spole\u010dn\u00edk\u016f, jak zad\u00e1vit \u010cechy, aby se Ukrajinci m\u011bli l\u00edp!!!<\/p>\n<p>\u010cesk\u00e1 m\u00e9dia o pl\u00e1nu Eurokrat\u016f, kter\u00fd Fialova vl\u00e1da podporuje, informoval politick\u00fd n\u00e1m\u011bstek ministra zdravotnictv\u00ed \u010cR V\u00e1lka z TOP-09 \u2013\u00a0 Jakub Dvo\u0159\u00e1\u010dek! A to je tedy pecka!! Jakub Dvo\u0159\u00e1\u010dek (ODS) toti\u017e \u0159\u00edd\u00ed l\u00e9kovou politiku a strategii \u010cR, a p\u0159itom jednak nem\u00e1 vzd\u011bl\u00e1n\u00ed z oboru, ale hlavn\u011b na ministerstvo p\u0159i\u0161el z<a href=\"https:\/\/www.forendors.cz\/p\/15245b56af244aba0f82c6a29261d595\">\u00a0pozice v\u00fdkonn\u00e9ho \u0159editele\u00a0<\/a><em>Asociace inovativn\u00edho farmaceutick\u00e9ho pr\u016fmyslu \u2013\u00a0<\/em>typicky lobbistick\u00e9ho sdru\u017een\u00ed -,<a href=\"https:\/\/aifp.cz\/cs\/clenske-spolecnosti\/\">\u00a0jeho\u017e \u010dleny jsou jen tyto BIG-PHARMY<\/a>: Merck, Pfizer, Novo Nordisk, Novartis, GlaxoSmithKline, Astra Zeneca, Bayer, Angelini, Astellas Pharma, Berlin-Chemie, Biogen, Boehringer Ingelheim, Bristol-Myers Squibb, Chiesi, Eisai, \u00a0Eli Lilly, Gilead Sciences, \u00a0Ipsen, Johnson &amp; Johnson, Kyowa Kirin Group , Lundbeck, Medis Pharma, Pierre Fabre M\u00e9dicament, ROCHE, Sanofi, Santen, Servier, Sobi, Stallergenes, Takeda, UCB a Vertex.<\/p>\n<p>V dob\u011b, kdy \u010cR nem\u00e1 dostatek l\u00e9k\u016f! V dob\u011b, kdy roste dramaticky dovoz l\u00e9k\u016f do \u010cR! V dob\u011b, kdy vl\u00e1da nem\u00e1 pen\u00edze na zdravotnictv\u00ed, a chyst\u00e1 se zav\u00edrat region\u00e1ln\u00ed nemocnice, a d\u011blat z nich st\u0159edov\u011bk\u00e9 \u0161pit\u00e1ly!\u00a0 V dob\u011b, kdy oby\u010dejn\u00ed lid\u00e9 nemaj\u00ed ani na ovoce a zeleninu, nato\u017e na l\u00e9ky, tak vl\u00e1da \u010cR jmenuje politick\u00fdm n\u00e1m\u011bstkem ministra zdravotnictv\u00ed \u010cR v\u00fdkonn\u00e9ho \u0159editele sdru\u017een\u00ed dovozc\u016f l\u00e9k\u016f do \u010cR! A ten za\u010dne podporovat pl\u00e1n Eurokrat\u016f, aby se m\u00edsto rozvoje v\u00fdroby a v\u00fdvoje l\u00e9k\u016f v \u010cR, do republiky je\u0161t\u011b v\u00edce dov\u00e1\u017eely l\u00e9ky z ciziny, a to dokonce z Ukrajiny!!!!! Tak to nem\u00e1 chybu, a je tak zcela jasn\u00e9 pro koho Fiala a jeho spole\u010dn\u00edci vlastn\u011b pracuj\u00ed!!!!!<\/p>\n<p>Jak raketov\u011b roste dovoz l\u00e9k\u016f do \u010cR ukazuje spodn\u00ed graf! Z\u00e1vislost \u010cR na dovozu l\u00e9k\u016f za\u010d\u00edn\u00e1 ni\u010dit nejen \u010desk\u00e9 zdravotnictv\u00ed, ale i ekonomiku!<\/p>\n<p><img decoding=\"async\" loading=\"lazy\" class=\"wp-image-10104 aligncenter\" src=\"https:\/\/www.michalapetr.com\/wp-content\/uploads\/2024\/04\/lekycr1.png\" sizes=\"(max-width: 1200px) 100vw, 1200px\" srcset=\"https:\/\/www.michalapetr.com\/wp-content\/uploads\/2024\/04\/lekycr1.png 1200w, https:\/\/www.michalapetr.com\/wp-content\/uploads\/2024\/04\/lekycr1-300x125.png 300w, https:\/\/www.michalapetr.com\/wp-content\/uploads\/2024\/04\/lekycr1-1030x429.png 1030w, https:\/\/www.michalapetr.com\/wp-content\/uploads\/2024\/04\/lekycr1-768x320.png 768w, https:\/\/www.michalapetr.com\/wp-content\/uploads\/2024\/04\/lekycr1-705x294.png 705w, https:\/\/www.michalapetr.com\/wp-content\/uploads\/2024\/04\/lekycr1-450x188.png 450w\" alt=\"\" width=\"955\" height=\"398\" \/><\/p>\n<p>Srovnateln\u00e9 Portugalsko p\u0159itom p\u0159ed lety dov\u00e1\u017eelo 2 kr\u00e1t v\u00edc l\u00e9k\u016f ne\u017e \u010cR, v dob\u011b ministra zdravotnictv\u00ed \u010cR Davida. Ale nyn\u00ed je to \u010cesko, kdo dov\u00e1\u017e\u00ed tak\u0159ka dvakr\u00e1t v\u00edce l\u00e9k\u016f ne\u017e Portugalsko! Pro\u010d? \u2013 Kdy\u017e bylo Portugalsko p\u0159edsednickou zem\u00ed EU,\u00a0<a href=\"https:\/\/tvorimevropu.cz\/evropska-unie\/predsednictvi-2022\/\">jako byl Fiala v roce 2022<\/a>, tak lobovalo a vyjedn\u00e1valo investice do sv\u00e9ho zdravotnictv\u00ed a v\u00fdroby generick\u00fdch l\u00e9k\u016f!! (<a href=\"https:\/\/www.michalapetr.com\/map-1687-sok-leky-v-evrope-jsou-proc-nejsou-v-cr-tak-to-se-budete-divit-a-ty-ceny-to-vam-spadne-brada-az-se-dozvite-jak-fiala-zbytecne-vyhazuje-desitky-miliard-rocne-za-leky-oknem\/\">Podrobn\u011b v MAP 1687.<\/a>) Kde\u017eto Fiala lobboval za Raku\u0161an\u016fv import uprchl\u00edk\u016f a za v\u00e1l\u010den\u00ed na Ukrajin\u011b!! Portugalsko na rozd\u00edl od \u010cR investuje do v\u00fdroby, v\u00fdvoje a testov\u00e1n\u00ed l\u00e9k\u016f, nebo\u0165 to vytv\u00e1\u0159\u00ed skv\u011ble honorovan\u00e1 pracovn\u00ed m\u00edsta a nese da\u0148ov\u00e9 zisky,\u00a0<a href=\"https:\/\/expresso.pt\/iniciativaseprodutos\/projetos-expresso\/2021-04-23-Portugal-e-pouco-atrativo-para-investimento-estrangeiro-em-investigacao-e-novos-produtos-de-saude-5abcc14a\">a\u010dkoli to pro takto malou zemi<\/a>, ve kter\u00e9 siln\u00fd farmaceutick\u00fd pr\u016fmysl historicky neexistoval jako v \u010cR, nen\u00ed jednoduch\u00e9!\u00a0<a href=\"https:\/\/www.ordemfarmaceuticos.pt\/pt\/noticias\/um-incentivo-a-industria-farmaceutica-nacional\/\">P\u0159edn\u00ed Pharma-lobbist\u00e9 Portugalska tuto politiku osobn\u011b podporuj\u00ed<\/a>!!!! Portugalsko nav\u00edc, na rozd\u00edl do \u010cR,\u00a0<a href=\"https:\/\/www.michalapetr.com\/map-1687-sok-leky-v-evrope-jsou-proc-nejsou-v-cr-tak-to-se-budete-divit-a-ty-ceny-to-vam-spadne-brada-az-se-dozvite-jak-fiala-zbytecne-vyhazuje-desitky-miliard-rocne-za-leky-oknem\/\">preferuje na vl\u00e1dn\u00ed \u00farovni dovoz levn\u00fdch generick\u00fdch l\u00e9k\u016f<\/a>, kde\u017eto \u010cR, jak dok\u00e1zala ned\u00e1vn\u00e1 studie US RAND-Corporation, dov\u00e1\u017e\u00ed m\u00edsto levn\u00fdch generik jako jedin\u00e1 zem\u011b na sv\u011bt\u011b (1) hlavn\u011b drah\u00e1 z\u00e1padn\u00ed l\u00e9\u010diva, kter\u00e1 se daj\u00ed levn\u011b nahradit levn\u00fdmi generiky!! Ani USA, \u0160v\u00fdcarsko, Norsko a Holandsko nepou\u017e\u00edvaj\u00ed tolik drah\u00fdch z\u00e1padn\u00edch l\u00e9k\u016f, kter\u00e9 se generiky daj\u00ed nahradit, jako \u010cR. Rozd\u00edl jsou des\u00edtky %!\u00a0 (<a href=\"https:\/\/www.michalapetr.com\/map-1945-expertni-zprava-globalistu-cenach-leku-v-cr-proc-z-nas-nasi-politici-delaji-dojne-kravy-a-proc-hodla-vlada-rusit-nemocnice-kdo-se-zase-na-zapade-chysta-na-cesich-vydelat\/\">Podrobn\u011b v MAP 1945<\/a>.) Op\u011bt se tak dokonale ukazuje, komu vlastn\u011b Fiala a v\u0161ichni jeho kump\u00e1ni slou\u017e\u00ed!!! A koho dosazuj\u00ed do vlivn\u00fdch funkc\u00ed n\u00e1m\u011bstk\u016f!!!! (Dole \u2013 graf dovozu l\u00e9k\u016f do Portugalska!)<\/p>\n<p><img decoding=\"async\" loading=\"lazy\" class=\"wp-image-10105 aligncenter\" src=\"https:\/\/www.michalapetr.com\/wp-content\/uploads\/2024\/04\/portugal-medico-scaled-2.jpg\" sizes=\"(max-width: 2560px) 100vw, 2560px\" srcset=\"https:\/\/www.michalapetr.com\/wp-content\/uploads\/2024\/04\/portugal-medico-scaled-2.jpg 2560w, https:\/\/www.michalapetr.com\/wp-content\/uploads\/2024\/04\/portugal-medico-scaled-2-300x125.jpg 300w, https:\/\/www.michalapetr.com\/wp-content\/uploads\/2024\/04\/portugal-medico-scaled-2-1030x429.jpg 1030w, https:\/\/www.michalapetr.com\/wp-content\/uploads\/2024\/04\/portugal-medico-scaled-2-768x320.jpg 768w, https:\/\/www.michalapetr.com\/wp-content\/uploads\/2024\/04\/portugal-medico-scaled-2-1536x640.jpg 1536w, https:\/\/www.michalapetr.com\/wp-content\/uploads\/2024\/04\/portugal-medico-scaled-2-2048x853.jpg 2048w, https:\/\/www.michalapetr.com\/wp-content\/uploads\/2024\/04\/portugal-medico-scaled-2-1500x625.jpg 1500w, https:\/\/www.michalapetr.com\/wp-content\/uploads\/2024\/04\/portugal-medico-scaled-2-705x294.jpg 705w, https:\/\/www.michalapetr.com\/wp-content\/uploads\/2024\/04\/portugal-medico-scaled-2-450x187.jpg 450w\" alt=\"\" width=\"948\" height=\"395\" \/><\/p>\n<p>&nbsp;<\/p>\n<p>Situace v \u010cR s v\u00fdrobou l\u00e9k\u016f je tristn\u00ed. Dom\u00e1c\u00ed Zentiva, b\u00fdval\u00e1 st\u00e1tn\u00ed SPOFA, se sice \u00fa\u010dastnila ned\u00e1vn\u00e9 konference na rozvoj produkce generick\u00fdch l\u00e9k\u016f v Portugalsku, a je \u010dlenem tamn\u00edho farmaceutick\u00e9ho sdru\u017een\u00ed APOGEN, ov\u0161em da\u0148ov\u011b Zentiva s\u00eddl\u00ed v Holandsku a je dce\u0159inou firmou francouzsk\u00e9 SANOFI. Prodat dom\u00e1c\u00ed strategickou firmu cizinc\u016fm a nechat p\u0159ev\u00e9st jej\u00ed da\u0148ov\u00e9 s\u00eddlo do ciziny, by \u0159ada z\u00e1padn\u00edch zem\u00ed nikdy nedovolila! Grafy enormn\u00edho r\u016fstu dovoz\u016f l\u00e9k\u016f do \u010cR kr\u00e1sn\u011b ukazuj\u00ed, kam tato politika vede! Cht\u00edt ov\u0161em podporovat r\u016fst lukrativn\u00edho farmaceutick\u00e9ho podnik\u00e1n\u00ed na Ukrajin\u011b, m\u00edsto toho, sna\u017eit se donutit a nebo nal\u00e1kat farmaceutick\u00e9 firmy, aby investovaly do \u010cR, jako to ud\u011blalo Irsko, a d\u011bl\u00e1 Portugalsko, je v\u00fdrazem naprost\u00e9 ekonomick\u00e9 ignorance, a ka\u017ed\u00fd politik, kter\u00fd by se tak v USA, v Z\u00e1padn\u00ed EU, v Rusku, Polsku, a nebo Ma\u010farsku choval, byl byl okam\u017eit\u011b vyra\u017een, a\u017e by dve\u0159e vylet\u011bly z pant\u016f!<\/p>\n<p>Ukrajinsk\u00fd farmaceutick\u00fd pr\u016fmysl p\u0159edstavuje nad\u011bji Ukrajiny na budoucnost. Tamn\u00ed dom\u00e1c\u00ed Pharma-firmy na \u010desk\u00e9 pom\u011bry investovaly neskute\u010dn\u00e9 \u010d\u00e1stky do rozvoje v\u00fdroby, v\u00fdvoje a testov\u00e1n\u00ed l\u00e9k\u016f! Zd\u00e1 se, \u017ee ukrajinsk\u00e9 l\u00e9ky tak mohou p\u0159edstavovat slu\u0161nou z\u00e1padn\u00ed \u00farove\u0148! \u010ce\u0161t\u00ed politici se tam doslova mohou jezdit u\u010dit, jak se Ukrajin\u011b poda\u0159ilo v tomto n\u00e1ro\u010dn\u00e9m a lukrativn\u00edm segmentu ekonomiky dos\u00e1hnout tak pro Ukrajinu atypick\u00e9ho \u00fasp\u011bchu! Nic nen\u00ed nikdy pouze \u010dernob\u00edl\u00e9, se tak op\u011bt uk\u00e1zalo!!!<\/p>\n<p>Velmi zaj\u00edmav\u00e9 je statistika:<a href=\"https:\/\/www.me.gov.ua\/Documents\/Detail?lang=uk-UA&amp;id=30d3074d-6882-4aac-bc4f-f4af8a30b221&amp;title=DovidkazovnishniaTorgivliaUkrainiTovaramiTaPoslugamiU2019-Rotsi\">\u00a0Ukrajina p\u0159ed v\u00e1lkou vyv\u00e1\u017eela l\u00e9ky za 35 milion\u016f USD<\/a>. \u010cR dov\u00e1\u017e\u00ed l\u00e9ky za 2.5 miliardy USD!!! Kdo ov\u0161em vyv\u00e1\u017e\u00ed l\u00e9ky na Ukrajinu? V roce 2020 Ukrajina dovezla celkem l\u00e9ky a zdravotnick\u00e9 pot\u0159eby za 2 miliardy USD.\u00a0<a href=\"https:\/\/www.statista.com\/statistics\/1305893\/medicine-import-value-by-country-ukraine\/\">Hlavn\u00ed dovozci byly<\/a>\u00a0N\u011bmecko (370 milion\u016f USD), Indie (222), Francie (163), It\u00e1lie (160), Slovinsko (111), \u0160pan\u011blsko (69), Brit\u00e1nie (65), Ma\u010farsko (62), Polsko (62), \u0160v\u00fdcarsko (52). Podle ukrajinsk\u00e9 m\u00edstop\u0159edsedkyn\u011b vl\u00e1dy Olgy Stefanishyny je n\u00edzk\u00fd v\u00fdvoz potravina a l\u00e9k\u016f zp\u016fsoben letitou politikou Bruselu, kter\u00fd\u00a0<a href=\"https:\/\/www.eurointegration.com.ua\/project\/2019\/tradewars\/article81.html\">charakterizuje neust\u00e1l\u00fd hluch\u00fd odpor evropsk\u00fdch v\u00fdrobc\u016f<\/a>, na jak\u00e9koli zm\u011bny. D\u00edky z\u00e1vislosti EU na \u010d\u00ednsk\u00fdch a indick\u00fdch l\u00e9c\u00edch je v\u0161ak v oblasti v\u00fdvozu l\u00e9k\u016f nad\u011bje na zm\u011bnu. Ukrajina investovala do\u00a0<a href=\"https:\/\/www.eurointegration.com.ua\/project\/2019\/tradewars\/article81.html\">v\u00fdroby l\u00e9\u010div v posledn\u00edch n\u011bkolika m\u00e1lo letech p\u0159es 400 milion\u016f USD<\/a>, a nyn\u00ed disponuje modern\u00edmi provozy!!! Pro srovn\u00e1n\u00ed US Pharma Eli Lilly loni v listopadu ozn\u00e1mila, \u017ee investuje 2.5 miliardy USD do nov\u00e9 tov\u00e1rny na l\u00e9ky v n\u011bmeck\u00e9m m\u011bst\u011b Alzey.<\/p>\n<p>N\u011bme\u010dt\u00ed vl\u00e1dnouc\u00ed politici se p\u0159itom rozpl\u00fdvali nad\u0161en\u00edm, \u017ee v mal\u00e9m m\u011bst\u011b (<a href=\"https:\/\/de.wikipedia.org\/wiki\/Alzey\">20 tis\u00edc obyvatel<\/a>) vznikne 1000 luxusn\u00edch pracovn\u00edch m\u00edst a vice prezident Eli Lilly \u2013 Edgardo Hernandez \u2013<a href=\"https:\/\/www.chemanager-online.com\/en\/news\/lilly-invests-new-25-billion-production-site-germany\">\u00a0k tomu jen diplomaticky a skromn\u011b poznamenal<\/a>, \u017ee d\u00edky pr\u00e1ci n\u011bmeck\u00e9 vl\u00e1dn\u00ed investi\u010dn\u00ed agentury\u00a0<a href=\"https:\/\/vae.ahk.de\/en\/gtai-germany-trade-and-invest\">GTAI<\/a>, byly vytvo\u0159eny ty nejlep\u0161\u00ed a nejv\u00fdhodn\u011bj\u0161\u00ed podm\u00ednky, aby Eli Lilly v N\u011bmecku investovala!!! N\u011bmecko i Ma\u010farsko vyv\u00e1\u017e\u00ed l\u00e9ky na Ukrajinu, v\u0161ichni podporuj\u00ed rozvoj v\u00fdroby a v\u00fdvoje l\u00e9\u010div na \u00fazem\u00ed sv\u00e9ho st\u00e1tu, i Ukrajinci sv\u00fdmi skromn\u00fdmi prost\u0159edky dosahuj\u00ed oproti \u010cR z\u00e1zra\u010dn\u00e9mu v\u00fdsledku!! Jen Fialov\u00e1 vl\u00e1da rad\u011bji podporuje v\u00fdrobu a v\u00fdvoj l\u00e9k\u016f na ciz\u00edm \u00fazem\u00ed, a jejich dovoz do \u010cR!!! A p\u0159itom tvrd\u00ed, \u017ee se mus\u00ed zav\u00edrat nemocnice v chud\u00fdch regionech \u010cR!!! A zvy\u0161uje dan\u011b na l\u00e9ky!!! Fico, proto\u017ee Slovensko je po n\u011bkolika letech \u0159\u00e1d\u011bn\u00ed vl\u00e1dy vzor\u016f pro \u010desk\u00e9 fialov\u00e9 vl\u00e1dn\u00ed politiky tot\u00e1ln\u011b zdevastovan\u00e9 p\u0159emno\u017een\u00fdmi \u00fa\u0159edn\u00edky a majiteli v\u00fdnosn\u00fdch ve\u0159ejn\u00fdch prebend, ozn\u00e1mil,\u00a0<a href=\"https:\/\/www.novinky.cz\/clanek\/zahranicni-evropa-fico-oznamil-zvysovani-dani-40467001\">\u017ee celou tuhle bandu neu\u017eite\u010dn\u00fdch pijavic okam\u017eit\u011b rozpr\u00e1\u0161\u00ed<\/a>!. A to je jedin\u00e1 spr\u00e1vn\u00e1 cesta, jak z\u00edskat aspo\u0148 stovky milion\u016f USD, a investovat tyto skromn\u00e9 prost\u0159edky do modern\u00ed ekonomiky, a\u0165 u\u017e digit\u00e1ln\u00ed, nebo farmaceutick\u00e9! Bez lukrativn\u00edch pracovn\u00edch m\u00edst v lukrativn\u00edch oborech, kter\u00e9 si nyn\u00ed N\u011bmecko nakupuje jako na b\u011b\u017e\u00edc\u00edm p\u00e1se, budeme je\u0161t\u011b v\u00edce second-hand zem\u00ed, ne\u017e jsme. A second-hand zem\u011b mus\u00ed z ekonomick\u00e9 reality provozovat je second-hand medic\u00ednu a zdravotnictv\u00ed! Je tak t\u0159eba m\u00edsto eurokrat\u016f volit mana\u017eery a ekonomy!<\/p>\n<p>Pozorn\u011b si prohl\u00e9dn\u011bte n\u00e1sleduj\u00edc\u00ed fotky \u2013 tohle dok\u00e1zala su\u017eovan\u00e1 Ukrajina \u2013 a tohle nedok\u00e1zalo st\u00e1le je\u0161t\u011b bohat\u00e9 \u010cesko!!!!\u00a0<a href=\"https:\/\/www.epravda.com.ua\/publications\/2023\/11\/13\/706329\/\">Fotky jsou z modern\u00ed ukrajinsk\u00e9 spole\u010dnosti Farmak!<\/a>\u00a0Tam by se m\u011bli \u010de\u0161t\u00ed fialov\u00ed politici jezdit u\u010dit!!!! Takhle vypadaj\u00ed pracovn\u00ed m\u00edsta budoucnosti, kter\u00e1 nejsou schopni \u010cech\u016fm, Moravan\u016fm ani Slezan\u016fm a ani \u010desk\u00fdm Ukrajinc\u016fm za\u0159\u00eddit!!! Ka\u017ed\u00fd politik ka\u017ed\u00e9ho st\u00e1tu se s v\u00fdjimkou politik\u016f ODS, TOP-09, Pir\u00e1t\u016f, STAN a KD\u00da-\u010cSL a Ficem a Pellegrinim vypr\u00e1skan\u00fdch slovensk\u00fdch eurokrat\u016f sna\u017e\u00ed, aby modern\u00ed m\u00edsta vznikala v jeho zemi!!!!! A ani Ukrajinci nejsou v\u00fdjimkou!!<\/p>\n<p><img decoding=\"async\" loading=\"lazy\" class=\"size-full wp-image-10107 aligncenter\" src=\"https:\/\/www.michalapetr.com\/wp-content\/uploads\/2024\/04\/ed0da7c-690-3.jpg\" sizes=\"(max-width: 690px) 100vw, 690px\" srcset=\"https:\/\/www.michalapetr.com\/wp-content\/uploads\/2024\/04\/ed0da7c-690-3.jpg 690w, https:\/\/www.michalapetr.com\/wp-content\/uploads\/2024\/04\/ed0da7c-690-3-300x200.jpg 300w, https:\/\/www.michalapetr.com\/wp-content\/uploads\/2024\/04\/ed0da7c-690-3-450x300.jpg 450w\" alt=\"\" width=\"690\" height=\"460\" \/><\/p>\n<p><img decoding=\"async\" loading=\"lazy\" class=\"size-full wp-image-10108 aligncenter\" src=\"https:\/\/www.michalapetr.com\/wp-content\/uploads\/2024\/04\/8b76b1d-690000000.jpg\" sizes=\"(max-width: 690px) 100vw, 690px\" srcset=\"https:\/\/www.michalapetr.com\/wp-content\/uploads\/2024\/04\/8b76b1d-690000000.jpg 690w, https:\/\/www.michalapetr.com\/wp-content\/uploads\/2024\/04\/8b76b1d-690000000-300x200.jpg 300w, https:\/\/www.michalapetr.com\/wp-content\/uploads\/2024\/04\/8b76b1d-690000000-450x300.jpg 450w\" alt=\"\" width=\"690\" height=\"460\" \/><\/p>\n<p>&nbsp;<\/p>\n<p><a href=\"https:\/\/www.michalapetr.com\/map-1961-pro-chude-cechy-leky-jen-z-ukrajiny-cesi-musi-zchudnout-aby-ukrajinci-zbohatli-novy-sileny-pharma-plan-eurokratu-a-top-09-odhalen\/\">Michael Svato\u0161<\/a><\/p>\n<p><img decoding=\"async\" loading=\"lazy\" class=\"alignnone size-full wp-image-27204\" src=\"http:\/\/www.infokuryr.cz\/n\/wp-content\/uploads\/2023\/05\/Michael_Svatos.png\" alt=\"\" width=\"180\" height=\"180\" srcset=\"https:\/\/www.infokuryr.cz\/n\/wp-content\/uploads\/2023\/05\/Michael_Svatos.png 180w, https:\/\/www.infokuryr.cz\/n\/wp-content\/uploads\/2023\/05\/Michael_Svatos-150x150.png 150w\" sizes=\"(max-width: 180px) 100vw, 180px\" \/><\/p>\n<p>&nbsp;<\/p>\n","protected":false},"excerpt":{"rendered":"<p>Pro chud\u00e9 \u010cechy l\u00e9ky jen z Ukrajiny! \u010ce\u0161i mus\u00ed zchudnout, aby Ukrajinci zbohatli! Nov\u00fd \u0161\u00edlen\u00fd&#8230;<\/p>\n","protected":false},"author":2,"featured_media":27961,"comment_status":"closed","ping_status":"closed","sticky":false,"template":"","format":"standard","meta":[],"categories":[6],"tags":[1042,670,1020,26],"_links":{"self":[{"href":"https:\/\/www.infokuryr.cz\/n\/wp-json\/wp\/v2\/posts\/51379"}],"collection":[{"href":"https:\/\/www.infokuryr.cz\/n\/wp-json\/wp\/v2\/posts"}],"about":[{"href":"https:\/\/www.infokuryr.cz\/n\/wp-json\/wp\/v2\/types\/post"}],"author":[{"embeddable":true,"href":"https:\/\/www.infokuryr.cz\/n\/wp-json\/wp\/v2\/users\/2"}],"replies":[{"embeddable":true,"href":"https:\/\/www.infokuryr.cz\/n\/wp-json\/wp\/v2\/comments?post=51379"}],"version-history":[{"count":0,"href":"https:\/\/www.infokuryr.cz\/n\/wp-json\/wp\/v2\/posts\/51379\/revisions"}],"wp:featuredmedia":[{"embeddable":true,"href":"https:\/\/www.infokuryr.cz\/n\/wp-json\/wp\/v2\/media\/27961"}],"wp:attachment":[{"href":"https:\/\/www.infokuryr.cz\/n\/wp-json\/wp\/v2\/media?parent=51379"}],"wp:term":[{"taxonomy":"category","embeddable":true,"href":"https:\/\/www.infokuryr.cz\/n\/wp-json\/wp\/v2\/categories?post=51379"},{"taxonomy":"post_tag","embeddable":true,"href":"https:\/\/www.infokuryr.cz\/n\/wp-json\/wp\/v2\/tags?post=51379"}],"curies":[{"name":"wp","href":"https:\/\/api.w.org\/{rel}","templated":true}]}}