{"id":51376,"date":"2024-04-11T10:50:15","date_gmt":"2024-04-11T08:50:15","guid":{"rendered":"https:\/\/www.infokuryr.cz\/n\/?p=51376"},"modified":"2024-04-11T10:50:15","modified_gmt":"2024-04-11T08:50:15","slug":"petr-hannig-zeleni-silenci-nici-nase-lesy-a-chteji-je-nicit-jeste-vice","status":"publish","type":"post","link":"https:\/\/www.infokuryr.cz\/n\/2024\/04\/11\/petr-hannig-zeleni-silenci-nici-nase-lesy-a-chteji-je-nicit-jeste-vice\/","title":{"rendered":"Petr Hannig: Zelen\u00ed \u0161\u00edlenci ni\u010d\u00ed na\u0161e lesy a cht\u011bj\u00ed je ni\u010dit je\u0161t\u011b v\u00edce"},"content":{"rendered":"<div id=\"fb-root\"><\/div>\n<p><strong>Mo\u017en\u00e1, \u017ee si n\u011bkte\u0159\u00ed pamatuj\u00ed, jak Milo\u0161 Zeman v\u00a0roce\u00a02009, \u010di to bylo v\u00a0roce\u00a02010, u\u017e si nepamatuji p\u0159esn\u011b (prost\u011b v\u00a0dob\u011b, kdy jsem politicky spolupracoval s\u00a0Janou Bobo\u0161\u00edkovou ve stran\u011b, jej\u00ed\u017e jsem byl p\u0159edsedou, Suverenita, a kter\u00e1 se nyn\u00ed jmenuje ROZUMN\u00cd), na \u0160umav\u011b varoval p\u0159ed po\u010d\u00edn\u00e1n\u00ed zelen\u00fdch neziskovek, jejich\u017e aktivist\u00e9 se poutali ke strom\u016fm, aby znemo\u017enili k\u00e1cen\u00ed strom\u016f zasa\u017een\u00fdch k\u016frovcem.<\/strong><\/p>\n<p>Bohu\u017eel ve\u0159ejn\u00e9 m\u00edn\u011bn\u00ed se tehdy p\u0159iklonilo k mant\u0159e, \u017ee je t\u0159eba nechat p\u0159\u00edrodu, aby si boj s k\u016frovcem na \u0160umav\u011b vy\u0159e\u0161ila p\u0159irozenou cestou sama.<\/p>\n<p>A situace je nyn\u00ed po 15 letech takov\u00e1, \u017ee nejenom na \u0160umav\u011b, ale v\u00a0cel\u00e9 republice je na\u0161e jedin\u00e9 p\u0159\u00edrodn\u00ed bohatstv\u00ed, lesy, zni\u010deno. M\u00edsto kr\u00e1sn\u00fdch, osv\u011b\u017euj\u00edc\u00edch lesn\u00edch porost\u016f, m\u00e1me v\u0161ude holiny, such\u00e9 stromy, such\u00e9 str\u00e1n\u011b. Tam kde d\u0159\u00edve pramenily stud\u00e1nky, proto\u017ee zdrav\u00fd les v\u00e1\u017ee vodu, jsou nyn\u00ed such\u00e9 prohlubn\u011b. Tam, kde d\u0159\u00edve zur\u010dely pot\u016f\u010dky pramenit\u00e9 vody, je dnes hrobov\u00e9 ticho.<\/p>\n<p>\u0160umava je mrtv\u00e1, Jesen\u00edky tak\u00e9. Proto\u017ee jezd\u00edm neust\u00e1le po cel\u00e9 republice a mluv\u00edm s\u00a0lidmi, vid\u011bl jsem zk\u00e1zu tamn\u00edch arcibiskupsk\u00fdch les\u016f. N\u00e1dhern\u00e1, d\u0159\u00edve osv\u011b\u017euj\u00edc\u00ed Vyso\u010dina, je nyn\u00ed k\u016frovcem zasa\u017eena skoro nejv\u00edce a p\u016fsob\u00ed nesm\u00edrn\u011b depresivn\u011b.<\/p>\n<p>Co je toho p\u0159\u00ed\u010dinou. Dogmatick\u00e1 politika veden\u00ed \u0160umavsk\u00e9ho n\u00e1rodn\u00edho parku, kter\u00e9 dalo na po\u017eadavky zelen\u00fdch neziskovek. D\u0159\u00edve kulturn\u00ed krajina, kde se kolem ka\u017ed\u00e9 vesni\u010dky lid\u00e9 starali, aby lesy byly \u017eiv\u00e9, je nyn\u00ed z\u00e1kony, kter\u00e9 byly na n\u00e1tlak aktivn\u00edch neziskov\u00fdch lobby p\u0159ijaty, odsouzena k z\u00e1niku.<\/p>\n<p><a href=\"https:\/\/stranapro.cz\/\"><img decoding=\"async\" loading=\"lazy\" class=\"alignnone  wp-image-40285 aligncenter\" src=\"http:\/\/www.infokuryr.cz\/n\/wp-content\/uploads\/2023\/11\/11pro-300x79.png\" alt=\"\" width=\"642\" height=\"169\" srcset=\"https:\/\/www.infokuryr.cz\/n\/wp-content\/uploads\/2023\/11\/11pro-300x79.png 300w, https:\/\/www.infokuryr.cz\/n\/wp-content\/uploads\/2023\/11\/11pro.png 363w\" sizes=\"(max-width: 642px) 100vw, 642px\" \/><\/a><\/p>\n<p>K\u016frovec samoz\u0159ejm\u011b nezn\u00e1 administrativn\u00ed hranice n\u00e1rodn\u00edch park\u016f. A ani jej nezaj\u00edm\u00e1 ideologie p\u0159irozen\u00e9 cesty boje proti jeho p\u016fsoben\u00ed, respektive filozofie, a\u0165 si v\u00a0N\u00e1rodn\u00edm parku \u0160umava p\u016fsob\u00ed, jak chce. On si prost\u0159ednictv\u00ed z\u00e1padn\u00edch a jihoz\u00e1padn\u00edch v\u011btr\u016f, kter\u00e9 u n\u00e1s obvykle v\u011bj\u00ed, vykro\u010dil ni\u010dit lesn\u00ed porosty prakticky do cel\u00e9 republiky.<\/p>\n<p>A na ruku mu \u0161ly ekonomick\u00e9 z\u00e1jmy r\u016fzn\u00fdch firem, kter\u00fdm nez\u00e1le\u017e\u00ed na krajin\u011b, nez\u00e1le\u017e\u00ed na lidech, ale jde jim hlavn\u011b o pen\u00edze. A na\u0161e vl\u00e1dy, jedna jak druh\u00e1, to znamen\u00e1 jak Ne\u010dasova (ODS), tak Sobotkova (\u010cSSD, vlastn\u011b nyn\u00ed SOCDEM), tak Babi\u0161ova (ANO), tak i ta sou\u010dasn\u00e1 p\u011btikoali\u010dn\u00ed, s\u00a0t\u00edm nedok\u00e1zaly nic ud\u011blat. Ale pro\u010d by vlastn\u011b n\u011bco d\u011blaly. V\u017edy\u0165 jim tak\u00e9 na lidech a prost\u0159ed\u00ed, ve kter\u00e9m \u017eij\u00ed, nez\u00e1le\u017eelo a ani nez\u00e1le\u017e\u00ed.<\/p>\n<p>Sem tam n\u011bkdo, jeho\u017e n\u00e1zor d\u00edky jeho politick\u00e9 pozici m\u00e9dia zve\u0159ejn\u00ed, jako nap\u0159\u00edklad starosta Hlubok\u00e9 nad Vltavou, sen\u00e1tor Tom\u00e1\u0161 Jirsa, na tuto z\u00e1le\u017eitost upozorn\u00ed, ale brzy se nad t\u00edm zav\u0159e medi\u00e1ln\u00ed voda, a velmi vlivn\u00e9 \u00bbnepolitick\u00e9\u00ab politick\u00e9 neziskovky sv\u00fdm neust\u00e1l\u00fdm tlakem (pro\u010d by netla\u010dily, kdy\u017e za to jejich veden\u00ed dost\u00e1v\u00e1 pen\u00edze a m\u016f\u017ee si pohodln\u011b \u017e\u00edt a \u0161kodit v\u0161em ostatn\u00edm), dos\u00e1hnou v\u017edy sv\u00e9ho.<\/p>\n<p>A nyn\u00ed se Damokl\u016fv me\u010d vzn\u00e1\u0161\u00ed nad dosud n\u00e1dhern\u00fdmi hlubok\u00fdmi hvozdy K\u0159ivokl\u00e1tska, nebo\u0165 tam cht\u011bj\u00ed zelen\u00ed lobbist\u00e9 dos\u00e1hnout, a u nov\u00e9ho ambici\u00f3zn\u00edho ministra \u017eivotn\u00edho prost\u0159ed\u00ed Hlad\u00edka z\u00a0KDU-\u010cSL u\u017e dos\u00e1hli, proti v\u016fli ob\u010dan\u016f i starost\u016f cel\u00e9ho tamn\u00edho regionu, dal\u0161\u00ed n\u00e1rodn\u00ed park. \u010cili roz\u0161\u00ed\u0159it zk\u00e1zu i na skoro posledn\u00ed \u017eiv\u00fd \u00fasek na\u0161eho d\u0159\u00edv\u011bj\u0161\u00edho kulturn\u00edho bohatstv\u00ed, po stalet\u00ed lidmi ope\u010dov\u00e1van\u00fdch, n\u00e1dhern\u00fdch a prameni\u0161ti \u017eivotod\u00e1rn\u00e9 vody opl\u00fdvaj\u00edc\u00edch les\u016f.<\/p>\n<p>Zlo, bohu\u017eel, i kdy\u017e je v\u00a0men\u0161in\u011b, zat\u00edm v\u017edy vyhr\u00e1v\u00e1. Proto\u017ee ta v\u011bt\u0161ina je pasivn\u00ed, nechod\u00ed k\u00a0volb\u00e1m, zaj\u00edm\u00e1 se pouze o to nejbli\u017e\u0161\u00ed. Jenom\u017ee z\u00e1kony vytv\u00e1\u0159ej\u00ed nejenom poslanci v\u00a0na\u0161em parlamentu, ale na\u0159izuje je i Evropsk\u00e1 unie prost\u0159ednictv\u00edm schvalov\u00e1n\u00ed v\u00a0Europarlamentu. A tito lobbist\u00e9 chod\u00ed volit, na rozd\u00edl od ostatn\u00edch.<\/p>\n<p><strong>Petr Hannig, p\u0159edseda Rozumn\u00fdch, kandid\u00e1t do parlamentu EU (4.\u00a0m\u00edsto), ALIANCE ZA NEZ\u00c1VISLOST\u00a0\u010cR \u2013 proti p\u0159ijet\u00ed eura!<\/strong><\/p>\n<p>&nbsp;<\/p>\n<p>&nbsp;<\/p>\n","protected":false},"excerpt":{"rendered":"<p>Mo\u017en\u00e1, \u017ee si n\u011bkte\u0159\u00ed pamatuj\u00ed, jak Milo\u0161 Zeman v\u00a0roce\u00a02009, \u010di to bylo v\u00a0roce\u00a02010, u\u017e si&#8230;<\/p>\n","protected":false},"author":2,"featured_media":33742,"comment_status":"closed","ping_status":"closed","sticky":false,"template":"","format":"standard","meta":[],"categories":[6],"tags":[67,1503,4374,103],"_links":{"self":[{"href":"https:\/\/www.infokuryr.cz\/n\/wp-json\/wp\/v2\/posts\/51376"}],"collection":[{"href":"https:\/\/www.infokuryr.cz\/n\/wp-json\/wp\/v2\/posts"}],"about":[{"href":"https:\/\/www.infokuryr.cz\/n\/wp-json\/wp\/v2\/types\/post"}],"author":[{"embeddable":true,"href":"https:\/\/www.infokuryr.cz\/n\/wp-json\/wp\/v2\/users\/2"}],"replies":[{"embeddable":true,"href":"https:\/\/www.infokuryr.cz\/n\/wp-json\/wp\/v2\/comments?post=51376"}],"version-history":[{"count":0,"href":"https:\/\/www.infokuryr.cz\/n\/wp-json\/wp\/v2\/posts\/51376\/revisions"}],"wp:featuredmedia":[{"embeddable":true,"href":"https:\/\/www.infokuryr.cz\/n\/wp-json\/wp\/v2\/media\/33742"}],"wp:attachment":[{"href":"https:\/\/www.infokuryr.cz\/n\/wp-json\/wp\/v2\/media?parent=51376"}],"wp:term":[{"taxonomy":"category","embeddable":true,"href":"https:\/\/www.infokuryr.cz\/n\/wp-json\/wp\/v2\/categories?post=51376"},{"taxonomy":"post_tag","embeddable":true,"href":"https:\/\/www.infokuryr.cz\/n\/wp-json\/wp\/v2\/tags?post=51376"}],"curies":[{"name":"wp","href":"https:\/\/api.w.org\/{rel}","templated":true}]}}