{"id":51353,"date":"2024-04-09T09:01:18","date_gmt":"2024-04-09T07:01:18","guid":{"rendered":"https:\/\/www.infokuryr.cz\/n\/?p=51353"},"modified":"2024-04-11T09:03:03","modified_gmt":"2024-04-11T07:03:03","slug":"dalsi-nemecti-vojaci-prijizdeji-k-ruskym-hranicim","status":"publish","type":"post","link":"https:\/\/www.infokuryr.cz\/n\/2024\/04\/09\/dalsi-nemecti-vojaci-prijizdeji-k-ruskym-hranicim\/","title":{"rendered":"Dal\u0161\u00ed n\u011bme\u010dt\u00ed voj\u00e1ci p\u0159ij\u00ed\u017ed\u011bj\u00ed k rusk\u00fdm hranic\u00edm"},"content":{"rendered":"<div id=\"fb-root\"><\/div>\n<p><span style=\"font-size: 18pt;\"><strong>Berl\u00edn vyslal do Litvy prvn\u00ed voj\u00e1ky ze sl\u00edben\u00fdch 4800 voj\u00e1k\u016f\u00a0<\/strong><\/span><\/p>\n<p><span>N\u011bmecko vyslalo do Litvy p\u0159edsunut\u00fd vojensk\u00fd t\u00fdm v r\u00e1mci pl\u00e1n\u016f na vytvo\u0159en\u00ed pln\u011b pevn\u00e9 obrn\u011bn\u00e9 brig\u00e1dy trvale um\u00edst\u011bn\u00e9 v pobaltsk\u00e9m st\u00e1t\u011b, kter\u00fd hrani\u010d\u00ed s Ruskem. Moskva ozna\u010dila misi za hrozbu, kter\u00e1 vy\u017eaduje\u00a0<\/span><em><span>\u201ezvl\u00e1\u0161tn\u00ed opat\u0159en\u00ed\u201c<\/span><\/em><span>\u00a0v reakci.\u00a0<\/span><\/p>\n<p><span>N\u011bmeck\u00fd ministr obrany Boris Pistorius byl mezi t\u011bmi, kdo vyprovodil 21 p\u0159\u00edslu\u0161n\u00edk\u016f vojensk\u00e9 slu\u017eby a civiln\u00edch zam\u011bstnanc\u016f, kte\u0159\u00ed v pond\u011bl\u00ed odlet\u011bli z Berl\u00edna do Vilniusu. Ministr ocenil nasazen\u00ed Bundeswehru jako\u00a0<\/span><em><span>\u201ejasn\u00fd sign\u00e1l solidarity\u201c<\/span><\/em><span>\u00a0s n\u011bmeck\u00fdm kolegou \u010dlenem NATO.\u00a0<\/span><\/p>\n<p><span>Litevsk\u00e1 brig\u00e1da, neboli Panzerbrigade 45, by m\u011bla zahrnovat p\u0159ibli\u017en\u011b 4 800 voj\u00e1k\u016f a 200 civiln\u00edch zam\u011bstnanc\u016f, ne\u017e bude v roce 2027 pln\u011b funk\u010dn\u00ed. Bude hostit cvi\u010di\u0161t\u011b Rudninkai na jihov\u00fdchod\u011b zem\u011b a tak\u00e9 pobl\u00ed\u017e m\u011bsta. z Rukla. N\u011bkte\u0159\u00ed n\u011bme\u010dt\u00ed voj\u00e1ci se budou nach\u00e1zet jen 20 km od hranic s B\u011bloruskem, kl\u00ed\u010dov\u00fdm rusk\u00fdm spojencem. Litva tak\u00e9 soused\u00ed s ruskou enkl\u00e1vou Kaliningrad.<\/span><\/p>\n<p><span>Litva, kter\u00e1 l\u00e9ta modernizuje infrastrukturu pot\u0159ebnou pro ubytov\u00e1n\u00ed zahrani\u010dn\u00edch voj\u00e1k\u016f, ozna\u010dila n\u011bmeck\u00e9 nasazen\u00ed za historick\u00e9. P\u0159\u00edjezd p\u0159edsunut\u00e9ho t\u00fdmu \u010dty\u0159i m\u011bs\u00edce po podeps\u00e1n\u00ed cestovn\u00ed mapy pro st\u00e1lou misi je p\u0159edzv\u011bst\u00ed\u00a0<\/span><em><span>\u201enov\u00e9 str\u00e1nky hlub\u0161\u00edho litevsko-n\u011bmeck\u00e9ho partnerstv\u00ed\u201c,<\/span><\/em><span>\u00a0prohl\u00e1sil ministr obrany Laurynas Kasciunas p\u0159i p\u0159iv\u00edt\u00e1n\u00ed voj\u00e1k\u016f.<\/span><\/p>\n<p><span>Vilnius nab\u00edz\u00ed n\u011bmeckou s\u00edlu jako odstra\u0161uj\u00edc\u00ed prost\u0159edek proti Rusku, i kdy\u017e Moskva to vn\u00edm\u00e1 jako dal\u0161\u00ed d\u016fkaz toho, \u017ee NATO zasahuje do jeho hranic.\u00a0<\/span><\/p>\n<p><em><span>&#8222;Pokra\u010duje to v eskalaci nap\u011bt\u00ed, vytv\u00e1\u0159en\u00ed hotspot\u016f hrozeb pro n\u00e1s na na\u0161ich hranic\u00edch, co\u017e si jist\u011b vy\u017e\u00e1d\u00e1 speci\u00e1ln\u00ed opat\u0159en\u00ed k zaji\u0161t\u011bn\u00ed na\u0161\u00ed bezpe\u010dnosti,&#8220;<\/span><\/em><span>\u00a0\u0159ekl mluv\u010d\u00ed Kremlu Dmitrij Peskov.\u00a0<\/span><\/p>\n<p><span>Moskva obvinila Washington, \u017ee ignoruje jeho obavy z roz\u0161i\u0159ov\u00e1n\u00ed NATO v Evrop\u011b, co\u017e bylo u\u010din\u011bno v rozporu se sliby dan\u00fdmi sov\u011btsk\u00e9mu veden\u00ed, kdy\u017e souhlasilo se sjednocen\u00edm N\u011bmecka na po\u010d\u00e1tku 90. let.\u00a0<\/span><\/p>\n<p><span>Sou\u010dasn\u00e9 nep\u0159\u00e1telstv\u00ed mezi Moskvou a Kyjevem, o kter\u00e9m vojensk\u00fd blok veden\u00fd USA tvrd\u00ed, \u017ee vy\u017eaduje zv\u00fd\u0161enou p\u0159\u00edtomnost ve v\u00fdchodn\u00ed Evrop\u011b a Pobalt\u00ed, bylo podle rusk\u00fdch p\u0159edstavitel\u016f vyvol\u00e1no pl\u00ed\u017eivou expanz\u00ed NATO na Ukrajinu.\u00a0<\/span><\/p>\n<p><img decoding=\"async\" loading=\"lazy\" class=\"alignnone size-full wp-image-1185\" src=\"http:\/\/www.infokuryr.cz\/n\/wp-content\/uploads\/2021\/04\/kuryr-podpis.png\" alt=\"\" width=\"84\" height=\"24\" \/><\/p>\n<p>&nbsp;<\/p>\n","protected":false},"excerpt":{"rendered":"<p>Berl\u00edn vyslal do Litvy prvn\u00ed voj\u00e1ky ze sl\u00edben\u00fdch 4800 voj\u00e1k\u016f\u00a0 N\u011bmecko vyslalo do Litvy p\u0159edsunut\u00fd&#8230;<\/p>\n","protected":false},"author":2,"featured_media":51354,"comment_status":"closed","ping_status":"closed","sticky":false,"template":"","format":"standard","meta":[],"categories":[7],"tags":[804,84,321],"_links":{"self":[{"href":"https:\/\/www.infokuryr.cz\/n\/wp-json\/wp\/v2\/posts\/51353"}],"collection":[{"href":"https:\/\/www.infokuryr.cz\/n\/wp-json\/wp\/v2\/posts"}],"about":[{"href":"https:\/\/www.infokuryr.cz\/n\/wp-json\/wp\/v2\/types\/post"}],"author":[{"embeddable":true,"href":"https:\/\/www.infokuryr.cz\/n\/wp-json\/wp\/v2\/users\/2"}],"replies":[{"embeddable":true,"href":"https:\/\/www.infokuryr.cz\/n\/wp-json\/wp\/v2\/comments?post=51353"}],"version-history":[{"count":0,"href":"https:\/\/www.infokuryr.cz\/n\/wp-json\/wp\/v2\/posts\/51353\/revisions"}],"wp:featuredmedia":[{"embeddable":true,"href":"https:\/\/www.infokuryr.cz\/n\/wp-json\/wp\/v2\/media\/51354"}],"wp:attachment":[{"href":"https:\/\/www.infokuryr.cz\/n\/wp-json\/wp\/v2\/media?parent=51353"}],"wp:term":[{"taxonomy":"category","embeddable":true,"href":"https:\/\/www.infokuryr.cz\/n\/wp-json\/wp\/v2\/categories?post=51353"},{"taxonomy":"post_tag","embeddable":true,"href":"https:\/\/www.infokuryr.cz\/n\/wp-json\/wp\/v2\/tags?post=51353"}],"curies":[{"name":"wp","href":"https:\/\/api.w.org\/{rel}","templated":true}]}}