{"id":51351,"date":"2024-04-09T09:00:56","date_gmt":"2024-04-09T07:00:56","guid":{"rendered":"https:\/\/www.infokuryr.cz\/n\/?p=51351"},"modified":"2024-04-11T09:03:51","modified_gmt":"2024-04-11T07:03:51","slug":"malajsky-kral-vola-po-jednote-uprostred-vzteku-nad-rouhacskymi-ponozkami","status":"publish","type":"post","link":"https:\/\/www.infokuryr.cz\/n\/2024\/04\/09\/malajsky-kral-vola-po-jednote-uprostred-vzteku-nad-rouhacskymi-ponozkami\/","title":{"rendered":"Malajsk\u00fd kr\u00e1l vol\u00e1 po jednot\u011b uprost\u0159ed vzteku nad rouha\u010dsk\u00fdmi pono\u017ekami"},"content":{"rendered":"<div id=\"fb-root\"><\/div>\n<p><span style=\"font-size: 18pt;\"><strong>Prodej oble\u010den\u00ed se jm\u00e9nem \u201eAll\u00e1h\u201c vyvolal v zemi s v\u011bt\u0161inou muslim\u016f pobou\u0159en\u00ed<\/strong><\/span><\/p>\n<p>Malajsk\u00fd kr\u00e1l Sult\u00e1n Ibrahim Iskandar radil \u010dlen\u016fm vl\u00e1dnouc\u00ed koalice v z\u00e1konod\u00e1rn\u00e9m sboru, aby nevyjad\u0159ovali\u00a0<em>\u201eextr\u00e9mn\u00ed n\u00e1zory\u201c<\/em>\u00a0na ot\u00e1zky souvisej\u00edc\u00ed s rasou a n\u00e1bo\u017eenstv\u00edm v d\u016fsledku rostouc\u00edho nap\u011bt\u00ed zp\u016fsoben\u00e9ho prodejem pono\u017eek nesouc\u00edch jm\u00e9no \u201eAll\u00e1h\u201c.<\/p>\n<p>Podle \u00fatern\u00edho\u00a0<a href=\"https:\/\/www.facebook.com\/story.php?story_fbid=pfbid0vu9Zd12e9X75nBo9d9di3csKdsa4jsGt3aGbGSKuZqbd2epe5u4syhaed4fTACCNl&amp;id=100044238919228&amp;paipv=0&amp;eav=AfYvaI_tdfMjv7JxX-iKhywtWx1WHCii0DCKVEkQRl68ioCZaoEhtE_C4WkMDuqUiTI&amp;_rdr\" target=\"_blank\" rel=\"noopener noreferrer\">p\u0159\u00edsp\u011bvku<\/a>\u00a0na Facebooku se kr\u00e1l se\u0161el se z\u00e1stupci United Malajs National Organization (UMNO) a Democratic Action Party (DAP), aby prodiskutovali aktu\u00e1ln\u00ed v\u00fdvoj\u00a0<em>\u201eohledn\u011b n\u00e1bo\u017eensk\u00e9 a rasov\u00e9 citlivosti\u201c.<\/em><\/p>\n<p>Vedouc\u00ed p\u0159edstavitel\u00e9 \u010d\u00ednsk\u00fdch v\u011bt\u0161inov\u00fdch DAP a UMNO byli v rozporu po pokra\u010duj\u00edc\u00edm bojkotu posledn\u011b jmenovan\u00e9ho \u0159et\u011bzce supermarket\u016f, kde byly \u00fato\u010dn\u00e9 pono\u017eky prod\u00e1v\u00e1ny.<\/p>\n<p>Kr\u00e1l varoval UMNO a DAP p\u0159ed podn\u011bcov\u00e1n\u00edm k rozd\u011blen\u00ed a nal\u00e9hal:\u00a0<em>&#8222;Jak se Hari Raya bl\u00ed\u017e\u00ed, bu\u010fte k sob\u011b shov\u00edvav\u00ed a oto\u010dte novou str\u00e1nku.&#8220;<\/em><\/p>\n<p>Hari Raya je v\u00fdznamn\u00fd sv\u00e1tek, kter\u00fd slav\u00ed muslimov\u00e9 po cel\u00e9m sv\u011bt\u011b a symbolizuje konec ramad\u00e1nu, postn\u00edho m\u011bs\u00edce. Letos muslimov\u00e9 v Malajsii oslav\u00ed festival 10. dubna.<\/p>\n<p>Asi dv\u011b t\u0159etiny z 34 milion\u016f obyvatel Malajsie jsou malaj\u0161t\u00ed muslimov\u00e9, p\u0159i\u010dem\u017e isl\u00e1m vyzn\u00e1vaj\u00ed tak\u00e9 velk\u00e9 men\u0161iny etnick\u00fdch \u010c\u00ed\u0148an\u016f a lid\u00e9 indick\u00e9ho p\u016fvodu.<\/p>\n<p>Malajsk\u00e9 soci\u00e1ln\u00ed s\u00edt\u011b za\u017eehlo koncem minul\u00e9ho m\u011bs\u00edce pobou\u0159en\u00ed kv\u016fli obr\u00e1zk\u016fm pono\u017eek ozna\u010den\u00fdch \u201eAll\u00e1h\u201c \u2013 arabsk\u00e9 slovo pro Boha \u2013 kter\u00e9 se \u00fadajn\u011b prod\u00e1valy v KK Mart, druh\u00e9m nejv\u011bt\u0161\u00edm \u0159et\u011bzci minimarket\u016f v zemi. Skute\u010dnost, \u017ee KK Mart je malajsko-\u010d\u00ednsk\u00e1 spole\u010dnost a \u017ee pono\u017eky se za\u010daly prod\u00e1vat b\u011bhem m\u011bs\u00edce ramad\u00e1nu, jen p\u0159idalo na zu\u0159ivosti.<a class=\"read-more__link\" href=\"https:\/\/swentr.site\/news\/595189-store-attacked-socks-allah\/\" target=\"_blank\" rel=\"noopener\"><picture><source srcset=\" https:\/\/mf.b37mrtl.ru\/files\/2024.03\/xxs\/6609898420302761586db8aa.jpg 560w, https:\/\/mf.b37mrtl.ru\/files\/2024.03\/xs\/6609898420302761586db8ab.jpg 640w, https:\/\/mf.b37mrtl.ru\/files\/2024.03\/thumbnail\/6609898320302761586db8a9.jpg 920w, https:\/\/mf.b37mrtl.ru\/files\/2024.03\/m\/6609898520302761586db8ac.jpg 1080w, https:\/\/mf.b37mrtl.ru\/files\/2024.03\/l\/6609898520302761586db8ad.jpg 1536w, https:\/\/mf.b37mrtl.ru\/files\/2024.03\/article\/6609898320302761586db8a8.jpg 1960w, https:\/\/mf.b37mrtl.ru\/files\/2024.03\/xxl\/6609898620302761586db8ae.jpg 2480w \" media=\"(-webkit-min-device-pixel-ratio: 2) and (min-resolution: 120dpi)\" sizes=\"330px\" data-srcset=\" https:\/\/mf.b37mrtl.ru\/files\/2024.03\/xxs\/6609898420302761586db8aa.jpg 560w, https:\/\/mf.b37mrtl.ru\/files\/2024.03\/xs\/6609898420302761586db8ab.jpg 640w, https:\/\/mf.b37mrtl.ru\/files\/2024.03\/thumbnail\/6609898320302761586db8a9.jpg 920w, https:\/\/mf.b37mrtl.ru\/files\/2024.03\/m\/6609898520302761586db8ac.jpg 1080w, https:\/\/mf.b37mrtl.ru\/files\/2024.03\/l\/6609898520302761586db8ad.jpg 1536w, https:\/\/mf.b37mrtl.ru\/files\/2024.03\/article\/6609898320302761586db8a8.jpg 1960w, https:\/\/mf.b37mrtl.ru\/files\/2024.03\/xxl\/6609898620302761586db8ae.jpg 2480w \" \/><source srcset=\" https:\/\/mf.b37mrtl.ru\/files\/2024.03\/xxs\/6609898420302761586db8aa.jpg 280w, https:\/\/mf.b37mrtl.ru\/files\/2024.03\/xs\/6609898420302761586db8ab.jpg 320w, https:\/\/mf.b37mrtl.ru\/files\/2024.03\/thumbnail\/6609898320302761586db8a9.jpg 460w, https:\/\/mf.b37mrtl.ru\/files\/2024.03\/m\/6609898520302761586db8ac.jpg 540w, https:\/\/mf.b37mrtl.ru\/files\/2024.03\/l\/6609898520302761586db8ad.jpg 768w, https:\/\/mf.b37mrtl.ru\/files\/2024.03\/article\/6609898320302761586db8a8.jpg 980w, https:\/\/mf.b37mrtl.ru\/files\/2024.03\/xxl\/6609898620302761586db8ae.jpg 1240w \" sizes=\"330px\" data-srcset=\" https:\/\/mf.b37mrtl.ru\/files\/2024.03\/xxs\/6609898420302761586db8aa.jpg 280w, https:\/\/mf.b37mrtl.ru\/files\/2024.03\/xs\/6609898420302761586db8ab.jpg 320w, https:\/\/mf.b37mrtl.ru\/files\/2024.03\/thumbnail\/6609898320302761586db8a9.jpg 460w, https:\/\/mf.b37mrtl.ru\/files\/2024.03\/m\/6609898520302761586db8ac.jpg 540w, https:\/\/mf.b37mrtl.ru\/files\/2024.03\/l\/6609898520302761586db8ad.jpg 768w, https:\/\/mf.b37mrtl.ru\/files\/2024.03\/article\/6609898320302761586db8a8.jpg 980w, https:\/\/mf.b37mrtl.ru\/files\/2024.03\/xxl\/6609898620302761586db8ae.jpg 1240w \" \/><\/picture><\/a><\/p>\n<div class=\"read-more large read-more__right\" data-has-alias=\"\">\n<div class=\"read-more__text\">\u00a0<span class=\"read-more__footer\">Obchod byl napaden za prodej pono\u017eek &#8218;All\u00e1h&#8216;<\/span><\/div>\n<\/div>\n<p>Hn\u011bv ve\u0159ejnosti vy\u00fastil ve t\u0159i pokusy o bombov\u00fd \u00fatok na prodejny KK Mart.<\/p>\n<p>Zakladatel \u0159et\u011bzce a jeho man\u017eelka, stejn\u011b jako \u0159editel spole\u010dnosti, byli form\u00e1ln\u011b obvin\u011bni z\u00a0<em>\u201e\u00famysln\u00e9ho \u00famyslu ubl\u00ed\u017eit\u2026 n\u00e1bo\u017eensk\u00e9mu c\u00edt\u011bn\u00ed\u201c.<\/em><\/p>\n<p>V\u0161ichni ob\u017ealovan\u00ed vinu pop\u0159eli. Mana\u017ee\u0159i \u0159et\u011bzce byli propu\u0161t\u011bni na kauci, sly\u0161en\u00ed bylo stanoveno na 29. dubna. Pokud budou odsouzeni, hroz\u00ed jim a\u017e rok v\u011bzen\u00ed, pokuta nebo oboj\u00ed.<\/p>\n<p>KK Mart se ji\u017e d\u0159\u00edve omluvil za \u00fato\u010dn\u00e9 pono\u017eky s t\u00edm, \u017ee podnikl okam\u017eit\u00e9 kroky k zastaven\u00ed jejich prodeje. Spole\u010dnost tak\u00e9 za\u017ealovala sv\u00e9ho dodavatele a obvinila ho ze sabot\u00e1\u017ee a po\u0161kozen\u00ed dobr\u00e9ho jm\u00e9na sv\u00e9 zna\u010dky.<\/p>\n<p>Mezit\u00edm \u0161\u00e9f ml\u00e1de\u017ee UMNO Akmal Saleh, kter\u00fd vedl protest proti KK Mart, po setk\u00e1n\u00ed s kr\u00e1lem na Facebooku uvedl, \u017ee bude\u00a0<em>\u201edb\u00e1t\u201c<\/em>\u00a0rad v z\u00e1jmu n\u00e1rodn\u00ed harmonie. Neup\u0159esnil v\u0161ak, zda p\u0159estane vyz\u00fdvat k bojkotu.<\/p>\n<p><img decoding=\"async\" loading=\"lazy\" class=\"alignnone size-full wp-image-1185\" src=\"http:\/\/www.infokuryr.cz\/n\/wp-content\/uploads\/2021\/04\/kuryr-podpis.png\" alt=\"\" width=\"84\" height=\"24\" \/><\/p>\n","protected":false},"excerpt":{"rendered":"<p>Prodej oble\u010den\u00ed se jm\u00e9nem \u201eAll\u00e1h\u201c vyvolal v zemi s v\u011bt\u0161inou muslim\u016f pobou\u0159en\u00ed Malajsk\u00fd kr\u00e1l Sult\u00e1n&#8230;<\/p>\n","protected":false},"author":2,"featured_media":51352,"comment_status":"closed","ping_status":"closed","sticky":false,"template":"","format":"standard","meta":[],"categories":[7],"tags":[5382,6868,44],"_links":{"self":[{"href":"https:\/\/www.infokuryr.cz\/n\/wp-json\/wp\/v2\/posts\/51351"}],"collection":[{"href":"https:\/\/www.infokuryr.cz\/n\/wp-json\/wp\/v2\/posts"}],"about":[{"href":"https:\/\/www.infokuryr.cz\/n\/wp-json\/wp\/v2\/types\/post"}],"author":[{"embeddable":true,"href":"https:\/\/www.infokuryr.cz\/n\/wp-json\/wp\/v2\/users\/2"}],"replies":[{"embeddable":true,"href":"https:\/\/www.infokuryr.cz\/n\/wp-json\/wp\/v2\/comments?post=51351"}],"version-history":[{"count":0,"href":"https:\/\/www.infokuryr.cz\/n\/wp-json\/wp\/v2\/posts\/51351\/revisions"}],"wp:featuredmedia":[{"embeddable":true,"href":"https:\/\/www.infokuryr.cz\/n\/wp-json\/wp\/v2\/media\/51352"}],"wp:attachment":[{"href":"https:\/\/www.infokuryr.cz\/n\/wp-json\/wp\/v2\/media?parent=51351"}],"wp:term":[{"taxonomy":"category","embeddable":true,"href":"https:\/\/www.infokuryr.cz\/n\/wp-json\/wp\/v2\/categories?post=51351"},{"taxonomy":"post_tag","embeddable":true,"href":"https:\/\/www.infokuryr.cz\/n\/wp-json\/wp\/v2\/tags?post=51351"}],"curies":[{"name":"wp","href":"https:\/\/api.w.org\/{rel}","templated":true}]}}