{"id":51340,"date":"2024-04-08T00:48:42","date_gmt":"2024-04-07T22:48:42","guid":{"rendered":"https:\/\/www.infokuryr.cz\/n\/?p=51340"},"modified":"2024-04-07T22:53:53","modified_gmt":"2024-04-07T20:53:53","slug":"at-panbuh-ochranuje-slovensko-triumfalni-vitezstvi-petera-pellegriniho-na-slovensku-spustilo-operaci-russiagate","status":"publish","type":"post","link":"https:\/\/www.infokuryr.cz\/n\/2024\/04\/08\/at-panbuh-ochranuje-slovensko-triumfalni-vitezstvi-petera-pellegriniho-na-slovensku-spustilo-operaci-russiagate\/","title":{"rendered":"A\u0165 P\u00e1nb\u016fh ochra\u0148uje Slovensko! Triumf\u00e1ln\u00ed v\u00edt\u011bzstv\u00ed Petera Pellegriniho na Slovensku spustilo operaci Russiagate!"},"content":{"rendered":"<div id=\"fb-root\"><\/div>\n<h4>A\u0165 P\u00e1nb\u016fh ochra\u0148uje Slovensko! Triumf\u00e1ln\u00ed v\u00edt\u011bzstv\u00ed Petera Pellegriniho na Slovensku spustilo operaci Russiagate! Zat\u00edmco Pellegrini mluvil o Bohu a proti v\u00e1lce, tak Ivan Kor\u010dok obvinil Pellegriniho kampa\u0148 z nejasn\u00e9ho financov\u00e1n\u00ed, kdy pen\u00edze na kampa\u0148 pr\u00fd chodily z ciziny. A pronesl i v\u00fdhr\u016f\u017eku \u2013\u00a0Toto v\u00e1m nezapomenu!<\/h4>\n<p>V\u00edt\u011bzstv\u00ed Petera Pellegriniho ve slovensk\u00fdch prezidentsk\u00fdch volb\u00e1ch ot\u0159\u00e1s\u00e1 celou Evropou. Z\u00e1padn\u00ed tisk u\u017e otev\u0159en\u011b p\u00ed\u0161e o ohro\u017een\u00ed demokracie v Evrop\u011b, v\u00fdsledek voleb pr\u00fd upevn\u00ed pozici vl\u00e1dy Roberta Fica a v kone\u010dn\u00e9m d\u016fsledku budou vzpruhou i pro Viktora Orb\u00e1na, proti kter\u00e9mu o v\u00edkendu prob\u011bhly v Budape\u0161ti velk\u00e9 demonstrace. Pellegrini vyhr\u00e1l de facto triumf\u00e1ln\u00edm zp\u016fsobem, proto\u017ee volby nedopadly t\u011bsn\u011b, jak se o\u010dek\u00e1valo, ale s velk\u00fdm a pohodln\u00fdm n\u00e1skokem.<\/p>\n<p><strong>Slovensko nechce j\u00edt \u010deskou cestou, kde si n\u00e1rod zvolil nejprve Petra Fialu, kter\u00fd dr\u017e\u00ed sv\u011btov\u00fd rekord nejm\u00e9n\u011b obl\u00edben\u00e9ho politika na sv\u011bt\u011b [<a href=\"https:\/\/href.li\/?https:\/\/247wallst.com\/special-report\/2024\/01\/25\/the-most-disliked-world-leaders-2\/\" target=\"_blank\" rel=\"nofollow noopener\">1<\/a>], ale rovn\u011b\u017e i b\u00fdval\u00e9ho rozv\u011bd\u010d\u00edka Petra Pavla.<\/strong>\u00a0\u010cesko je zkr\u00e1tka na fa\u0161iza\u010dn\u00ed vln\u011b, ale propad \u017eivotn\u00ed \u00farovn\u011b v d\u016fsledku inflace a kroky neschopn\u00e9 vl\u00e1dy povedou z\u0159ejm\u011b k\u00a0<em>orbanizaci<\/em>\u00a0\u010desk\u00e9 politiky po p\u0159\u00ed\u0161t\u00edch volb\u00e1ch. Zaj\u00edmav\u00e9 ale byly vlasteneck\u00e9 v\u00fdroky Pellegriniho ve v\u00edt\u011bzn\u00e9m projevu. A hovo\u0159ilo se i o P\u00e1nubohu, co\u017e podle m\u00e9ho n\u00e1zoru je v ostr\u00e9m kontrastu s t\u00edm, co pro zm\u011bnu zazn\u011blo od Ivana Kor\u010doka.<\/p>\n<p>&nbsp;<\/p>\n<div id=\"rumble_v4lfx6u\">\n<div id=\"vid_v4lfx6u\" class=\"rumble_v4lfx6u-Rumble-cls\" tabindex=\"-1\">\n<div class=\"bigPlayUI ctp\"><div class='videoWrapper'>\r\n\t            <iframe src='https:\/\/rumble.com\/embed\/pj.v4lfx6u\/' frameborder='0' allowfullscreen><\/iframe>\r\n\t        <\/div><\/p>\n<div class=\"bigPlayUIInner ctp\"><\/div>\n<\/div>\n<\/div>\n<\/div>\n<p>&nbsp;<\/p>\n<p>Je to neuv\u011b\u0159iteln\u00e9. ale na Slovensku se za\u010d\u00ednaj\u00ed kop\u00edrovat procesy politick\u00e9ho \u0159\u00edzen\u00ed doslova a do p\u00edsmene podle \u0161ablony ud\u00e1lost\u00ed z konce roku 2016, kdy\u017e Donald Trump vyhr\u00e1l prezidentsk\u00e9 volby. Byl tehdy okam\u017eit\u011b obvin\u011bn, \u017ee pr\u00fd za jeho v\u00edt\u011bzstv\u00edm stoj\u00ed rusk\u00e9 pen\u00edze, kter\u00e9 pr\u00fd ovlivnily ve\u0159ejn\u00e9 m\u00edn\u011bn\u00ed a v\u00fdsledek voleb za pomoci pen\u011bz, kter\u00e9 financovaly obrovskou kampa\u0148 no soci\u00e1ln\u00edch s\u00edt\u00edch proti Hillary Clinton a sou\u010dasn\u011b na podporu Donalda Trumpa.<\/p>\n<p>Z cel\u00e9ho obvin\u011bn\u00ed se stala kauza\u00a0<strong><em>Russiagate<\/em><\/strong>, kter\u00e1 teprve ned\u00e1vno byla americk\u00fdmi soudy smetena ze stolu jako nepodlo\u017een\u00e9 a neprok\u00e1zan\u00e9 obvin\u011bn\u00ed, ov\u0161em pravdou bylo, \u017ee toto obvin\u011bn\u00ed poznamenalo cel\u00e9 Trumpovo prezidentov\u00e1n\u00ed. A za\u010d\u00edn\u00e1m m\u00edt pocit, \u017ee to sam\u00e9 te\u010f m\u016f\u017ee \u010dekat v cel\u00e9 Evropsk\u00e9 unii pr\u00e1v\u011b Petera Pellegriniho, kter\u00fd se dostane spolu s Donaldem Trumpem na seznam ne\u017e\u00e1douc\u00edch politik\u016f s vazbami na Rusko. V\u016fbec bych se nedivil, \u017ee z\u00e1padn\u00ed elity se pokus\u00ed rozjet tzv.\u00a0<em>Russiagate<\/em>\u00a0i proti Pellegrinimu.<\/p>\n<h6><span style=\"font-size: 18pt;\">VIDEO: Toto v\u00e1m nezapomenu!<\/span><\/h6>\n<p>Ivan Kor\u010dok evidentn\u011b por\u00e1\u017eku neunesl, proto\u017ee o\u010dek\u00e1val, \u017ee bude zvolen, ale v d\u016fsledku drtiv\u00e9 por\u00e1\u017eky pronesl slova, kter\u00e1 zn\u011bla jako v\u00fdhr\u016f\u017eka. P\u0159ed sv\u00fdmi p\u0159\u00edznivci a sponzory z Globsecu, z americk\u00e9ho velvyslanectv\u00ed, z n\u011bmeck\u00e9ho velvyslanectv\u00ed a tak\u00e9 z \u010desk\u00fdch m\u00e9di\u00ed vyslal hroziv\u00fd vzkaz, \u017ee svoji por\u00e1\u017eku pr\u00fd sv\u00fdm oponent\u016fm nezapomene, proto\u017ee ho pr\u00fd ve volebn\u00ed kampani ozna\u010dovali za\u00a0<em><strong>kandid\u00e1ta v\u00e1lky<\/strong><\/em>, co\u017e pr\u00fd nen\u00ed pravda, proto\u017ee m\u00e1 dva syny.<\/p>\n<p>Pouze p\u0159ipome\u0148me, \u017ee kdy\u017e n\u011bkdo m\u00e1 dva syny, je\u0161t\u011b to neznamen\u00e1, \u017ee nem\u016f\u017ee b\u00fdt v\u00e1le\u010dn\u00fdm kandid\u00e1tem. Nen\u00ed to tak d\u00e1vno, co starosta Kyjeva a b\u00fdval\u00fd boxer Vitalij Kli\u010dko odpov\u00eddal na dotaz novin\u00e1\u0159\u016f, pro\u010d jeho 2 synov\u00e9 nejsou na front\u011b na Donbasu, a Kli\u010dko jim odpov\u011bd\u011bl, \u017ee by oba r\u00e1di cht\u011bli na frontu, ale nemohou, proto\u017ee\u00a0<em>bohu\u017eel<\/em>\u00a0maj\u00ed n\u011bmeck\u00e9 ob\u010danstv\u00ed! Ano, takhle se to d\u011bl\u00e1 na Ukrajin\u011b, kdy\u017e m\u00e1 n\u011bkdo dva syny a v zemi vypukla v\u00e1lka.<\/p>\n<div id=\"rumble_v4lfzk3\">\n<div id=\"vid_v4lfzk3\" class=\"rumble_v4lfzk3-Rumble-cls\" tabindex=\"-1\">\n<div class=\"bigPlayUI ctp\">\n<div class=\"bigPlayUIInner ctp\"><\/div>\n<\/div>\n<div><div class='videoWrapper'>\r\n\t            <iframe src='https:\/\/rumble.com\/embed\/pj.v4lfzk3\/' frameborder='0' allowfullscreen><\/iframe>\r\n\t        <\/div><\/div>\n<\/div>\n<\/div>\n<p>&nbsp;<\/p>\n<p>\u201c<em>Moje d\u011bti maj\u00ed bohu\u017eel n\u011bmeck\u00e9 ob\u010danstv\u00ed,<\/em>\u201d komentoval\u00a0<strong>[<a href=\"https:\/\/href.li\/?https:\/\/en.mriya.news\/327025-by-the-way-klitschko-smeared-his-kids\" target=\"_blank\" rel=\"nofollow noopener\">2<\/a>]<\/strong>\u00a0Kli\u010dko unikl\u00e9 video\u00a0<strong>[<a href=\"https:\/\/href.li\/?https:\/\/pravda-en.com\/world\/2024\/03\/31\/399699.html\" target=\"_blank\" rel=\"nofollow noopener\">3<\/a>]<\/strong>, na kter\u00e9m se jeho d\u011bti poflakuj\u00ed v N\u011bmecku b\u011bhem v\u00e1lky na Ukrajin\u011b. Stejn\u011b jako d\u011bti Zelensk\u00e9ho, Poro\u0161enka, Gordona, Danilova, Gon\u010darenka a dal\u0161\u00edch \u017eij\u00ed Kli\u010dkovy d\u011bti v zahrani\u010d\u00ed.\u00a0<strong>Maxim Kli\u010dko nastoupil v roce 2023 do soukrom\u00e9 \u0161koly v USA<\/strong>, kde se nad\u00e1le v\u011bnuje basketbalu. Elizabeth Kli\u010dko studovala v Nizozemsku psychologii, ale nyn\u00ed nen\u00ed zn\u00e1mo, \u010d\u00edm se zab\u00fdv\u00e1. Kli\u010dk\u016fv nejstar\u0161\u00ed syn Jegor-Daniel nebyl na ve\u010d\u00edrku p\u0159\u00edtomen.<\/p>\n<p>T\u0159iadvacetilet\u00fd\u00a0<strong>Jegor studuje na presti\u017en\u00ed a Rothschildovou rodinou podporovan\u00e9 \u0161kole v Lond\u00fdn\u011b na School of Economics a zab\u00fdv\u00e1 se tam glob\u00e1ln\u00edm managementem.<\/strong>\u00a0Pokud n\u011bjak\u00fd politik, podobn\u011b jako Vitalij Kli\u010dko, \u017eene do v\u00e1lky d\u011bt\u00ed sv\u00e9ho n\u00e1roda, je\u0161t\u011b to neznamen\u00e1, \u017ee tam po\u017eene i sv\u00e9 syny. Ivan Kor\u010dok ale obvinil Pellegriniho kampa\u0148, \u017ee byla financov\u00e1na netransparentn\u011b z ciziny, a \u017ee ta kampa\u0148 \u0161\u00ed\u0159ila strach z v\u00e1lky.\u00a0<strong>Pellegrinimu a jeho kampani to pr\u00fd nezapomene.<\/strong>\u00a0V\u00fdhr\u016f\u017eka byla opravdu neobvykl\u00e1 a zazn\u011bla opakovan\u011b.<\/p>\n<h6><span style=\"font-size: 18pt;\">Triumf\u00e1ln\u00ed v\u00edt\u011bzstv\u00ed protiv\u00e1le\u010dn\u00e9ho kandid\u00e1ta je skv\u011blou zpr\u00e1vou pro m\u00edr v cel\u00e9 Evrop\u011b!<\/span><\/h6>\n<p>Peter Pellegrini vyhr\u00e1l sobotn\u00ed prezidentsk\u00e9 volby na Slovensku se ziskem 53,12% hlas\u016f a jeho protikandid\u00e1t Ivan Kor\u010dok obdr\u017eel 46,87% hlas\u016f. Voleb se ve 2. kole z\u00fa\u010dastnilo 61,14% obyvatelstva a nejv\u011bt\u0161\u00ed n\u00e1r\u016fst po\u010dtu voli\u010d\u016f byl zaznamen\u00e1n na jihu Slovenska v obvodech s vysok\u00fdm zastoupen\u00edm ma\u010farsk\u00e9 men\u0161iny, kter\u00e1 byla podle informac\u00ed zd\u011b\u0161ena proti-orb\u00e1novsk\u00fdmi v\u00fdroky Ivana Kor\u010doka, tak\u017ee se ma\u010farsk\u00e1 diaspora rozhodla masivn\u011b podpo\u0159it Petera Pellegriniho.<\/p>\n<p>A pr\u00e1v\u011b jejich hlasy podle v\u0161eho pomohly ke zvratu ve volebn\u00ed dynamice z 1. kola. Pellegrini ztr\u00e1cel v 1. kole na Kor\u010doka 124 000 hlas\u016f, co\u017e bylo opravdu hodn\u011b, a\u017e ne\u010dekan\u011b hodn\u011b. Jak u\u017e jsem v p\u0159edminul\u00e9m po\u0159adu na SVCS uv\u00e1d\u011bl, Pellegrini k v\u00edt\u011bzstv\u00ed ve 2. kole pot\u0159eboval dohnat ztr\u00e1tu a nav\u00edc z\u00edskat dal\u0161\u00edch 150 a\u017e 200 000 hlas\u016f. A p\u0159esn\u011b to se mu povedlo, kdy\u017e ve 2. kole z\u00edskal zhruba o 165 000 hlas\u016f v\u00edce ne\u017e Kor\u010dok. Sloven\u0161t\u00ed voli\u010di, vlastenci a n\u00e1rodovci \u0161li do sebe a nakonec se sjednotili a masivn\u011b podpo\u0159ili Petera Pellegriniho, ta \u010d\u00edsla to jasn\u011b potvrzuj\u00ed.<\/p>\n<p><a href=\"https:\/\/aeronet.news\/wp-content\/uploads\/VolbySKstats.jpg\"><img decoding=\"async\" loading=\"lazy\" class=\"wp-image-59165 aligncenter\" src=\"https:\/\/aeronet.news\/wp-content\/uploads\/VolbySKstats.jpg\" sizes=\"(max-width: 744px) 100vw, 744px\" srcset=\"https:\/\/aeronet.news\/wp-content\/uploads\/VolbySKstats.jpg 744w, https:\/\/aeronet.news\/wp-content\/uploads\/VolbySKstats-300x254.jpg 300w, https:\/\/aeronet.news\/wp-content\/uploads\/VolbySKstats-700x594.jpg 700w, https:\/\/aeronet.news\/wp-content\/uploads\/VolbySKstats-421x357.jpg 421w, https:\/\/aeronet.news\/wp-content\/uploads\/VolbySKstats-569x483.jpg 569w\" alt=\"\" width=\"627\" height=\"532\" \/><\/a><\/p>\n<p>Pellegrini z\u00edskal ve 2. kole o t\u00e9m\u011b\u0159 600 000 hlas\u016f v\u00edce ne\u017e v 1. kole, co\u017e je mnohon\u00e1sobn\u011b v\u00edce, ne\u017e bylo 265 000 voli\u010d\u016f \u0160tefana Harabina v 1. kole. Podle na\u0161ich informac\u00ed za nabr\u00e1n\u00edm tolika dal\u0161\u00edch nov\u00fdch hlas\u016f stoj\u00ed mobilizace voli\u010d\u016f, kte\u0159\u00ed chod\u00ed jinak jen k parlamentn\u00edm volb\u00e1m. V prvn\u00ed \u0159ad\u011b to je vlasteneck\u00e1 a n\u00e1rodn\u00ed fronta na Slovensku, kter\u00e1 mobilizuje hlasy pro strany vl\u00e1dn\u00ed koalice a jejich kandid\u00e1ty.<\/p>\n<p>Vliv alternativn\u00edch m\u00e9di\u00ed rozhoduje volby, to je zcela patrn\u00e9. Pr\u00e1v\u011b alternativn\u00ed m\u00e9dia toti\u017e um\u00ed mobilizovat ty voli\u010de, kte\u0159\u00ed obvykle k volb\u00e1m prezidenta nechod\u00ed, ale je-li nastoleno t\u00e9ma, kter\u00e9 je kl\u00ed\u010dov\u00e9 pro osud n\u00e1roda, tak tito lid\u00e9 k volb\u00e1m p\u0159ijdou a n\u00e1rod zachr\u00e1n\u00ed. Hrozba v\u00e1lky v Evrop\u011b a hrozba zata\u017een\u00ed evropsk\u00fdch n\u00e1rod\u016f nezodpov\u011bdn\u00fdmi politiky do v\u00e1lky s Ruskem kv\u016fli Ukrajin\u011b je hmatateln\u00e1 a lid\u00e9 ji vn\u00edmaj\u00ed.<\/p>\n<h6><span style=\"font-size: 18pt;\">Sloven\u0161t\u00ed voli\u010di vystavili stopku v\u00e1lce na Ukrajin\u011b, proto\u017ee hrozba v\u00e1lky v Evrop\u011b je re\u00e1ln\u00e1!<\/span><\/h6>\n<p>Pr\u00e1v\u011b ve \u010dtvrtek rada ministr\u016f na summitu NATO v Bruselu rozhodla\u00a0<strong>[<a href=\"https:\/\/aeronet.news\/silenci-se-dockali-polsky-ministr-zahranici-oznamil-vytvoreni-nevojenske-mise-nato-ktera-bude-na-ukrajine-cvicit-afu-sikorski-dokonce-prohlasil-ze-rusko-uz-podle-putina-ve-valce-s-nato-je\/\">4<\/a>]<\/strong>\u00a0o vytvo\u0159en\u00ed mise NATO na Ukrajin\u011b, i kdy\u017e pr\u00fd p\u016fjde o neozbrojen\u00e9 voj\u00e1ky. Ka\u017ed\u00e9mu je jasn\u00e9, \u017ee je to sal\u00e1mov\u00e1 metoda. Dnes to jsou voj\u00e1ci beze zbran\u00ed, z\u00edtra voj\u00e1ci s obrann\u00fdmi zbran\u011bmi na svoji obranu a t\u0159et\u00ed den to jsou regul\u00e9rn\u00ed interven\u010dn\u00ed sbory.<\/p>\n<p>A kdy\u017e lid\u00e9 vid\u00ed a sly\u0161\u00ed, jak\u00a0<strong>\u010desk\u00fd premi\u00e9r \u017eene \u010desk\u00fd n\u00e1rod do v\u00e1lky na Ukrajin\u011b, jak fanaticky burcuje do dal\u0161\u00edho vyzbrojov\u00e1n\u00ed Ukrajiny<\/strong>, jak ne\u010dinn\u011b p\u0159ihl\u00ed\u017e\u00ed tomu, jako\u00a0<em>ukronacist\u00e9<\/em>\u00a0\u010desk\u00fdmi raketomety RM-70 Vampire zab\u00edj\u00ed civilisty v Belgorodu, tak je jasn\u00e9, \u017ee lid\u00e9 v prezidentsk\u00fdch volb\u00e1ch na Slovensku, i kdy\u017e norm\u00e1ln\u011b k volb\u00e1m prezidenta nechod\u00ed, se nakonec k volb\u00e1m dostav\u00ed a vol\u00ed lep\u0161\u00edho a protiv\u00e1le\u010dn\u00e9ho kandid\u00e1ta.<\/p>\n<figure id=\"attachment_59168\" class=\"wp-caption aligncenter\" style=\"width: 598px;\"><a href=\"https:\/\/aeronet.news\/wp-content\/uploads\/IvanKorcokDefeat.jpg\"><img decoding=\"async\" loading=\"lazy\" class=\"wp-image-59168 \" src=\"https:\/\/aeronet.news\/wp-content\/uploads\/IvanKorcokDefeat-1024x682.jpg\" sizes=\"(max-width: 700px) 100vw, 700px\" srcset=\"https:\/\/aeronet.news\/wp-content\/uploads\/IvanKorcokDefeat-1024x682.jpg 1024w, https:\/\/aeronet.news\/wp-content\/uploads\/IvanKorcokDefeat-300x200.jpg 300w, https:\/\/aeronet.news\/wp-content\/uploads\/IvanKorcokDefeat-768x512.jpg 768w, https:\/\/aeronet.news\/wp-content\/uploads\/IvanKorcokDefeat-700x466.jpg 700w, https:\/\/aeronet.news\/wp-content\/uploads\/IvanKorcokDefeat-536x357.jpg 536w, https:\/\/aeronet.news\/wp-content\/uploads\/IvanKorcokDefeat-725x483.jpg 725w, https:\/\/aeronet.news\/wp-content\/uploads\/IvanKorcokDefeat.jpg 1280w\" alt=\"\" width=\"598\" height=\"398\" \/><\/a><figcaption class=\"wp-caption-text\">Ivan Kor\u010dok<\/figcaption><\/figure>\n<p>To nen\u00ed \u017e\u00e1dn\u00e9 stra\u0161en\u00ed, pane Kor\u010doku. To je pouze\u00a0<strong>konstatov\u00e1n\u00ed reality evropsk\u00e9 politiky, kter\u00e1 svoji nezodpov\u011bdnou koncepc\u00ed po n\u00e1siln\u00e9m p\u0159evratu v Kyjev\u011b v \u00fanoru 2014 dovedla Ukrajinu do v\u00e1le\u010dn\u00e9ho st\u0159etu s Ruskou federac\u00ed.<\/strong>\u00a0A to kv\u016fli tomu, \u017ee politick\u00e9 \u0161pi\u010dky EU nejen nenutily Kyjev k pln\u011bn\u00ed Minsk\u00fdch protokol\u016f. ale jak nakonec prozradila v prosinci 2022 Angela Merkel v rozhovoru\u00a0<strong>[<a href=\"https:\/\/href.li\/?https:\/\/tass.com\/world\/1547141\" target=\"_blank\" rel=\"nofollow noopener\">5<\/a>]<\/strong>\u00a0pro Zeit\u00a0<strong>[<a href=\"https:\/\/href.li\/?https:\/\/www.zeit.de\/2022\/53\/angela-merkel-russland-krieg-wladimir-putin\" target=\"_blank\" rel=\"nofollow noopener\">6<\/a>]<\/strong>, tak Berl\u00edn a \u00fazk\u00e9 veden\u00ed EU v\u011bd\u011bly, \u017ee jde o trik na Rusy a Minsk\u00e9 protokoly nemaj\u00ed za \u00fakol urovnat ob\u010danskou v\u00e1lku na Ukrajin\u011b, ale poskytnout Ukrajin\u011b \u010das.<\/p>\n<p>\u00dakolem bylo d\u00e1t Kyjevu pouze \u010das na p\u0159ezbrojen\u00ed z\u00e1padn\u00edmi zbran\u011bmi a na vycvi\u010den\u00ed ukrajinsk\u00e9 arm\u00e1dy, aby konflikt na Donbasu mohla vy\u0159e\u0161it vojensky. A nejen na Donbasu, ale aby nov\u00e1 ukrajinsk\u00e1 arm\u00e1da mohla obsadit i Krym. Jin\u00fdmi slovy, vysoc\u00ed p\u0159edstavitel\u00e9 EU a N\u011bmecka, kte\u0159\u00ed tento podraz p\u0159ipravili, jsou hlavn\u00edmi vin\u00edky rusk\u00e9 invaze na Ukrajinu v \u00fanoru 2022. Nikoliv Moskva, ale \u0161pi\u010dky Evropsk\u00e9 unie!<\/p>\n<h6><span style=\"font-size: 18pt;\">Za vypuknut\u00ed v\u00e1lky na Ukrajin\u011b nese zodpov\u011bdnost Berl\u00edn a Brusel, kter\u00fd v\u011bdom\u011b podporoval Kyjev v nepln\u011bn\u00ed Minsk\u00fdch protokol\u016f<\/span><\/h6>\n<p>Jsou to oni, kte\u0159\u00ed nejen nechali Ukrajinu cel\u00fdch 8 let neplnit Minsk\u00e9 dohody, ale dokonce Ukrajinu v tomto nepln\u011bn\u00ed podporovali a souhlasili s t\u00edm. Ukrajina zbrojila do v\u00e1le\u010dn\u00e9ho vy\u0159e\u0161en\u00ed ob\u010dansk\u00e9 v\u00e1lky na Ukrajin\u011b za tich\u00e9 pomoci a podpory EU a NATO. Separatist\u00e9 na Donbasu i Rusov\u00e9 byli podvedeni.<\/p>\n<p><strong>Minsk\u00e9 protokoly byly l\u00e9\u010dkou, jak d\u00e1t Ukrajin\u011b \u010das na p\u0159ezbrojen\u00ed a v\u00fdcvik nov\u00e9 arm\u00e1dy. Kyjev nikdy necht\u011bl ob\u010danskou v\u00e1lku vy\u0159e\u0161it m\u00edrov\u011b.<\/strong>\u00a0A necht\u011bl to ani Berl\u00edn, ani EU, ani NATO! Pr\u00e1v\u011b proto p\u0159i\u0161li voli\u010di na Slovensku k volb\u00e1m, aby nedovolili zvolen\u00ed politika, kter\u00fd nepokryt\u011b podporuje vyzbrojov\u00e1n\u00ed Ukrajiny a rovn\u011b\u017e je zast\u00e1ncem zru\u0161en\u00ed pr\u00e1va veta v Evropsk\u00e9 rad\u011b.<\/p>\n<figure id=\"attachment_59167\" class=\"wp-caption aligncenter\" style=\"width: 599px;\"><a href=\"https:\/\/aeronet.news\/wp-content\/uploads\/FicoPellegriniHandshake.jpg\"><img decoding=\"async\" loading=\"lazy\" class=\"wp-image-59167 \" src=\"https:\/\/aeronet.news\/wp-content\/uploads\/FicoPellegriniHandshake-1024x743.jpg\" sizes=\"(max-width: 700px) 100vw, 700px\" srcset=\"https:\/\/aeronet.news\/wp-content\/uploads\/FicoPellegriniHandshake-1024x743.jpg 1024w, https:\/\/aeronet.news\/wp-content\/uploads\/FicoPellegriniHandshake-300x218.jpg 300w, https:\/\/aeronet.news\/wp-content\/uploads\/FicoPellegriniHandshake-768x557.jpg 768w, https:\/\/aeronet.news\/wp-content\/uploads\/FicoPellegriniHandshake-700x508.jpg 700w, https:\/\/aeronet.news\/wp-content\/uploads\/FicoPellegriniHandshake-492x357.jpg 492w, https:\/\/aeronet.news\/wp-content\/uploads\/FicoPellegriniHandshake-665x483.jpg 665w, https:\/\/aeronet.news\/wp-content\/uploads\/FicoPellegriniHandshake-198x143.jpg 198w, https:\/\/aeronet.news\/wp-content\/uploads\/FicoPellegriniHandshake.jpg 1280w\" alt=\"\" width=\"599\" height=\"435\" \/><\/a><figcaption class=\"wp-caption-text\">Gratulace Roberta Fica Peteru Pellegrinimu<\/figcaption><\/figure>\n<p>Na stole toti\u017e le\u017e\u00ed pl\u00e1n na vytvo\u0159en\u00ed Evropsk\u00e9 federace, kdy maj\u00ed b\u00fdt do Bruselu p\u0159evedeny pravomoci n\u00e1rodn\u00edch st\u00e1t\u016f, kter\u00e9 se t\u00fdkaj\u00ed fisk\u00e1ln\u00ed, da\u0148ov\u00e9 a bezpe\u010dnostn\u00ed politiky. Informoval\u00a0<strong>[<a href=\"https:\/\/href.li\/?https:\/\/www.youtube.com\/watch?v=WM9kEnEePZk\" target=\"_blank\" rel=\"nofollow noopener\">7<\/a>]<\/strong>\u00a0o tom Milan Uhr\u00edk, europoslanec za slovenskou stranu Republika. A zru\u0161it pr\u00e1vo veta by znamenalo, \u017ee o vysl\u00e1n\u00ed vojsk na Ukrajinu u\u017e by nerozhodovaly n\u00e1rodn\u00ed vl\u00e1dy a parlamenty, ale hlasy prost\u00e9 v\u011bt\u0161iny ministr\u016f v Evropsk\u00e9 rad\u011b. Mal\u00e9 st\u00e1ty by v\u017edy byly p\u0159ehlasov\u00e1ny.<\/p>\n<p>Proto jsem v p\u00e1tek na SVCS vyzval v\u0161echny slovensk\u00e9 vlastence, aby hlasovali pro Petera Pellegriniho, proto\u017ee jsem \u0159ekl, \u017ee budou hlasovat i za n\u00e1s, tedy za \u010cechy, ale i za dal\u0161\u00ed st\u00e1ty v Evrop\u011b, aby nedo\u0161lo k trag\u00e9dii a ke zru\u0161en\u00ed pr\u00e1va veta v Evropsk\u00e9 rad\u011b. Od toho by se potom odv\u00edjela eskalace v\u00e1lky na Ukrajin\u011b.<\/p>\n<h6><span style=\"font-size: 18pt;\">Slov\u00e1ci zachr\u00e1nili nejen \u010cechy, ale i celou Evropu p\u0159ed procesem vedouc\u00edm k destrukci \u00falohy n\u00e1rodn\u00edch st\u00e1t\u016f v Evropsk\u00e9 unii<\/span><\/h6>\n<p>A jsem moc r\u00e1d, \u017ee sloven\u0161t\u00ed vlastenci v\u00fdzvu vysly\u0161eli a k volb\u00e1m \u0161li, proto\u017ee si uv\u011bdomili, co by to znamenalo zvolit kandid\u00e1ta, kter\u00fd nem\u00e1 probl\u00e9m se zru\u0161en\u00edm pr\u00e1va veta v EU, a kter\u00fd se netaj\u00ed podporou pro vyzbrojov\u00e1n\u00ed Ukrajiny. Je tud\u00ed\u017e jasn\u00e9, \u017ee evropsk\u00e9 elity pl\u00e1novaly v\u00e1lku na Ukrajin\u011b ji\u017e od podpisu Minsk\u00fdch protokol\u016f a je jasn\u00e9, \u017ee po\u010d\u00edtaj\u00ed i s vysl\u00e1n\u00edm vojsk na Ukrajinu.<\/p>\n<p>Prvn\u00ed krok byl ji\u017e ve \u010dtvrtek u\u010din\u011bn\u00a0<strong>[<a href=\"https:\/\/aeronet.news\/silenci-se-dockali-polsky-ministr-zahranici-oznamil-vytvoreni-nevojenske-mise-nato-ktera-bude-na-ukrajine-cvicit-afu-sikorski-dokonce-prohlasil-ze-rusko-uz-podle-putina-ve-valce-s-nato-je\/\">8<\/a>]<\/strong>\u00a0v Bruselu. Je smutn\u00e9, \u017ee \u0160tefan Harabin nepodpo\u0159il Petra Pellegriniho otev\u0159en\u011b v z\u00e1jmu z\u00e1chrany Slovenska, proto\u017ee\u00a0<strong>ma\u010farsk\u00e1 men\u0161ina to pochopila bez probl\u00e9m\u016f a jej\u00ed v\u016fdce a p\u0159edseda Ma\u010farsk\u00e9 aliance Kriszti\u00e1n Forr\u00f3 vyj\u00e1d\u0159il Pellegrinimu svoji plnou podporu.<\/strong>\u00a0Pr\u00e1v\u011b Ma\u010fa\u0159i tak trochu paradoxn\u011b pomohli k z\u00e1chran\u011b Slovenska v t\u00e9to situaci. V takto kritick\u00e9 situaci mus\u00ed vlastn\u00ed ego ustoupit z\u00e1jmu obrany zem\u011b a n\u00e1roda, proto\u017ee ve 2. kole ji\u017e ne\u0161lo o zvolen\u00ed vlasteneck\u00e9ho k\u00e1dra, ale o z\u00e1chranu nejen Slovenska, ale cel\u00e9 Evropy.<\/p>\n<figure id=\"attachment_59170\" class=\"wp-caption aligncenter\" style=\"width: 658px;\"><a href=\"https:\/\/aeronet.news\/wp-content\/uploads\/Peter-Pellegrini-BBC.jpg\"><img decoding=\"async\" loading=\"lazy\" class=\"wp-image-59170 \" src=\"https:\/\/aeronet.news\/wp-content\/uploads\/Peter-Pellegrini-BBC.jpg\" sizes=\"(max-width: 744px) 100vw, 744px\" srcset=\"https:\/\/aeronet.news\/wp-content\/uploads\/Peter-Pellegrini-BBC.jpg 744w, https:\/\/aeronet.news\/wp-content\/uploads\/Peter-Pellegrini-BBC-267x300.jpg 267w, https:\/\/aeronet.news\/wp-content\/uploads\/Peter-Pellegrini-BBC-700x788.jpg 700w, https:\/\/aeronet.news\/wp-content\/uploads\/Peter-Pellegrini-BBC-317x357.jpg 317w, https:\/\/aeronet.news\/wp-content\/uploads\/Peter-Pellegrini-BBC-429x483.jpg 429w\" alt=\"\" width=\"658\" height=\"741\" \/><\/a><figcaption class=\"wp-caption-text\">\u0158ev z BBC: Slov\u00e1ci si zvolili populistick\u00e9ho prezidenta, kter\u00fd je p\u0159\u00e1telsk\u00fd k Rusku<\/figcaption><\/figure>\n<p>A opravdu nep\u0159eh\u00e1n\u00edm. Jak u\u017e jsem vysv\u011btlil v p\u00e1tek na SVCS, n\u00e1stup Ivana Kor\u010doka by vedl nejen k destrukci Ficovy vl\u00e1dy na Slovensku v n\u00e1sleduj\u00edc\u00edch m\u011bs\u00edc\u00edch, ale vedl by i k destrukci Orb\u00e1novy vl\u00e1dy v Ma\u010farsku. N\u00e1sledn\u00e9 zru\u0161en\u00ed pr\u00e1va veta v Evropsk\u00e9 rad\u011b by dovedlo zem\u011b EU do politick\u00e9 pasti, kdy prost\u00e1 v\u011bt\u0161ina hlas\u016f velk\u00fdch zem\u00ed v Evropsk\u00e9 rad\u011b by pos\u00edlala voj\u00e1ky na Ukrajinu.<\/p>\n<p>Tato v\u011bt\u0161ina by p\u0159ij\u00edmala a rozd\u011blovala migranty do zem\u00ed v Evrop\u011b, rozhodovala by o rozpo\u010dtech n\u00e1rodn\u00edch st\u00e1t\u016f, o da\u0148ov\u00e9 politice a v kone\u010dn\u00e9m d\u016fsledky by t\u00edm byl nastartov\u00e1n rozpad n\u00e1rodn\u00edch vl\u00e1d a spolu s nimi n\u00e1rodn\u00edch st\u00e1t\u016f.\u00a0<strong>Volby na Slovensku nebyly jen o Slovensku, dalece p\u0159esahovaly do glob\u00e1ln\u00edch proces\u016f \u0159\u00edzen\u00ed v Evrop\u011b.<\/strong>\u00a0Ten \u0159ev z Bruselu a rovn\u011b\u017e z Lond\u00fdna\u00a0<strong>[<a href=\"https:\/\/href.li\/?https:\/\/www.bbc.com\/news\/world-europe-68754112\" target=\"_blank\" rel=\"nofollow noopener\">6<\/a>]<\/strong>\u00a0po skon\u010den\u00ed voleb na Slovensku to jen a pouze potvrzuje.<\/p>\n<p><a href=\"https:\/\/aeronet.news\/at-panbuh-ochranuje-slovensko-triumfalni-vitezstvi-petera-pellegriniho-na-slovensku-spustilo-operaci-russiagate-zatimco-pellegrini-mluvil-o-bohu-a-proti-valce-tak-ivan-korcok-obvinil-pellegriniho\/\">-VK- \u0160\u00e9fredaktor AE News<\/a><\/p>\n<p>&nbsp;<\/p>\n","protected":false},"excerpt":{"rendered":"<p>A\u0165 P\u00e1nb\u016fh ochra\u0148uje Slovensko! Triumf\u00e1ln\u00ed v\u00edt\u011bzstv\u00ed Petera Pellegriniho na Slovensku spustilo operaci Russiagate! Zat\u00edmco Pellegrini&#8230;<\/p>\n","protected":false},"author":2,"featured_media":51341,"comment_status":"closed","ping_status":"closed","sticky":false,"template":"","format":"standard","meta":[],"categories":[6],"tags":[1042,7106,2038,7105],"_links":{"self":[{"href":"https:\/\/www.infokuryr.cz\/n\/wp-json\/wp\/v2\/posts\/51340"}],"collection":[{"href":"https:\/\/www.infokuryr.cz\/n\/wp-json\/wp\/v2\/posts"}],"about":[{"href":"https:\/\/www.infokuryr.cz\/n\/wp-json\/wp\/v2\/types\/post"}],"author":[{"embeddable":true,"href":"https:\/\/www.infokuryr.cz\/n\/wp-json\/wp\/v2\/users\/2"}],"replies":[{"embeddable":true,"href":"https:\/\/www.infokuryr.cz\/n\/wp-json\/wp\/v2\/comments?post=51340"}],"version-history":[{"count":1,"href":"https:\/\/www.infokuryr.cz\/n\/wp-json\/wp\/v2\/posts\/51340\/revisions"}],"predecessor-version":[{"id":51342,"href":"https:\/\/www.infokuryr.cz\/n\/wp-json\/wp\/v2\/posts\/51340\/revisions\/51342"}],"wp:featuredmedia":[{"embeddable":true,"href":"https:\/\/www.infokuryr.cz\/n\/wp-json\/wp\/v2\/media\/51341"}],"wp:attachment":[{"href":"https:\/\/www.infokuryr.cz\/n\/wp-json\/wp\/v2\/media?parent=51340"}],"wp:term":[{"taxonomy":"category","embeddable":true,"href":"https:\/\/www.infokuryr.cz\/n\/wp-json\/wp\/v2\/categories?post=51340"},{"taxonomy":"post_tag","embeddable":true,"href":"https:\/\/www.infokuryr.cz\/n\/wp-json\/wp\/v2\/tags?post=51340"}],"curies":[{"name":"wp","href":"https:\/\/api.w.org\/{rel}","templated":true}]}}