{"id":51336,"date":"2024-04-08T00:45:21","date_gmt":"2024-04-07T22:45:21","guid":{"rendered":"https:\/\/www.infokuryr.cz\/n\/?p=51336"},"modified":"2024-04-07T22:43:36","modified_gmt":"2024-04-07T20:43:36","slug":"eva-hrindova-slovaci-to-ustali","status":"publish","type":"post","link":"https:\/\/www.infokuryr.cz\/n\/2024\/04\/08\/eva-hrindova-slovaci-to-ustali\/","title":{"rendered":"Eva Hrindov\u00e1: Slov\u00e1ci to ust\u00e1li"},"content":{"rendered":"<div id=\"fb-root\"><\/div>\n<p>V sobotu odpoledne mi volala m\u00e1 ne\u0161\u0165astn\u00e1 slovensk\u00e1 kamar\u00e1dka, aby se pod\u011blila o sv\u00e9 obavy z v\u00fdsledk\u016f voleb. M\u011bla strach z toho, \u017ee Ivan Kor\u010dok zv\u00edt\u011bz\u00ed. Ob\u00e1vala se s\u00edly propagandy &#8211; mimo jin\u00e9 si zoufala nad vlaky a autobusy, kter\u00e9 byly pro Slov\u00e1ky vypravov\u00e1ny z Prahy a Brna k slovensk\u00fdm volb\u00e1m. Je\u0161t\u011b ve\u010der jsem j\u00ed cht\u011bla volat, abych ji uklidnila. Vlaky a autobusy p\u0159epravily podle zpr\u00e1v z m\u00e9di\u00ed jen cca 750 lid\u00ed&#8230; Ale nakonec jsem to nemusela d\u011blat. Dopadlo to dob\u0159e a moje k\u00e1mo\u0161ka nedostala infarkt z politick\u00e9ho stresu.<\/p>\n<p>Slov\u00e1ci museli vydr\u017eet mnohem v\u00edce aktivit, kter\u00e9 m\u011bly nef\u00e9r zp\u016fsobem ovlivnit jejich sm\u011b\u0159ov\u00e1n\u00ed. Robert Fico a jeho strana tak\u00e9 museli \u010delit mnohem siln\u011bj\u0161\u00edmu tlaku, ne\u017e kdy \u010delil u n\u00e1s Andrej Babi\u0161 a cel\u00e1 opozice. Asi ti na\u0161i nejsou tak nebezpe\u010dn\u00ed. P\u0159esto to Slov\u00e1ci ust\u00e1li a te\u010f slav\u00ed.<\/p>\n<p>Prvn\u00edm pozitivn\u00edm sign\u00e1lem pro m\u011b bylo i ni\u017e\u0161\u00ed procento nao\u010dkovan\u00fdch proti covidu na Slovensku ne\u017e bylo u n\u00e1s. Slov\u00e1ci maj\u00ed holt m\u00e9n\u011b velk\u00fdch m\u011bst a m\u00e9n\u011b m\u00edst v neziskovk\u00e1ch. V\u00edce vesnice a m\u00e9n\u011b rozmazlen\u00fdch bohatc\u016f znamen\u00e1 v\u00edce rozumu mezi lidmi. Slov\u00e1ci se mus\u00ed v\u00edce ot\u00e1\u010det a nemaj\u00ed \u010das se op\u00e1jet ideologick\u00fdmi vzdu\u0161n\u00fdmi z\u00e1mky. Bylo to vid\u011bt i na postoj\u00edch ve\u0159ejnosti &#8211; Slov\u00e1ci prost\u011b cht\u011bj\u00ed ukon\u010den\u00ed v\u00e1lky na Ukrajin\u011b (mo\u017en\u00e1 i proto, \u017ee s Ukrajinou soused\u00ed), jsou mnohem ostra\u017eit\u011bj\u0161\u00ed v\u016f\u010di politice USA a spolku NATo, kter\u00e9ho jsou sou\u010d\u00e1st\u00ed.<\/p>\n<p>K tomu vid\u00edme i siln\u011bj\u0161\u00ed opozici, kter\u00e1 se pod tlakem dok\u00e1zala zprofesionalizovat a dovedla opanovat soci\u00e1ln\u00ed s\u00edt\u011b. V\u00edt\u011bzstv\u00ed Fica a sestaven\u00ed koalice, kter\u00e1 m\u00e1 jasn\u00fd program a jasn\u00fd pl\u00e1n, kter\u00fd od prvn\u00edch dn\u016f pln\u00ed, je\u0161t\u011b upevnilo pozici d\u0159\u00edve opozice &#8211; nyn\u00ed vl\u00e1dn\u00ed koalice. Te\u010f maj\u00ed s v\u00edt\u011bzstv\u00edm Pellegriniho jasn\u00fd a siln\u00fd mand\u00e1t k tomu, aby ze Slovenska ud\u011blali suver\u00e9nn\u00ed st\u00e1t, kter\u00fd bude v prv\u00e9 \u0159ad\u011b h\u00e1jit z\u00e1jmy vlastn\u00edch ob\u010dan\u016f.<\/p>\n<p>To jim m\u016f\u017eeme jen z\u00e1vid\u011bt. My si je\u0161t\u011b budeme muset spoustu v\u011bc\u00ed pro\u017e\u00edt, ne\u017e lidem dojde, jak se kola sv\u011btov\u00e9ho d\u011bn\u00ed to\u010d\u00ed a kdo a pro\u010d na tom vyd\u011bl\u00e1v\u00e1. My to nejsme a je hloup\u00e9, kdy\u017e kola to\u010d\u00edme pro druh\u00e9, na \u00fakor n\u00e1s. Ale je\u0161t\u011b si na zm\u011bnu my\u0161len\u00ed lid\u00ed budeme muset po\u010dkat. Z\u00e1le\u017e\u00ed tak\u00e9 hodn\u011b na opozici, kter\u00e1 m\u00e1 p\u0159\u00edstup do m\u00e9di\u00ed a m\u016f\u017ee pro zm\u011bnu uva\u017eov\u00e1n\u00ed ud\u011blat hodn\u011b. Politici z ANO jsou zat\u00edm na p\u016fl cesty, doufejme, \u017ee jejich definitivn\u00ed proz\u0159en\u00ed nebude trvat dlouho. I tak jsou mnohem lep\u0161\u00ed alternativou ne\u017e udr\u017eovat u moci politiky p\u011btikoalice. Co\u017e se prozat\u00edm d\u011bje &#8211; Spolu m\u00e1 v preferenc\u00edch do eurovoleb 20 %! Ch\u00e1pete to???<\/p>\n<p>M\u016f\u017eeme jen doufat, \u017ee i u n\u00e1s progresivn\u00ed ideologie ztrat\u00ed svou moc, ale ob\u00e1v\u00e1m se, \u017ee budeme zase posledn\u00ed v Evrop\u011b.<\/p>\n<p><a href=\"https:\/\/www.evahrindova.cz\/slovaci-ustali\">Eva Hrindov\u00e1<\/a><\/p>\n<p>&nbsp;<\/p>\n","protected":false},"excerpt":{"rendered":"<p>V sobotu odpoledne mi volala m\u00e1 ne\u0161\u0165astn\u00e1 slovensk\u00e1 kamar\u00e1dka, aby se pod\u011blila o sv\u00e9 obavy&#8230;<\/p>\n","protected":false},"author":2,"featured_media":51337,"comment_status":"closed","ping_status":"closed","sticky":false,"template":"","format":"standard","meta":[],"categories":[6],"tags":[1503,203,27],"_links":{"self":[{"href":"https:\/\/www.infokuryr.cz\/n\/wp-json\/wp\/v2\/posts\/51336"}],"collection":[{"href":"https:\/\/www.infokuryr.cz\/n\/wp-json\/wp\/v2\/posts"}],"about":[{"href":"https:\/\/www.infokuryr.cz\/n\/wp-json\/wp\/v2\/types\/post"}],"author":[{"embeddable":true,"href":"https:\/\/www.infokuryr.cz\/n\/wp-json\/wp\/v2\/users\/2"}],"replies":[{"embeddable":true,"href":"https:\/\/www.infokuryr.cz\/n\/wp-json\/wp\/v2\/comments?post=51336"}],"version-history":[{"count":0,"href":"https:\/\/www.infokuryr.cz\/n\/wp-json\/wp\/v2\/posts\/51336\/revisions"}],"wp:featuredmedia":[{"embeddable":true,"href":"https:\/\/www.infokuryr.cz\/n\/wp-json\/wp\/v2\/media\/51337"}],"wp:attachment":[{"href":"https:\/\/www.infokuryr.cz\/n\/wp-json\/wp\/v2\/media?parent=51336"}],"wp:term":[{"taxonomy":"category","embeddable":true,"href":"https:\/\/www.infokuryr.cz\/n\/wp-json\/wp\/v2\/categories?post=51336"},{"taxonomy":"post_tag","embeddable":true,"href":"https:\/\/www.infokuryr.cz\/n\/wp-json\/wp\/v2\/tags?post=51336"}],"curies":[{"name":"wp","href":"https:\/\/api.w.org\/{rel}","templated":true}]}}