{"id":51313,"date":"2024-04-08T00:42:23","date_gmt":"2024-04-07T22:42:23","guid":{"rendered":"https:\/\/www.infokuryr.cz\/n\/?p=51313"},"modified":"2024-04-07T15:32:25","modified_gmt":"2024-04-07T13:32:25","slug":"miroslav-petr-varovani-ivana-davida","status":"publish","type":"post","link":"https:\/\/www.infokuryr.cz\/n\/2024\/04\/08\/miroslav-petr-varovani-ivana-davida\/","title":{"rendered":"Miroslav Petr: Varov\u00e1n\u00ed Ivana Davida"},"content":{"rendered":"<div id=\"fb-root\"><\/div>\n<p><em>&#8222;V\u00e1\u017een\u00ed p\u0159\u00e1tel\u00e9, politick\u00e1 situace v EU se vyhrocuje. Je\u0161t\u011b p\u0159ed ned\u00e1vnem jsem byl p\u0159esv\u011bd\u010den, \u017ee hlavn\u00edm probl\u00e9mem EU jsou green deal a masov\u00e1 imigrace. Situace se ov\u0161em vyv\u00edj\u00ed tak, \u017ee hlavn\u00edm probl\u00e9mem je pomal\u00e1 p\u0159em\u011bna EU v totalitn\u00ed unit\u00e1rn\u00ed st\u00e1t a rychl\u00e1 likvidace demokratick\u00fdch pr\u00e1v. Jde zejm\u00e9na o svobodu slova a zav\u00e1d\u011bn\u00ed cenzury pod z\u00e1minkou boje proti dezinformac\u00edm a nen\u00e1vistn\u00fdm projev\u016fm. Nen\u00e1vist a dezinformace \u0161\u00ed\u0159\u00ed oni, aby zmanipulovali ve\u0159ejnost. Je\u0161t\u011b v\u011bt\u0161\u00ed hrozbou je rychl\u00e1 militarizace EU se z\u0159ejmou snahou dos\u00e1hnout vojensk\u00e9 konfrontace s ruskou federac\u00ed ve v\u00fdchodn\u00ed Evrop\u011b. St\u00e1l\u00e9 opakov\u00e1n\u00ed tvrzen\u00ed, \u017ee Rusko po por\u00e1\u017ece Ukrajiny za\u00fato\u010d\u00ed na zem\u011b v\u00fdchodn\u00ed Evropy nen\u00ed n\u00e1hodn\u00e9. Ne\u0159\u00edkaj\u00ed to jen v\u00e1le\u010dn\u00ed \u0161tv\u00e1\u010di v \u010cR jako \u010cernochov\u00e1,\u00a0 Lipavsk\u00fd \u010di n\u00e1\u010deln\u00edk gener\u00e1ln\u00edho \u0161t\u00e1bu \u0158ehka, ale i p\u0159edstavitel\u00e9 severoatlantick\u00e9ho paktu. Je nutno jim d\u016frazn\u011b \u0159\u00edct, \u017ee nem\u00e1me z\u00e1jem, aby na\u0161i ob\u010dan\u00e9 um\u00edrali ve v\u00e1lce za ciz\u00ed z\u00e1jmy a Rusko nem\u00e1 motiv k dal\u0161\u00ed expanzi na z\u00e1pad.<\/em><\/p>\n<p>M\u00e1 dost zdroj\u016f\u00a0 a v\u00e1lkou m\u016f\u017ee jen ztratit stejn\u011b jako my&#8220;.<\/p>\n<p>Ukrajinsk\u00e1, pardon, \u010desk\u00e1 vl\u00e1da bude dotovat\u00a0 \u010desk\u00e9 v\u00fdrobce zbran\u00ed. Nesta\u010d\u00ed dotace po bohat\u00e9- Oprav d\u016fm po babi\u010dce a pro firmy na elektroauta? Zbroja\u0159i dostanou p\u016fl miliardy. EU to plat\u00ed z emisn\u00edch povolenek. P\u0159itom hu\u0165 Liberta z Ostravska je st\u00e1le zav\u0159en\u00e1. Ocel se sama nevyrob\u00ed.<\/p>\n<p>P\u0159es t\u0159i \u010dtvrt\u011b milionu gran\u00e1t\u016f stoj\u00ed s korupc\u00ed p\u0159es sto pades\u00e1t miliard korun. Pepa a Nutela ze\u0161\u00edleli. Kdepak se tolik n\u00e1lo\u017e\u00ed uskladn\u00ed? Skute\u010dn\u011b to nebude jeden z prvn\u00edch ter\u010d\u016f p\u0159i v\u00e1lce? Chud\u00e1ci lidi v okol\u00ed. Ne\u017e se postav\u00ed sklad, nebude d\u00e1vno po v\u00e1lce? Ani na\u0161i vnuci, p\u0159e\u017eij\u00ed-li v\u00e1lku, tyto rekordn\u00ed dluhy nesplat\u00ed.<\/p>\n<p>Izrael nakoupil 25 st\u00edha\u010dek F35 za polovi\u010dn\u00ed cenu, za kterou nakupujeme jen 24 letadel F35, o 57 000 000 000, slovy pades\u00e1t sedm miliard korun v\u00edc. Kdo asi provizi dostane? Cel\u00fd n\u00e1kup Izraelem bude kompletn\u011b financov\u00e1n darem vl\u00e1dy USA. P\u0159ebytek, kter\u00fd zaplat\u00edme, d\u00e1v\u00e1me USA pr\u00e1v\u011b na letadla pro Izrael! N\u00e1m jako spojenc\u016fm \/!\/ letouny neproplat\u00ed, ale cenu zdvojn\u00e1sob\u00ed. Cht\u011bli byste takov\u00e9ho spojence za kamar\u00e1da?<\/p>\n<p>&#8222;My m\u00e1me v Evrop\u011b sousedy, kte\u0159\u00ed n\u00e1m d\u011blaj\u00ed mor\u00e1lku, \u017ee my m\u00e1me p\u0159ij\u00edmat imigranty, ne oni. Nejv\u011bt\u0161\u00ed moralista ze v\u0161ech je Macron, francouzsk\u00fd prezident. \u0158\u00edk\u00e1 n\u00e1m, bu\u010fte pohostinn\u00ed. Tito Afri\u010dan\u00e9 jsou chud\u00ed, nemaj\u00ed nic. Vezm\u011bme je do Evropy. Jde jen o probl\u00e9m? Toto vyj\u00e1d\u0159en\u00ed o b\u00edd\u011b je fale\u0161n\u00e9. Nig\u00e9rie je krajina bohat\u00e1 v t\u011b\u017eb\u011b uranu. V Nigerii je jedna francouzsk\u00e1 multinacion\u00e1lka, kter\u00e1 je kontrolovan\u00e1 z 80% Franci\u00ed. Jmenuje se Olano, kter\u00e1 v Nigerii t\u011b\u017e\u00ed 30% uranu, kter\u00fd slou\u017e\u00ed na fungov\u00e1n\u00ed francouzsk\u00fdch jadern\u00fdch elektr\u00e1ren. 90% Niger\u010dan\u016f \u017eije bez elekt\u0159iny, tak\u017ee \u0159e\u0161en\u00ed na\u0161eho probl\u00e9mu nen\u00ed p\u0159est\u011bhovat Afri\u010dany do Evropy, ale umo\u017enit Afri\u010dan\u016fm spravovat si sv\u00e9 nerostn\u00e9 suroviny a ne vyr\u00e1b\u011bt nov\u00fd kolonialismus, aby je pak pos\u00edlali do It\u00e1lie.<\/p>\n<p><a href=\"https:\/\/stranapro.cz\/\"><img decoding=\"async\" loading=\"lazy\" class=\"alignnone  wp-image-40285 aligncenter\" src=\"http:\/\/www.infokuryr.cz\/n\/wp-content\/uploads\/2023\/11\/11pro-300x79.png\" alt=\"\" width=\"585\" height=\"154\" srcset=\"https:\/\/www.infokuryr.cz\/n\/wp-content\/uploads\/2023\/11\/11pro-300x79.png 300w, https:\/\/www.infokuryr.cz\/n\/wp-content\/uploads\/2023\/11\/11pro.png 363w\" sizes=\"(max-width: 585px) 100vw, 585px\" \/><\/a><\/p>\n<p>Tak\u017ee a\u0165 tu Macron nemluv\u00ed o \u017e\u00e1dn\u00e9 mor\u00e1lce. Pokud budou francouzsk\u00e9 multinacion\u00e1lky, kter\u00e9\u00a0 v mnoh\u00fdch p\u0159\u00edpadech nechaj\u00ed pracovat i d\u011bti, nech\u00e1m v\u00e1m to jako n\u00e1pad pro budouc\u00ed relaci. Tak\u017ee pokud budou existovat krajiny, kter\u00e9 budou vytv\u00e1\u0159et neokolonialismus a budou n\u00e1m nutit p\u0159ij\u00edmat ty, kte\u0159\u00ed z neokolonialismu ut\u00edkaj\u00ed, tak ho nikdy nevy\u0159e\u0161\u00edme. Ale kdy\u017e si p\u0159edstav\u00edme, \u017ee tito lid\u00e9 nebudou z\u00e1viset na francouzsk\u00e9m neokolonialismu, tak uvid\u00edte, \u017ee Afrika vyroste a nebude pova\u017eovan\u00e1 za &#8222;\u010dernou \u010darod\u011bjnici&#8220;.<\/p>\n<p>Podle \u0161kared\u00e9 Marfu\u0161e, pardon, Danu\u0161e nen\u00ed green deal hrozba a migrace je pro n\u00e1s p\u0159\u00edle\u017eitost\u00ed. Pro ni to bude p\u0159\u00edle\u017eitost k jej\u00edmu zn\u00e1siln\u011bn\u00ed, po kter\u00e9m asi tou\u017e\u00ed.<\/p>\n<p>RNA vakc\u00edny u\u017e jsou pod\u00e1v\u00e1ny prasat\u016fm, tak\u017ee u\u017e je riziko j\u00edst vep\u0159ov\u00e9 maso.<\/p>\n<p>Ve Francii asi pades\u00e1t imigrant\u016f p\u0159epadlo autobus s lidmi a zap\u00e1lili ho.<\/p>\n<p>Polsko pl\u00e1nuje odsouzen\u00ed za pouhou kritiku LGBT. Kdy to p\u0159ijde k n\u00e1m?<\/p>\n<p>Dle Austr\u00e1lie p\u016fda uvol\u0148uje do vzduchu stovky megatun CO2, \u010d\u00edm\u017e ohro\u017euje budouc\u00ed bezpe\u010dnost planety. Chocholou\u0161ku&#8230;<\/p>\n<p>Neexistuje jedin\u00fd skute\u010dn\u00fd novin\u00e1\u0159, kter\u00fd by uk\u00e1zal na mafi\u00e1nskou stranu a vl\u00e1du, na nutelovu kampeli\u010dku, kde se ztratily miliony \u010di miliardy, na P\u00e1vka, kter\u00fd chce prodat \u010d\u00e1st \u010cR jak\u00fdmsi N\u011bmeck\u00fdm \u0161lechtic\u016fm, o kr\u00e1de\u017ei n\u00e1rodn\u00edho pokladu a svatokr\u00e1de\u017ei ani nemluv\u011b. Pamatujete na p\u0159\u00edm\u00fd p\u0159enos p\u0159i zat\u00fdk\u00e1n\u00ed Ne\u010dase a Ratha? Tehdy je\u0161t\u011b byli novin\u00e1\u0159i&#8230;<\/p>\n<p>Od 1. \u010dervence budou v N\u011bmecku uz\u00e1kon\u011bny s\u0148atky s nezletil\u00fdmi d\u011btmi. Kdy se do\u010dkaj\u00ed \u010de\u0161t\u00ed pedofilov\u00e9? Vlastn\u011b u\u017e przn\u00ed, pardon, adoptuj\u00ed si d\u011bti. Pedofilov\u00e9 u\u017e dlouho maj\u00ed sv\u016fj web. Sal\u00e1movka je nejspolehliv\u011bj\u0161\u00ed. Pr\u00e1va d\u011bt\u00ed na m\u00e1mu a t\u00e1tu u\u017e d\u00e1vno neplat\u00ed.<\/p>\n<p>Soudruzi z ministerstva pr\u00e1ce a asoci\u00e1ln\u00edch v\u011bc\u00ed cht\u011bj\u00ed zak\u00e1zat prodeje ve v\u0161echny sv\u00e1tky. Ekonomika by tak p\u0159i\u0161la o miliardy. Nesta\u010d\u00ed, \u017ee v hospod\u011b je z\u00e1kaz kou\u0159en\u00ed? To neud\u011blali ani koman\u010di. Op\u011bt jsme tam, odkud jsme p\u0159ed 35 roky vy\u0161li. \u010cest pr\u00e1ci, soudruzi!<\/p>\n<p>Kor\u010dek vyhro\u017eoval Pelegrinimu- &#8222;To v\u00e1m nezapomenu&#8220;. P\u0159itom se chlubil, \u017ee je sportovec. Skute\u010dn\u00fd sportovec se sm\u00ed\u0159\u00ed s por\u00e1\u017ekou. Chce se mu snad n\u011bjak pomst\u00edt? Nedokazuje vyhr\u016f\u017ekou, \u017ee je to dikt\u00e1tor?<\/p>\n<p><a href=\"https:\/\/www.czechfreepress.cz\/dalsi-blogy\/varovani-ivana-davida.html\">Miroslav Petr<\/a><\/p>\n<p>&nbsp;<\/p>\n<p>&nbsp;<\/p>\n","protected":false},"excerpt":{"rendered":"<p>&#8222;V\u00e1\u017een\u00ed p\u0159\u00e1tel\u00e9, politick\u00e1 situace v EU se vyhrocuje. Je\u0161t\u011b p\u0159ed ned\u00e1vnem jsem byl p\u0159esv\u011bd\u010den, \u017ee&#8230;<\/p>\n","protected":false},"author":2,"featured_media":35407,"comment_status":"closed","ping_status":"closed","sticky":false,"template":"","format":"standard","meta":[],"categories":[6],"tags":[1271,41,567,6651,1503],"_links":{"self":[{"href":"https:\/\/www.infokuryr.cz\/n\/wp-json\/wp\/v2\/posts\/51313"}],"collection":[{"href":"https:\/\/www.infokuryr.cz\/n\/wp-json\/wp\/v2\/posts"}],"about":[{"href":"https:\/\/www.infokuryr.cz\/n\/wp-json\/wp\/v2\/types\/post"}],"author":[{"embeddable":true,"href":"https:\/\/www.infokuryr.cz\/n\/wp-json\/wp\/v2\/users\/2"}],"replies":[{"embeddable":true,"href":"https:\/\/www.infokuryr.cz\/n\/wp-json\/wp\/v2\/comments?post=51313"}],"version-history":[{"count":0,"href":"https:\/\/www.infokuryr.cz\/n\/wp-json\/wp\/v2\/posts\/51313\/revisions"}],"wp:featuredmedia":[{"embeddable":true,"href":"https:\/\/www.infokuryr.cz\/n\/wp-json\/wp\/v2\/media\/35407"}],"wp:attachment":[{"href":"https:\/\/www.infokuryr.cz\/n\/wp-json\/wp\/v2\/media?parent=51313"}],"wp:term":[{"taxonomy":"category","embeddable":true,"href":"https:\/\/www.infokuryr.cz\/n\/wp-json\/wp\/v2\/categories?post=51313"},{"taxonomy":"post_tag","embeddable":true,"href":"https:\/\/www.infokuryr.cz\/n\/wp-json\/wp\/v2\/tags?post=51313"}],"curies":[{"name":"wp","href":"https:\/\/api.w.org\/{rel}","templated":true}]}}