{"id":51310,"date":"2024-04-08T00:39:20","date_gmt":"2024-04-07T22:39:20","guid":{"rendered":"https:\/\/www.infokuryr.cz\/n\/?p=51310"},"modified":"2024-04-07T15:18:10","modified_gmt":"2024-04-07T13:18:10","slug":"jiri-vyvadil-pellegrini-zvitezil-s-heslem-chci-mir-ne-valku","status":"publish","type":"post","link":"https:\/\/www.infokuryr.cz\/n\/2024\/04\/08\/jiri-vyvadil-pellegrini-zvitezil-s-heslem-chci-mir-ne-valku\/","title":{"rendered":"Ji\u0159\u00ed Vyvadil: Pellegrini zv\u00edt\u011bzil s heslem \u201eChci m\u00edr, ne v\u00e1lku\u201c"},"content":{"rendered":"<div id=\"fb-root\"><\/div>\n<p><strong>D\u011bkujme Slovensku za prezidentsk\u00e9 volby. Uprost\u0159ed z\u0159ejm\u011b nejtvrd\u0161\u00ed kampan\u011b v historii zvolili prezidenta, kter\u00fd se jasn\u011b vyslovil pro m\u00edr.<\/strong><\/p>\n<p>Jsme st\u00e1le propojeni pupe\u010dn\u00ed \u0161\u0148\u016frou se Slovenskem mnohem v\u00edce ne\u017e si mysl\u00edme. Boj mezi jednostrann\u00fdmi proz\u00e1padn\u00edmi euroatlantisty n\u00e1s stoupence politiky v\u0161ech azimut\u016f v\u017edycky rozdr\u00e1\u017edil, kdy\u017e na Slovensku zv\u00edt\u011bzil Kiska \u010di \u010caputov\u00e1.<\/p>\n<p>Rozdr\u00e1\u017edil n\u00e1s t\u00edm v\u00edce, \u017ee n\u00e1m byl d\u00e1v\u00e1n jako p\u0159\u00edklad, kdy\u017e jsme m\u011bli za prezidenta V\u00e1clava Klause \u010di Milo\u0161e Zemana.<\/p>\n<p>V\u00e1lka na Ukrajin\u011b se stala rozhoduj\u00edc\u00edm m\u011b\u0159\u00edtkem hodnot.<\/p>\n<p>Ten, kdo ji chce ukon\u010dit, kategoricky odm\u00edt\u00e1 dal\u0161\u00ed dod\u00e1vku zbran\u00ed \u010di pen\u011bz Zelensk\u00e9mu dnes ji\u017e jasn\u011b dikt\u00e1torsk\u00e9mu ukrajinsk\u00e9mu veden\u00ed, kter\u00e9 stoj\u00ed s\u00a0nata\u017eenou rukou a \u017eebr\u00e1 a vyd\u00edr\u00e1 sv\u00e9 z\u00e1padn\u00ed politick\u00e9 podporovatele. Bez Z\u00e1padu nen\u00ed Ukrajina schopna od po\u010d\u00e1tku uskute\u010dnit jedin\u00fd rozhoduj\u00edc\u00ed krok.<\/p>\n<p>Sama o sob\u011b je schopna pouze nasadit sv\u00e9 mu\u017ee, tak jako je nasazuje na pomocn\u00fdch stavebn\u00edch prac\u00edch, bez kter\u00fdch by, up\u0159\u00edmn\u011b vzato, na\u0161e stavebnictv\u00ed bylo na tom je\u0161t\u011b h\u016f\u0159.<\/p>\n<p><a href=\"https:\/\/stranapro.cz\/\"><img decoding=\"async\" loading=\"lazy\" class=\"wp-image-40285 aligncenter\" src=\"http:\/\/www.infokuryr.cz\/n\/wp-content\/uploads\/2023\/11\/11pro-300x79.png\" alt=\"\" width=\"778\" height=\"205\" srcset=\"https:\/\/www.infokuryr.cz\/n\/wp-content\/uploads\/2023\/11\/11pro-300x79.png 300w, https:\/\/www.infokuryr.cz\/n\/wp-content\/uploads\/2023\/11\/11pro.png 363w\" sizes=\"(max-width: 778px) 100vw, 778px\" \/><\/a><\/p>\n<p>Sama o sob\u011b Ukrajina nebyla schopna nic \u00fasp\u011b\u0161n\u00e9ho vytvo\u0159it. A pokud dnes v\u00a0r\u00e1mci boj\u016f jsou ni\u010deny gigantick\u00e9 stavby, pak v\u0161echny byly vybudov\u00e1ny v\u00a0\u00e9\u0159e Sov\u011btsk\u00e9ho svazu a i imperi\u00e1ln\u00edho Ruska, kter\u00e9m vd\u011b\u010d\u00ed za v\u0161e.<\/p>\n<p>Jsem \u010cech, ale zd\u00e1 se mi svatokr\u00e1de\u017en\u00e9, \u017ee nap\u0159\u00edklad Od\u011bsa, m\u011bsto Kate\u0159iny Velik\u00e9, bylo \u0161krtem Chru\u0161\u010dova p\u0159ed\u00e1no Ukrajin\u011b. Co se ov\u0161em zapom\u00edn\u00e1 a co je podstatn\u00e9, \u017ee v t\u00e9 dob\u011b \u0161lo jen o administrativn\u00ed \u00fakon, nebo\u0165 \u0161lo jen a jen o p\u0159esun administrativn\u00edch hranic v\u00a0r\u00e1mci jednotn\u00e9ho St\u00e1tu.<\/p>\n<p>My \u010ce\u0161i, kter\u00e9 p\u0159iv\u00e1d\u00ed k\u00a0\u0161\u00edlenstv\u00ed tato koudelkovsko-fialovsk\u00e1 vl\u00e1da, kter\u00e1 chce p\u0159em\u011bnit tuto zemi na n\u00e1stupi\u0161t\u011b v\u00e1lky proti Rusku se c\u00edt\u00edme \u0161\u0165astni.<\/p>\n<p>D\u011bkujeme slovensk\u00e9mu n\u00e1rodu, \u017ee po deseti letech kisko-\u010daputovk\u00e9 euroatlantick\u00e9 jednostrann\u00e9 idiocie rozhodlo by\u0165 o fous ve prosp\u011bch realistick\u00e9 a rozumn\u00e9 normality.<\/p>\n<p>Peter Pellegriny jist\u011b zpo\u010d\u00e1tku ud\u011blal chyby, proto\u017ee necht\u011bl volit tvrd\u00fd kurs.<\/p>\n<p>Potom ov\u0161em proz\u0159el a je t\u0159eba ocenit nejen aktivity b\u00fdval\u00e9ho kandid\u00e1ta Harab\u00edna, kter\u00fd uvolnil hlasy sv\u00fdch stoupenc\u016f v\u00a0jeho prosp\u011bch, a\u010d p\u016fvodn\u011b to odm\u00edtal.<\/p>\n<p>Ale proto\u017ee jak Zeman, tak i Babi\u0161 jasn\u011b ch\u00e1pali, \u017ee slovensk\u00e9 prezidentsk\u00e9 volby maj\u00ed psychologicky dopad na n\u00e1s, jejich jasn\u00e1 podpora pro Pellegriniho mohla p\u0159in\u00e9st n\u011bjak\u00e9 procent\u00ed\u010dko nav\u00edc ve prosp\u011bch pro n\u00e1s \u017e\u00e1douc\u00edho v\u00edt\u011bze.<\/p>\n<p>Pora\u017een\u00fdm v\u00a0tomto tak d\u016fle\u017eit\u00e9m st\u0159etu, z\u016fstane jak Petr Pavel, tak Petr Fiala.<\/p>\n<p>A to je povzbuzuj\u00edc\u00ed pro \u010cesko.<\/p>\n<p><a href=\"https:\/\/vasevec.info\/komentare\/pellegrini-zvitezil-s-heslem-chci-mir-ne-valku\">Ji\u0159\u00ed Vyvadil<\/a><\/p>\n<p><img decoding=\"async\" loading=\"lazy\" class=\"alignnone size-medium wp-image-16474\" src=\"http:\/\/www.infokuryr.cz\/n\/wp-content\/uploads\/2022\/10\/jiri-vyvadil-300x200.jpg\" alt=\"\" width=\"300\" height=\"200\" srcset=\"https:\/\/www.infokuryr.cz\/n\/wp-content\/uploads\/2022\/10\/jiri-vyvadil-300x200.jpg 300w, https:\/\/www.infokuryr.cz\/n\/wp-content\/uploads\/2022\/10\/jiri-vyvadil-768x512.jpg 768w, https:\/\/www.infokuryr.cz\/n\/wp-content\/uploads\/2022\/10\/jiri-vyvadil.jpg 800w\" sizes=\"(max-width: 300px) 100vw, 300px\" \/><\/p>\n<p>&nbsp;<\/p>\n","protected":false},"excerpt":{"rendered":"<p>D\u011bkujme Slovensku za prezidentsk\u00e9 volby. Uprost\u0159ed z\u0159ejm\u011b nejtvrd\u0161\u00ed kampan\u011b v historii zvolili prezidenta, kter\u00fd se&#8230;<\/p>\n","protected":false},"author":2,"featured_media":51265,"comment_status":"closed","ping_status":"closed","sticky":false,"template":"","format":"standard","meta":[],"categories":[6],"tags":[1503,565,7099,203,27],"_links":{"self":[{"href":"https:\/\/www.infokuryr.cz\/n\/wp-json\/wp\/v2\/posts\/51310"}],"collection":[{"href":"https:\/\/www.infokuryr.cz\/n\/wp-json\/wp\/v2\/posts"}],"about":[{"href":"https:\/\/www.infokuryr.cz\/n\/wp-json\/wp\/v2\/types\/post"}],"author":[{"embeddable":true,"href":"https:\/\/www.infokuryr.cz\/n\/wp-json\/wp\/v2\/users\/2"}],"replies":[{"embeddable":true,"href":"https:\/\/www.infokuryr.cz\/n\/wp-json\/wp\/v2\/comments?post=51310"}],"version-history":[{"count":0,"href":"https:\/\/www.infokuryr.cz\/n\/wp-json\/wp\/v2\/posts\/51310\/revisions"}],"wp:featuredmedia":[{"embeddable":true,"href":"https:\/\/www.infokuryr.cz\/n\/wp-json\/wp\/v2\/media\/51265"}],"wp:attachment":[{"href":"https:\/\/www.infokuryr.cz\/n\/wp-json\/wp\/v2\/media?parent=51310"}],"wp:term":[{"taxonomy":"category","embeddable":true,"href":"https:\/\/www.infokuryr.cz\/n\/wp-json\/wp\/v2\/categories?post=51310"},{"taxonomy":"post_tag","embeddable":true,"href":"https:\/\/www.infokuryr.cz\/n\/wp-json\/wp\/v2\/tags?post=51310"}],"curies":[{"name":"wp","href":"https:\/\/api.w.org\/{rel}","templated":true}]}}