{"id":5130,"date":"2021-10-02T07:12:42","date_gmt":"2021-10-02T05:12:42","guid":{"rendered":"http:\/\/www.infokuryr.cz\/n\/?p=5130"},"modified":"2021-10-02T07:12:42","modified_gmt":"2021-10-02T05:12:42","slug":"spanelsky-reporter-odhalil-dlouhodobou-manipulaci-zapadnich-medii","status":"publish","type":"post","link":"https:\/\/www.infokuryr.cz\/n\/2021\/10\/02\/spanelsky-reporter-odhalil-dlouhodobou-manipulaci-zapadnich-medii\/","title":{"rendered":"\u0160pan\u011blsk\u00fd report\u00e9r odhalil dlouhodobou manipulaci z\u00e1padn\u00edch m\u00e9di\u00ed"},"content":{"rendered":"<div id=\"fb-root\"><\/div>\n<p>Odpov\u011bdn\u00fd \u010dinitel mezin\u00e1rodn\u011b uzn\u00e1van\u00e9 tiskov\u00e9 agentury &#8211; \u0161pan\u011blsk\u00e9 zpravodajsk\u00e9 agentury Efe (La Agencia EFE, SA) v \u010c\u00edn\u011b Javier Garcia zve\u0159ejnil 28. z\u00e1\u0159\u00ed 14 po sob\u011b jdouc\u00edch tweet\u016f, ve kter\u00fdch odhalil dlouhodobou manipulaci z\u00e1padn\u00edch m\u00e9di\u00ed s c\u00edlem diskreditovat \u010c\u00ednu.<\/p>\n<p>Garcia ve sv\u00fdch tweetech uvedl, \u017ee manipulace zpr\u00e1v pro diskreditaci \u010c\u00edny se d\u011bje ka\u017ed\u00fd den. Podle jeho n\u00e1zoru m\u00e1 v\u011bt\u0161ina zpr\u00e1v zahrani\u010dn\u00edch m\u00e9di\u00ed o \u010c\u00edn\u011b siln\u00e9 p\u0159edsudky. Bez ohledu na to, co se v \u010c\u00edn\u011b stane, \u201ep\u0159ij\u00edmaj\u00ed ve\u0161kerou r\u00e9toriku americk\u00e9ho ministerstva zahrani\u010d\u00ed nebo americk\u00fdch m\u00e9di\u00ed\u201c a chovaj\u00ed se jako jejich \u201emikrofony\u201c. Dodal, \u017ee pokud by se n\u011bkdo odv\u00e1\u017eil na tento probl\u00e9m pouk\u00e1zat, i kdyby m\u011bl z\u016fstat neutr\u00e1ln\u00ed, byl by ozna\u010den jako \u201ekoupen\u00fd \u010d\u00ednskou vl\u00e1dou\u201c a je\u0161t\u011b v\u00edce stigmatizov\u00e1n.<\/p>\n<p>Garcia dosp\u011bl k z\u00e1v\u011bru: \u201eM\u00edsto toho, abychom nad\u00e1le provokovali a vyvol\u00e1vali opozici v\u016f\u010di \u010c\u00edn\u011b, bychom se m\u011bli sna\u017eit porozum\u011bt \u010c\u00edn\u011b a nau\u010dit se pozitivn\u00edmu v\u00fdznamu \u010d\u00ednsk\u00e9ho modelu, stejn\u011b jako se \u010c\u00edna u\u010d\u00ed z \u00fasp\u011b\u0161n\u00fdch zku\u0161enost\u00ed Z\u00e1padu a zav\u00e1d\u00ed je do praxe.\u201c<\/p>\n<p>Garcia pracuje pro agenturu Efe v\u00edce ne\u017e 20 let. P\u016fsobil jako report\u00e9r a vedouc\u00ed kancel\u00e1\u0159e v Palestin\u011b, Venezuele, N\u011bmecku a na dal\u0161\u00edch m\u00edstech. V roce 2018 byl jmenov\u00e1n vedouc\u00edm \u010d\u00ednsk\u00e9 zpravodajsk\u00e9 stanice.<\/p>\n<p><img decoding=\"async\" loading=\"lazy\" class=\"alignnone size-full wp-image-1185\" src=\"http:\/\/www.infokuryr.cz\/n\/wp-content\/uploads\/2021\/04\/kuryr-podpis.png\" alt=\"\" width=\"84\" height=\"24\" \/><\/p>\n<p>&nbsp;<\/p>\n","protected":false},"excerpt":{"rendered":"<p>Odpov\u011bdn\u00fd \u010dinitel mezin\u00e1rodn\u011b uzn\u00e1van\u00e9 tiskov\u00e9 agentury &#8211; \u0161pan\u011blsk\u00e9 zpravodajsk\u00e9 agentury Efe (La Agencia EFE, SA)&#8230;<\/p>\n","protected":false},"author":2,"featured_media":1889,"comment_status":"closed","ping_status":"closed","sticky":false,"template":"","format":"standard","meta":[],"categories":[7],"tags":[30,28,158],"_links":{"self":[{"href":"https:\/\/www.infokuryr.cz\/n\/wp-json\/wp\/v2\/posts\/5130"}],"collection":[{"href":"https:\/\/www.infokuryr.cz\/n\/wp-json\/wp\/v2\/posts"}],"about":[{"href":"https:\/\/www.infokuryr.cz\/n\/wp-json\/wp\/v2\/types\/post"}],"author":[{"embeddable":true,"href":"https:\/\/www.infokuryr.cz\/n\/wp-json\/wp\/v2\/users\/2"}],"replies":[{"embeddable":true,"href":"https:\/\/www.infokuryr.cz\/n\/wp-json\/wp\/v2\/comments?post=5130"}],"version-history":[{"count":0,"href":"https:\/\/www.infokuryr.cz\/n\/wp-json\/wp\/v2\/posts\/5130\/revisions"}],"wp:featuredmedia":[{"embeddable":true,"href":"https:\/\/www.infokuryr.cz\/n\/wp-json\/wp\/v2\/media\/1889"}],"wp:attachment":[{"href":"https:\/\/www.infokuryr.cz\/n\/wp-json\/wp\/v2\/media?parent=5130"}],"wp:term":[{"taxonomy":"category","embeddable":true,"href":"https:\/\/www.infokuryr.cz\/n\/wp-json\/wp\/v2\/categories?post=5130"},{"taxonomy":"post_tag","embeddable":true,"href":"https:\/\/www.infokuryr.cz\/n\/wp-json\/wp\/v2\/tags?post=5130"}],"curies":[{"name":"wp","href":"https:\/\/api.w.org\/{rel}","templated":true}]}}