{"id":5129,"date":"2021-10-02T07:11:04","date_gmt":"2021-10-02T05:11:04","guid":{"rendered":"http:\/\/www.infokuryr.cz\/n\/?p=5129"},"modified":"2021-10-02T07:11:04","modified_gmt":"2021-10-02T05:11:04","slug":"konstantin-shchepin-a-yves-mouillet-ziskali-cenu-pratelstvi-cinske-vlady","status":"publish","type":"post","link":"https:\/\/www.infokuryr.cz\/n\/2021\/10\/02\/konstantin-shchepin-a-yves-mouillet-ziskali-cenu-pratelstvi-cinske-vlady\/","title":{"rendered":"Konstantin Shchepin a Yves Mouillet z\u00edskali Cenu p\u0159\u00e1telstv\u00ed \u010d\u00ednsk\u00e9 vl\u00e1dy"},"content":{"rendered":"<div id=\"fb-root\"><\/div>\n<p>Dne 30. z\u00e1\u0159\u00ed se v Pekingu konalo slavnostn\u00ed p\u0159ed\u00e1n\u00ed Cen p\u0159\u00e1telstv\u00ed \u010d\u00ednsk\u00e9 vl\u00e1dy. \u010c\u00ednsk\u00fd premi\u00e9r Li Keqiang (Li Kche-\u010dchiang) se ve Velk\u00e9m s\u00e1le lidu setkal se zahrani\u010dn\u00edmi odborn\u00edky ocen\u011bn\u00fdmi \u010d\u00ednskou vl\u00e1dou v letech 2020 a 2021. Rusk\u00fd odborn\u00edk Konstantin Shchepin a francouzsk\u00fd odborn\u00edk Yves Mouillet z \u010d\u00ednsk\u00e9 medi\u00e1ln\u00ed organizace China Media Group (CMG) obdr\u017eeli Ceny p\u0159\u00e1telstv\u00ed \u010d\u00ednsk\u00e9 vl\u00e1dy za rok 2020 a 2021.<\/p>\n<p class=\"pcenter\"><img decoding=\"async\" style=\"border: 0px; display: block; -webkit-tap-highlight-color: rgba(0, 0, 0, 0); max-width: 100%; margin: auto;\" src=\"https:\/\/mim-img0.cctv.cn\/images\/zhycms_czech\/20211001\/b59cac88-fa34-44b2-a136-a990777b0117.jpg?x-oss-process=image\/quality,q_90\/resize,w_650\" alt=\"Sn\u00edmek: Konstantin Shchepin p\u0159i zpravodajsk\u00e9 slu\u017eb\u011b \u201edvou zased\u00e1n\u00ed\u201c \u010c\u00edny v roce 2019&lt;br&gt;&lt;br&gt;\" width=\"650\" \/><\/p>\n<p class=\"news_img_title\"><cite>Sn\u00edmek: Konstantin Shchepin p\u0159i zpravodajsk\u00e9 slu\u017eb\u011b \u201edvou zased\u00e1n\u00ed\u201c \u010c\u00edny v roce 2019<br \/>\n<\/cite><\/p>\n<p class=\"pcenter\"><img decoding=\"async\" style=\"border: 0px; display: block; -webkit-tap-highlight-color: rgba(0, 0, 0, 0); max-width: 100%; margin: auto;\" src=\"https:\/\/mim-img1.cctv.cn\/images\/zhycms_czech\/20211001\/c2e3a322-edb5-41c6-ab9c-a14216c7867c.png?x-oss-process=image\/quality,q_90\/resize,w_650\" alt=\"Sn\u00edmek: Yves Mouillet se \u00fa\u010dastn\u00ed F\u00f3ra rozvoje \u010d\u00ednsk\u00e9 Tibetsk\u00e9 autonomn\u00ed oblasti Xizang (Si-cang).&lt;br&gt;&lt;br&gt;\" width=\"650\" \/><\/p>\n<p class=\"news_img_title\"><cite>Sn\u00edmek: Yves Mouillet se \u00fa\u010dastn\u00ed F\u00f3ra rozvoje \u010d\u00ednsk\u00e9 Tibetsk\u00e9 autonomn\u00ed oblasti Xizang (Si-cang).<\/cite><\/p>\n<p class=\"news_img_title\"><cite>Cena p\u0159\u00e1telstv\u00ed \u010d\u00ednsk\u00e9 vl\u00e1dy je nejvy\u0161\u0161\u00ed ocen\u011bn\u00ed \u010d\u00ednsk\u00e9 vl\u00e1dy pro zahrani\u010dn\u00ed odborn\u00edky, kte\u0159\u00ed se mimo\u0159\u00e1dn\u011b zaslou\u017eili o modernizaci a reformu a otev\u00edr\u00e1n\u00ed se \u010c\u00edny sv\u011btu.<\/cite><\/p>\n<p><img decoding=\"async\" loading=\"lazy\" class=\"alignnone size-full wp-image-1185\" src=\"http:\/\/www.infokuryr.cz\/n\/wp-content\/uploads\/2021\/04\/kuryr-podpis.png\" alt=\"\" width=\"84\" height=\"24\" \/><\/p>\n<p>&nbsp;<\/p>\n","protected":false},"excerpt":{"rendered":"<p>Dne 30. z\u00e1\u0159\u00ed se v Pekingu konalo slavnostn\u00ed p\u0159ed\u00e1n\u00ed Cen p\u0159\u00e1telstv\u00ed \u010d\u00ednsk\u00e9 vl\u00e1dy. \u010c\u00ednsk\u00fd premi\u00e9r&#8230;<\/p>\n","protected":false},"author":2,"featured_media":2974,"comment_status":"closed","ping_status":"closed","sticky":false,"template":"","format":"standard","meta":[],"categories":[7],"tags":[30,1279],"_links":{"self":[{"href":"https:\/\/www.infokuryr.cz\/n\/wp-json\/wp\/v2\/posts\/5129"}],"collection":[{"href":"https:\/\/www.infokuryr.cz\/n\/wp-json\/wp\/v2\/posts"}],"about":[{"href":"https:\/\/www.infokuryr.cz\/n\/wp-json\/wp\/v2\/types\/post"}],"author":[{"embeddable":true,"href":"https:\/\/www.infokuryr.cz\/n\/wp-json\/wp\/v2\/users\/2"}],"replies":[{"embeddable":true,"href":"https:\/\/www.infokuryr.cz\/n\/wp-json\/wp\/v2\/comments?post=5129"}],"version-history":[{"count":0,"href":"https:\/\/www.infokuryr.cz\/n\/wp-json\/wp\/v2\/posts\/5129\/revisions"}],"wp:featuredmedia":[{"embeddable":true,"href":"https:\/\/www.infokuryr.cz\/n\/wp-json\/wp\/v2\/media\/2974"}],"wp:attachment":[{"href":"https:\/\/www.infokuryr.cz\/n\/wp-json\/wp\/v2\/media?parent=5129"}],"wp:term":[{"taxonomy":"category","embeddable":true,"href":"https:\/\/www.infokuryr.cz\/n\/wp-json\/wp\/v2\/categories?post=5129"},{"taxonomy":"post_tag","embeddable":true,"href":"https:\/\/www.infokuryr.cz\/n\/wp-json\/wp\/v2\/tags?post=5129"}],"curies":[{"name":"wp","href":"https:\/\/api.w.org\/{rel}","templated":true}]}}