{"id":51279,"date":"2024-04-08T00:37:11","date_gmt":"2024-04-07T22:37:11","guid":{"rendered":"https:\/\/www.infokuryr.cz\/n\/?p=51279"},"modified":"2024-04-07T14:14:43","modified_gmt":"2024-04-07T12:14:43","slug":"stoltenberg-ukrajina-mozna-bude-muset-udelat-kompromis-s-ruskem","status":"publish","type":"post","link":"https:\/\/www.infokuryr.cz\/n\/2024\/04\/08\/stoltenberg-ukrajina-mozna-bude-muset-udelat-kompromis-s-ruskem\/","title":{"rendered":"Stoltenberg: Ukrajina mo\u017en\u00e1 bude muset ud\u011blat kompromis s Ruskem"},"content":{"rendered":"<div id=\"fb-root\"><\/div>\n<p><span style=\"font-size: 18pt;\"><strong>Je na Z\u00e1padu, aby zajistil, \u017ee Kyjev dos\u00e1hne \u201ep\u0159ijateln\u00e9ho v\u00fdsledku\u201c, prohl\u00e1sil \u0161\u00e9f NATO<\/strong><\/span><\/p>\n<p><span>Ukrajina mo\u017en\u00e1 nakonec bude muset souhlasit s n\u011bjak\u00fdm kompromisem s Ruskem, aby konflikt ukon\u010dil, \u0159ekl gener\u00e1ln\u00ed tajemn\u00edk NATO Jens Stoltenberg.<\/span><\/p>\n<p><span>V rozhovoru pro BBC zve\u0159ejn\u011bn\u00e9m v sobotu \u0161\u00e9f NATO zopakoval, \u017ee Z\u00e1pad mus\u00ed Ukrajinu dlouhodob\u011b podporovat,\u00a0<\/span><em><span>\u201ei kdy\u017e v\u011b\u0159\u00edme a douf\u00e1me, \u017ee v\u00e1lka v bl\u00edzk\u00e9 budoucnosti skon\u010d\u00ed\u201c.<\/span><\/em><span>\u00a0Dodal, \u017ee z\u00e1padn\u00ed zem\u011b by m\u011bly investovat do obrann\u00fdch schopnost\u00ed Kyjeva, aby byl odoln\u011bj\u0161\u00ed v p\u0159\u00edpad\u011b budouc\u00edch nep\u0159\u00e1telsk\u00fdch akc\u00ed.<\/span><\/p>\n<p><span>Z\u00e1rove\u0148 nazna\u010dil, \u017ee je na Ukrajin\u011b, aby si vybrala, kdy a za jak\u00fdch podm\u00ednek bude usilovat o m\u00edr s Ruskem.\u00a0<\/span><em><span>\u201eNa konci dne to mus\u00ed b\u00fdt Ukrajina, kdo rozhodne o tom, jak\u00e9 kompromisy jsou ochotni ud\u011blat,\u201c<\/span><\/em><span>\u00a0\u0159ekl Stoltenberg a dodal, \u017ee \u00falohou Z\u00e1padu je pomoci Kyjevu dos\u00e1hnout vyjedn\u00e1vac\u00ed pozice, kter\u00e1 by mohla p\u0159in\u00e9st\u00a0<\/span><em><span>\u201ep\u0159ijateln\u00fd v\u00fdsledek\u201c. .\u201c<\/span><\/em><\/p>\n<p><span>Stoltenberg v\u0161ak zd\u016fraznil, \u017ee netla\u010d\u00ed Kyjev k \u017e\u00e1dn\u00fdm \u00fastupk\u016fm, a dodal, \u017ee\u00a0<\/span><em><span>\u201eskute\u010dn\u00e9ho m\u00edru\u201c<\/span><\/em><span>\u00a0lze dos\u00e1hnout pouze ukrajinsk\u00fdm v\u00edt\u011bzstv\u00edm.<\/span><\/p>\n<p><span>Za\u010d\u00e1tkem tohoto t\u00fddne \u0161\u00e9f NATO d\u016frazn\u011b po\u017e\u00e1dal o dlouhodobou podporu Kyjeva a vyzval \u010dleny bloku, aby\u00a0<\/span><em><span>\u201em\u00e9n\u011b spol\u00e9hali na dobrovoln\u00e9 p\u0159\u00edsp\u011bvky a v\u00edce na z\u00e1vazky NATO\u201c.<\/span><\/em><span>\u00a0Podle n\u011bkolika zpr\u00e1v Stoltenberg navrhl p\u011btilet\u00fd bal\u00ed\u010dek vojensk\u00e9 pomoci Ukrajin\u011b ve v\u00fd\u0161i 100 miliard eur (107 miliard dolar\u016f). P\u0159esn\u00e9 detaily iniciativy jsou \u00fadajn\u011b nyn\u00ed p\u0159edm\u011btem jedn\u00e1n\u00ed.<\/span><\/p>\n<p><span>B\u011bhem cel\u00e9ho konfliktu Rusko tvrdilo, \u017ee je otev\u0159en\u00e9 rozhovor\u016fm s Ukrajinou. Ukrajinsk\u00fd prezident Vladimir Zelenskij v\u0161ak zak\u00e1zal jak\u00e1koli jedn\u00e1n\u00ed se sou\u010dasn\u00fdm veden\u00edm v Moskv\u011b pot\u00e9, co \u010dty\u0159i b\u00fdval\u00e1 ukrajinsk\u00e1 \u00fazem\u00ed na podzim roku 2022 drtivou v\u011bt\u0161inou hlasovala pro p\u0159ipojen\u00ed k Rusku.<\/span><\/p>\n<p><span>Ukrajinsk\u00fd v\u016fdce doporu\u010doval desetibodov\u00fd \u201em\u00edrov\u00fd vzorec\u201c po\u017eaduj\u00edc\u00ed, aby Moskva st\u00e1hla sv\u00e9 voj\u00e1ky z \u00fazem\u00ed, kter\u00e9 si Kyjev n\u00e1rokuje jako sv\u00e9 vlastn\u00ed, a tak\u00e9 aby byl z\u0159\u00edzen tribun\u00e1l, kter\u00fd by st\u00edhal rusk\u00e9 p\u0159edstavitele za \u00fadajn\u00e9 v\u00e1le\u010dn\u00e9 zlo\u010diny. Moskva iniciativu odm\u00edtla jako\u00a0<\/span><em><span>\u201eodtr\u017eenou od reality\u201c.<\/span><\/em><\/p>\n<p><span>V sobotn\u00edm rozhovoru pro Politico Zelensk\u00e9ho n\u00e1\u010deln\u00edk gener\u00e1ln\u00edho \u0161t\u00e1bu Andrej Jermak tvrdil, \u017ee zat\u00edmco Ukrajinci jsou z konfliktu unaveni, budou se vehementn\u011b br\u00e1nit jak\u00e9mukoli kompromisu s Ruskem.<\/span><\/p>\n<p><span>Minul\u00fd m\u011bs\u00edc v\u0161ak Zelenskij nazna\u010dil, \u017ee n\u00e1vrat k ukrajinsk\u00fdm hranic\u00edm z roku 1991 ji\u017e nen\u00ed podm\u00ednkou pro jedn\u00e1n\u00ed s Ruskem. P\u0159esto st\u00e1le trval na tom, \u017ee Kyjev mus\u00ed z\u00edskat zp\u011bt \u00fazem\u00ed, o kter\u00e9 v roce 2022 p\u0159i\u0161el ve prosp\u011bch Moskvy.<\/span><\/p>\n<p><span>Moskva uvedla, \u017ee Ukrajina mus\u00ed vz\u00edt v \u00favahu skute\u010dnost, \u017ee jej\u00ed hranice se od za\u010d\u00e1tku nep\u0159\u00e1telsk\u00fdch akc\u00ed drasticky zm\u011bnily.<\/span><\/p>\n<p><img decoding=\"async\" loading=\"lazy\" class=\"alignnone size-full wp-image-1185\" src=\"http:\/\/www.infokuryr.cz\/n\/wp-content\/uploads\/2021\/04\/kuryr-podpis.png\" alt=\"\" width=\"84\" height=\"24\" \/><\/p>\n<p>&nbsp;<\/p>\n","protected":false},"excerpt":{"rendered":"<p>Je na Z\u00e1padu, aby zajistil, \u017ee Kyjev dos\u00e1hne \u201ep\u0159ijateln\u00e9ho v\u00fdsledku\u201c, prohl\u00e1sil \u0161\u00e9f NATO Ukrajina mo\u017en\u00e1&#8230;<\/p>\n","protected":false},"author":2,"featured_media":9100,"comment_status":"closed","ping_status":"closed","sticky":false,"template":"","format":"standard","meta":[],"categories":[7],"tags":[1834,39,22,26],"_links":{"self":[{"href":"https:\/\/www.infokuryr.cz\/n\/wp-json\/wp\/v2\/posts\/51279"}],"collection":[{"href":"https:\/\/www.infokuryr.cz\/n\/wp-json\/wp\/v2\/posts"}],"about":[{"href":"https:\/\/www.infokuryr.cz\/n\/wp-json\/wp\/v2\/types\/post"}],"author":[{"embeddable":true,"href":"https:\/\/www.infokuryr.cz\/n\/wp-json\/wp\/v2\/users\/2"}],"replies":[{"embeddable":true,"href":"https:\/\/www.infokuryr.cz\/n\/wp-json\/wp\/v2\/comments?post=51279"}],"version-history":[{"count":0,"href":"https:\/\/www.infokuryr.cz\/n\/wp-json\/wp\/v2\/posts\/51279\/revisions"}],"wp:featuredmedia":[{"embeddable":true,"href":"https:\/\/www.infokuryr.cz\/n\/wp-json\/wp\/v2\/media\/9100"}],"wp:attachment":[{"href":"https:\/\/www.infokuryr.cz\/n\/wp-json\/wp\/v2\/media?parent=51279"}],"wp:term":[{"taxonomy":"category","embeddable":true,"href":"https:\/\/www.infokuryr.cz\/n\/wp-json\/wp\/v2\/categories?post=51279"},{"taxonomy":"post_tag","embeddable":true,"href":"https:\/\/www.infokuryr.cz\/n\/wp-json\/wp\/v2\/tags?post=51279"}],"curies":[{"name":"wp","href":"https:\/\/api.w.org\/{rel}","templated":true}]}}