{"id":51276,"date":"2024-04-08T00:35:19","date_gmt":"2024-04-07T22:35:19","guid":{"rendered":"https:\/\/www.infokuryr.cz\/n\/?p=51276"},"modified":"2024-04-07T14:09:03","modified_gmt":"2024-04-07T12:09:03","slug":"syrska-armada-zasahla-pozice-militantu-v-idlibu-a-sestrelila-jejich-drony","status":"publish","type":"post","link":"https:\/\/www.infokuryr.cz\/n\/2024\/04\/08\/syrska-armada-zasahla-pozice-militantu-v-idlibu-a-sestrelila-jejich-drony\/","title":{"rendered":"Syrsk\u00e1 arm\u00e1da zas\u00e1hla pozice militant\u016f v Idlibu a sest\u0159elila jejich drony"},"content":{"rendered":"<div id=\"fb-root\"><\/div>\n<p><strong><span>Syrsk\u00e1 arabsk\u00e1 arm\u00e1da (SAA) zah\u00e1jila s\u00e9rii \u00fader\u016f proti pozic\u00edm, vozidl\u016fm a t\u011b\u017ek\u00fdm zbran\u00edm militant\u016f na venkov\u011b v Idlibu a Aleppu ve spolupr\u00e1ci s rusk\u00fdmi silami v zemi, ozn\u00e1milo 6. dubna syrsk\u00e9 ministerstvo obrany.<\/span><\/strong><\/p>\n<p><span>Denn\u00ed a no\u010dn\u00ed \u00fadery byly provedeny v reakci na ned\u00e1vn\u00e9 \u00fatoky teroristick\u00fdch skupin, kter\u00e9 se zam\u011b\u0159ovaly na n\u011bkolik m\u011bst a vesnic a tak\u00e9 na vojensk\u00e9 pozice, uvedlo ministerstvo v prohl\u00e1\u0161en\u00ed a dodalo, \u017ee p\u0159i odvetn\u00fdch akc\u00edch byly zran\u011bny nebo zabity \u201edes\u00edtky\u201c vojensk\u00e9ho person\u00e1lu. st\u00e1vky.<\/span><\/p>\n<p><span>Krom\u011b toho ministerstvo uvedlo, \u017ee SAA zas\u00e1hla a sest\u0159elila n\u011bkolik \u00fato\u010dn\u00fdch dron\u016f nad krajinou Idlibu a Aleppa.<\/span><\/p>\n<p><iframe loading=\"lazy\" title=\"P\u0159ehr\u00e1va\u010d videa YouTube\" src=\"https:\/\/www.youtube.com\/embed\/qiHqvPipnBk?si=cQW-OFNWgzQhW751\" width=\"600\" height=\"338\" frameborder=\"0\" allowfullscreen=\"allowfullscreen\" data-mce-fragment=\"1\"><\/iframe><\/p>\n<p><span>V\u011bt\u0161inu Idlibu a jeho venkova, stejn\u011b jako rozs\u00e1hl\u00e9 \u010d\u00e1sti venkova Aleppa, Hamy a Lattakie, okupuje Hay&#8217;at Tahrir al-Sham (HTS) napojen\u00fd na al-K\u00e1idu. Tato oblast je zn\u00e1m\u00e1 jako Greater Idlib.<\/span><\/p>\n<p><span>HTS a jej\u00ed spojenci v regionu st\u00e1li za v\u0161emi ned\u00e1vn\u00fdmi \u00fatoky na nedalek\u00e9 vl\u00e1dou ovl\u00e1dan\u00e9 oblasti. Tyto \u00fatoky byly do o\u010d\u00ed bij\u00edc\u00edm poru\u0161en\u00edm dohody o p\u0159\u00edm\u011b\u0159\u00ed zprost\u0159edkovan\u00e9 Ruskem a Tureckem p\u0159ed v\u00edce ne\u017e t\u0159emi lety.<\/span><\/p>\n<p><span>Navzdory ned\u00e1vn\u00e9 eskalaci teroristick\u00fdch skupin v Greater Idlib, SAA a jej\u00ed spojenci pravd\u011bpodobn\u011b nezah\u00e1j\u00ed pozemn\u00ed operaci v regionu v dohledn\u00e9 dob\u011b, proto\u017ee takov\u00fd krok by mohl v\u00e9st k nebezpe\u010dn\u00e9 konfrontaci s Tureckem, kter\u00e9 tam udr\u017euje velk\u00e9 s\u00edly.<\/span><\/p>\n<p><img decoding=\"async\" loading=\"lazy\" class=\"alignnone size-full wp-image-1185\" src=\"http:\/\/www.infokuryr.cz\/n\/wp-content\/uploads\/2021\/04\/kuryr-podpis.png\" alt=\"\" width=\"84\" height=\"24\" \/><\/p>\n<p>&nbsp;<\/p>\n","protected":false},"excerpt":{"rendered":"<p>Syrsk\u00e1 arabsk\u00e1 arm\u00e1da (SAA) zah\u00e1jila s\u00e9rii \u00fader\u016f proti pozic\u00edm, vozidl\u016fm a t\u011b\u017ek\u00fdm zbran\u00edm militant\u016f na&#8230;<\/p>\n","protected":false},"author":2,"featured_media":51277,"comment_status":"closed","ping_status":"closed","sticky":false,"template":"","format":"standard","meta":[],"categories":[7],"tags":[1917,2856,147],"_links":{"self":[{"href":"https:\/\/www.infokuryr.cz\/n\/wp-json\/wp\/v2\/posts\/51276"}],"collection":[{"href":"https:\/\/www.infokuryr.cz\/n\/wp-json\/wp\/v2\/posts"}],"about":[{"href":"https:\/\/www.infokuryr.cz\/n\/wp-json\/wp\/v2\/types\/post"}],"author":[{"embeddable":true,"href":"https:\/\/www.infokuryr.cz\/n\/wp-json\/wp\/v2\/users\/2"}],"replies":[{"embeddable":true,"href":"https:\/\/www.infokuryr.cz\/n\/wp-json\/wp\/v2\/comments?post=51276"}],"version-history":[{"count":0,"href":"https:\/\/www.infokuryr.cz\/n\/wp-json\/wp\/v2\/posts\/51276\/revisions"}],"wp:featuredmedia":[{"embeddable":true,"href":"https:\/\/www.infokuryr.cz\/n\/wp-json\/wp\/v2\/media\/51277"}],"wp:attachment":[{"href":"https:\/\/www.infokuryr.cz\/n\/wp-json\/wp\/v2\/media?parent=51276"}],"wp:term":[{"taxonomy":"category","embeddable":true,"href":"https:\/\/www.infokuryr.cz\/n\/wp-json\/wp\/v2\/categories?post=51276"},{"taxonomy":"post_tag","embeddable":true,"href":"https:\/\/www.infokuryr.cz\/n\/wp-json\/wp\/v2\/tags?post=51276"}],"curies":[{"name":"wp","href":"https:\/\/api.w.org\/{rel}","templated":true}]}}