{"id":51272,"date":"2024-04-08T00:32:34","date_gmt":"2024-04-07T22:32:34","guid":{"rendered":"https:\/\/www.infokuryr.cz\/n\/?p=51272"},"modified":"2024-04-07T15:03:13","modified_gmt":"2024-04-07T13:03:13","slug":"hizballah-sestrelil-izraelsky-bojovy-dron-hermes-900","status":"publish","type":"post","link":"https:\/\/www.infokuryr.cz\/n\/2024\/04\/08\/hizballah-sestrelil-izraelsky-bojovy-dron-hermes-900\/","title":{"rendered":"Hizball\u00e1h sest\u0159elil izraelsk\u00fd bojov\u00fd dron Hermes 900"},"content":{"rendered":"<div id=\"fb-root\"><\/div>\n<p><strong>Koncem 6. dubna Hizball\u00e1h ozn\u00e1mil, \u017ee sest\u0159elil bojov\u00fd dron izraelsk\u00fdch obrann\u00fdch sil (IDF) nad Libanonem.<\/strong><\/p>\n<p>Hizball\u00e1h v prvn\u00edm prohl\u00e1\u0161en\u00ed uvedl, \u017ee sest\u0159elil Elbit Hermes 450, ale pozd\u011bji v aktualizaci tvrdil, \u017ee dron byl v\u011bt\u0161\u00ed model Hermes 900.<\/p>\n<p>Dron byl zam\u011b\u0159en na \u201epodporu neochv\u011bjn\u00e9ho palestinsk\u00e9ho lidu v p\u00e1smu Gazy a na podporu jejich state\u010dn\u00e9ho a \u010destn\u00e9ho odporu,\u201c uvedla skupina.<\/p>\n<p>IDF uznaly, \u017ee jeden z jej\u00edch dron\u016f sest\u0159elil Hizball\u00e1h, a uvedly, \u017ee incident je p\u0159edm\u011btem dal\u0161\u00edho vy\u0161et\u0159ov\u00e1n\u00ed. Videoz\u00e1znam, kter\u00fd skupina zve\u0159ejnila pozd\u011bji, uk\u00e1zal, \u017ee velk\u00fd dron byl zasa\u017een a spadl z oblohy, kdy\u017e ho\u0159el.<\/p>\n<p><iframe loading=\"lazy\" src=\"https:\/\/s2.cdnstatic.space\/wp-content\/uploads\/2024\/04\/hermes900.mp4\" width=\"600\" height=\"338\" data-mce-fragment=\"1\"><\/iframe><\/p>\n<p>Hermes 900 je dron st\u0159edn\u00ed velikosti s v\u00fddr\u017e\u00ed p\u0159es 30 hodin a maxim\u00e1ln\u00ed v\u00fd\u0161kou 30 000 stop. Byl navr\u017een izraelsk\u00fdm Elbitem k prov\u00e1d\u011bn\u00ed pr\u016fzkumn\u00fdch, sledovac\u00edch, komunika\u010dn\u00edch a \u00fato\u010dn\u00fdch mis\u00ed. Jedin\u00fd dron tohoto modelu by mohl st\u00e1t v\u00edce ne\u017e 80 milion\u016f dolar\u016f.<\/p>\n<p>P\u0159edpokl\u00e1d\u00e1 se, \u017ee Hizball\u00e1h vlastn\u00ed n\u011bkolik syst\u00e9m\u016f protivzdu\u0161n\u00e9 obrany, kter\u00e9 by mohly porazit bojov\u00e9 drony, jako je Hermes 900, v\u010detn\u011b hybridu raketa-dron identifikovan\u00fd arm\u00e1dou a zpravodajsk\u00fdmi slu\u017ebami Spojen\u00fdch st\u00e1t\u016f jako st\u0159ela \u201e358\u201c. St\u0159ela, kter\u00e1 byla spat\u0159ena v Libanonu ji\u017e d\u0159\u00edve, m\u00e1 \u00fadajn\u011b dolet 150 kilometr\u016f.<\/p>\n<p>V reakci na sest\u0159elen\u00ed sv\u00e9ho dronu IDF ve sv\u00e9m prohl\u00e1\u0161en\u00ed po\u010d\u00e1tkem dubna 7. dubna uvedla, \u017ee provedla n\u00e1lety proti c\u00edl\u016fm protivzdu\u0161n\u00e9 obrany Hizball\u00e1hu v okrese Baalbek na severov\u00fdchod\u011b Libanonu, v\u00edce ne\u017e 100 kilometr\u016f od hranic s Izraelem. .<\/p>\n<p>Podle IDF c\u00edle zahrnovaly komplex a t\u0159i dal\u0161\u00ed infrastruktury souvisej\u00edc\u00ed se silami protivzdu\u0161n\u00e9 obrany Hizball\u00e1hu.<\/p>\n<p>Zdroj bl\u00edzk\u00fd Hizball\u00e1hu agentu\u0159e AFP \u0159ekl, \u017ee \u00fadery zas\u00e1hly dv\u011b oblasti v Baalbeku: suchou Janta, hornatou oblast bl\u00edzko hranic se S\u00fdri\u00ed, a Sifri, kter\u00e1 je uprost\u0159ed \u00fadol\u00ed Bekaa. Nebyly hl\u00e1\u0161eny \u017e\u00e1dn\u00e9 ob\u011bti z n\u00e1let\u016f.<\/p>\n<p>Dal\u0161\u00ed m\u00edsta Hizball\u00e1hu byla zam\u011b\u0159ena koncem 6. dubna v jiholibanonsk\u00fdch m\u011bstech Ayta al-Shaab a Odaisseh, ozn\u00e1mily IDF ve stejn\u00e9m prohl\u00e1\u0161en\u00ed.<\/p>\n<p><iframe loading=\"lazy\" src=\"https:\/\/s2.cdnstatic.space\/wp-content\/uploads\/2024\/04\/twitsave.com_sRcvtLiTS7xx6am3.mp4\" width=\"600\" height=\"338\" data-mce-fragment=\"1\"><\/iframe><\/p>\n<p>No\u010dn\u00ed izraelsk\u00e9 n\u00e1lety byly pop\u00e1t\u00e9 uprost\u0159ed v\u00e1lky v Gaze, kdy IDF zas\u00e1hly pozice v Baalbeku, ba\u0161t\u011b Hizball\u00e1hu.<\/p>\n<p>Prvn\u00ed izraelsk\u00fd \u00fatok na okres byl v \u00fanoru. Bylo provedeno v reakci na sest\u0159elen\u00ed bojov\u00e9ho dronu Hermes 450 Hizball\u00e1hem. Skupina tak\u00e9 loni v listopadu sest\u0159elila Hermes 450, ale IDF tehdy nereagovaly hlubok\u00fdmi \u00fadery.<\/p>\n<p>Od vypuknut\u00ed izraelsk\u00e9 v\u00e1lky v Gaze loni v \u0159\u00edjnu za\u010dal Hizball\u00e1h a jeho spojenci podnikat t\u00e9m\u011b\u0159 ka\u017edodenn\u00ed \u00fatoky proti IDF na podporu hnut\u00ed Hamas a dal\u0161\u00edch palestinsk\u00fdch ozbrojen\u00fdch frakc\u00ed v P\u00e1smu.<\/p>\n<p>Dosud si hrani\u010dn\u00ed st\u0159ety vy\u017e\u00e1daly na izraelsk\u00e9 stran\u011b osm mrtv\u00fdch civilist\u016f a tak\u00e9 nejm\u00e9n\u011b deset voj\u00e1k\u016f a z\u00e1lo\u017en\u00edk\u016f IDF. Na libanonsk\u00e9 stran\u011b bylo zabito v\u00edce ne\u017e 400 lid\u00ed, v\u010detn\u011b 253 bojovn\u00edk\u016f Hizball\u00e1hu a nejm\u00e9n\u011b 70 civilist\u016f.<\/p>\n<p><img decoding=\"async\" loading=\"lazy\" class=\"alignnone size-full wp-image-1185\" src=\"http:\/\/www.infokuryr.cz\/n\/wp-content\/uploads\/2021\/04\/kuryr-podpis.png\" alt=\"\" width=\"84\" height=\"24\" \/><\/p>\n<p>&nbsp;<\/p>\n","protected":false},"excerpt":{"rendered":"<p>Koncem 6. dubna Hizball\u00e1h ozn\u00e1mil, \u017ee sest\u0159elil bojov\u00fd dron izraelsk\u00fdch obrann\u00fdch sil (IDF) nad Libanonem&#8230;.<\/p>\n","protected":false},"author":2,"featured_media":51273,"comment_status":"closed","ping_status":"closed","sticky":false,"template":"","format":"standard","meta":[],"categories":[7],"tags":[3727,7085,6957,889],"_links":{"self":[{"href":"https:\/\/www.infokuryr.cz\/n\/wp-json\/wp\/v2\/posts\/51272"}],"collection":[{"href":"https:\/\/www.infokuryr.cz\/n\/wp-json\/wp\/v2\/posts"}],"about":[{"href":"https:\/\/www.infokuryr.cz\/n\/wp-json\/wp\/v2\/types\/post"}],"author":[{"embeddable":true,"href":"https:\/\/www.infokuryr.cz\/n\/wp-json\/wp\/v2\/users\/2"}],"replies":[{"embeddable":true,"href":"https:\/\/www.infokuryr.cz\/n\/wp-json\/wp\/v2\/comments?post=51272"}],"version-history":[{"count":0,"href":"https:\/\/www.infokuryr.cz\/n\/wp-json\/wp\/v2\/posts\/51272\/revisions"}],"wp:featuredmedia":[{"embeddable":true,"href":"https:\/\/www.infokuryr.cz\/n\/wp-json\/wp\/v2\/media\/51273"}],"wp:attachment":[{"href":"https:\/\/www.infokuryr.cz\/n\/wp-json\/wp\/v2\/media?parent=51272"}],"wp:term":[{"taxonomy":"category","embeddable":true,"href":"https:\/\/www.infokuryr.cz\/n\/wp-json\/wp\/v2\/categories?post=51272"},{"taxonomy":"post_tag","embeddable":true,"href":"https:\/\/www.infokuryr.cz\/n\/wp-json\/wp\/v2\/tags?post=51272"}],"curies":[{"name":"wp","href":"https:\/\/api.w.org\/{rel}","templated":true}]}}