{"id":51268,"date":"2024-04-08T00:32:16","date_gmt":"2024-04-07T22:32:16","guid":{"rendered":"https:\/\/www.infokuryr.cz\/n\/?p=51268"},"modified":"2024-04-07T14:02:03","modified_gmt":"2024-04-07T12:02:03","slug":"lzi-lzi-lzi-satelitni-snimky-odhalily-nova-falesna-vitezstvi-kyjeva","status":"publish","type":"post","link":"https:\/\/www.infokuryr.cz\/n\/2024\/04\/08\/lzi-lzi-lzi-satelitni-snimky-odhalily-nova-falesna-vitezstvi-kyjeva\/","title":{"rendered":"L\u017ei, l\u017ei, l\u017ei: Satelitn\u00ed sn\u00edmky odhalily nov\u00e1 fale\u0161n\u00e1 v\u00edt\u011bzstv\u00ed Kyjeva"},"content":{"rendered":"<div id=\"fb-root\"><\/div>\n<p><strong><span>V noci na 5. dubna rusk\u00e9 s\u00edly odrazily\u00a0<\/span><a href=\"https:\/\/southfront.press\/russian-air-defenses-foil-large-ukrainian-attack-down-over-50-drones-videos\/\"><span>masivn\u00ed \u00fatok<\/span><\/a><span>\u00a0ukrajinsk\u00fdch dron\u016f v t\u00fdlov\u00fdch oblastech. Rusk\u00e9 ministerstvo obrany ozn\u00e1milo, \u017ee v p\u011bti rusk\u00fdch regionech bylo zni\u010deno 53 dron\u016f. Kyjevsk\u00fd re\u017eim zase vyhl\u00e1sil fale\u0161n\u00e1 v\u00edt\u011bzstv\u00ed.\u00a0<\/span><\/strong><\/p>\n<p><em>\u201eB\u011bhem minul\u00e9 noci a \u010dasn\u00e9ho r\u00e1na 5. dubna byly potla\u010deny pokusy kyjevsk\u00e9ho re\u017eimu zah\u00e1jit teroristick\u00e9 \u00fatoky pomoc\u00ed bezpilotn\u00edch letoun\u016f na za\u0159\u00edzen\u00ed na \u00fazem\u00ed Rusk\u00e9 federace.<\/em><\/p>\n<p><em>Syst\u00e9my protivzdu\u0161n\u00e9 obrany ve slu\u017eb\u011b zachyceny a zni\u010deny nad \u00fazem\u00edmi region\u016f Rostov (44 UAV), Saratov (1 UAV), Kursk (1 UAV) a Belgorod (1 UAV), jako\u017e i nad \u00fazem\u00edm regionu Krasnodar (6 UAV). \u201c uvedlo rusk\u00e9 ministerstvo obrany.<\/em><\/p>\n<p><strong><span>Ter\u010dem ukrajinsk\u00fdch \u00fatok\u016f byla t\u0159i rusk\u00e1 vojensk\u00e1 leti\u0161t\u011b, v\u010detn\u011b leti\u0161t\u011b v Morozovsku v Rostovsk\u00e9 oblasti, Engels v Saratovsk\u00e9 oblasti, Jejsk v Krasnodarsk\u00e9m kraji.\u00a0<\/span><\/strong><\/p>\n<p><span>Ukrajin\u0161t\u00ed vojen\u0161t\u00ed p\u0159edstavitel\u00e9 a m\u00e9dia prohl\u00e1sili, \u017ee asi 10-15 rusk\u00fdch letadel bylo zni\u010deno a po\u0161kozeno v d\u016fsledku \u00fatoku, v\u010detn\u011b 6 letadel \u00fadajn\u011b zni\u010den\u00fdch v Engels.<\/span><\/p>\n<p><span>6. dubna satelitn\u00ed sn\u00edmky v\u0161ech t\u0159\u00ed leti\u0161\u0165 odhalily kyjevsk\u00e9 l\u017ei. Nebylo potvrzeno \u017e\u00e1dn\u00e9 po\u0161kozen\u00ed leti\u0161\u0165 nebo letadel.<\/span><\/p>\n<div id=\"attachment_202895\" class=\"wp-caption aligncenter\" style=\"width: 605px;\"><a href=\"https:\/\/s2.cdnstatic.space\/wp-content\/uploads\/2024\/04\/air-7.jpg\" target=\"_blank\" rel=\"noopener\"><img decoding=\"async\" loading=\"lazy\" class=\"wp-image-202895\" title=\"L\u017ei, l\u017ei, l\u017ei: Satelitn\u00ed sn\u00edmky odhalily nov\u00e1 fale\u0161n\u00e1 v\u00edt\u011bzstv\u00ed Kyjeva\" src=\"https:\/\/s4.cdnstatic.space\/wp-content\/uploads\/2024\/04\/air-7-490x276.jpg\" sizes=\"(max-width: 600px) 100vw, 600px\" srcset=\"https:\/\/s2.cdnstatic.space\/wp-content\/uploads\/2024\/04\/air-7-490x276.jpg 490w, https:\/\/s2.cdnstatic.space\/wp-content\/uploads\/2024\/04\/air-7-768x433.jpg 768w, https:\/\/s2.cdnstatic.space\/wp-content\/uploads\/2024\/04\/air-7.jpg 900w\" alt=\"L\u017ei, l\u017ei, l\u017ei: Satelitn\u00ed sn\u00edmky odhalily nov\u00e1 fale\u0161n\u00e1 v\u00edt\u011bzstv\u00ed Kyjeva\" width=\"605\" height=\"341\" aria-describedby=\"caption-attachment-202895\" \/><\/a><\/p>\n<p id=\"caption-attachment-202895\" class=\"wp-caption-text\"><span>Kliknut\u00edm zobraz\u00edte obr\u00e1zek v pln\u00e9 velikosti<\/span><\/p>\n<\/div>\n<div id=\"attachment_202889\" class=\"wp-caption aligncenter\" style=\"width: 607px;\"><a href=\"https:\/\/s2.cdnstatic.space\/wp-content\/uploads\/2024\/04\/air-1.jpg\" target=\"_blank\" rel=\"noopener\"><img decoding=\"async\" loading=\"lazy\" class=\"wp-image-202889\" title=\"L\u017ei, l\u017ei, l\u017ei: Satelitn\u00ed sn\u00edmky odhalily nov\u00e1 fale\u0161n\u00e1 v\u00edt\u011bzstv\u00ed Kyjeva\" src=\"https:\/\/s4.cdnstatic.space\/wp-content\/uploads\/2024\/04\/air-1-490x275.jpg\" sizes=\"(max-width: 600px) 100vw, 600px\" srcset=\"https:\/\/s2.cdnstatic.space\/wp-content\/uploads\/2024\/04\/air-1-490x275.jpg 490w, https:\/\/s2.cdnstatic.space\/wp-content\/uploads\/2024\/04\/air-1-768x432.jpg 768w, https:\/\/s2.cdnstatic.space\/wp-content\/uploads\/2024\/04\/air-1.jpg 900w\" alt=\"L\u017ei, l\u017ei, l\u017ei: Satelitn\u00ed sn\u00edmky odhalily nov\u00e1 fale\u0161n\u00e1 v\u00edt\u011bzstv\u00ed Kyjeva\" width=\"607\" height=\"342\" aria-describedby=\"caption-attachment-202889\" \/><\/a><\/p>\n<p id=\"caption-attachment-202889\" class=\"wp-caption-text\"><span>Kliknut\u00edm zobraz\u00edte obr\u00e1zek v pln\u00e9 velikosti<\/span><\/p>\n<\/div>\n<div id=\"attachment_202893\" class=\"wp-caption aligncenter\" style=\"width: 602px;\"><a href=\"https:\/\/s2.cdnstatic.space\/wp-content\/uploads\/2024\/04\/air-5.jpg\" target=\"_blank\" rel=\"noopener\"><img decoding=\"async\" loading=\"lazy\" class=\"wp-image-202893\" title=\"L\u017ei, l\u017ei, l\u017ei: Satelitn\u00ed sn\u00edmky odhalily nov\u00e1 fale\u0161n\u00e1 v\u00edt\u011bzstv\u00ed Kyjeva\" src=\"https:\/\/s4.cdnstatic.space\/wp-content\/uploads\/2024\/04\/air-5-490x276.jpg\" sizes=\"(max-width: 600px) 100vw, 600px\" srcset=\"https:\/\/s2.cdnstatic.space\/wp-content\/uploads\/2024\/04\/air-5-490x276.jpg 490w, https:\/\/s2.cdnstatic.space\/wp-content\/uploads\/2024\/04\/air-5-1024x576.jpg 1024w, https:\/\/s2.cdnstatic.space\/wp-content\/uploads\/2024\/04\/air-5-768x432.jpg 768w, https:\/\/s2.cdnstatic.space\/wp-content\/uploads\/2024\/04\/air-5.jpg 1280w\" alt=\"L\u017ei, l\u017ei, l\u017ei: Satelitn\u00ed sn\u00edmky odhalily nov\u00e1 fale\u0161n\u00e1 v\u00edt\u011bzstv\u00ed Kyjeva\" width=\"602\" height=\"339\" aria-describedby=\"caption-attachment-202893\" \/><\/a><\/p>\n<p id=\"caption-attachment-202893\" class=\"wp-caption-text\"><span>Kliknut\u00edm zobraz\u00edte obr\u00e1zek v pln\u00e9 velikosti<\/span><\/p>\n<\/div>\n<div id=\"attachment_202894\" class=\"wp-caption aligncenter\" style=\"width: 605px;\"><a href=\"https:\/\/s2.cdnstatic.space\/wp-content\/uploads\/2024\/04\/air-6.jpg\" target=\"_blank\" rel=\"noopener\"><img decoding=\"async\" loading=\"lazy\" class=\"wp-image-202894\" title=\"L\u017ei, l\u017ei, l\u017ei: Satelitn\u00ed sn\u00edmky odhalily nov\u00e1 fale\u0161n\u00e1 v\u00edt\u011bzstv\u00ed Kyjeva\" src=\"https:\/\/s4.cdnstatic.space\/wp-content\/uploads\/2024\/04\/air-6-490x275.jpg\" sizes=\"(max-width: 600px) 100vw, 600px\" srcset=\"https:\/\/s2.cdnstatic.space\/wp-content\/uploads\/2024\/04\/air-6-490x275.jpg 490w, https:\/\/s2.cdnstatic.space\/wp-content\/uploads\/2024\/04\/air-6-1024x575.jpg 1024w, https:\/\/s2.cdnstatic.space\/wp-content\/uploads\/2024\/04\/air-6-768x431.jpg 768w, https:\/\/s2.cdnstatic.space\/wp-content\/uploads\/2024\/04\/air-6.jpg 1280w\" alt=\"L\u017ei, l\u017ei, l\u017ei: Satelitn\u00ed sn\u00edmky odhalily nov\u00e1 fale\u0161n\u00e1 v\u00edt\u011bzstv\u00ed Kyjeva\" width=\"605\" height=\"340\" aria-describedby=\"caption-attachment-202894\" \/><\/a><\/p>\n<p id=\"caption-attachment-202894\" class=\"wp-caption-text\"><span>Kliknut\u00edm zobraz\u00edte obr\u00e1zek v pln\u00e9 velikosti<\/span><\/p>\n<\/div>\n<div id=\"attachment_202890\" class=\"wp-caption aligncenter\" style=\"width: 602px;\"><a href=\"https:\/\/s2.cdnstatic.space\/wp-content\/uploads\/2024\/04\/air-2.jpg\" target=\"_blank\" rel=\"noopener\"><img decoding=\"async\" loading=\"lazy\" class=\"wp-image-202890\" title=\"L\u017ei, l\u017ei, l\u017ei: Satelitn\u00ed sn\u00edmky odhalily nov\u00e1 fale\u0161n\u00e1 v\u00edt\u011bzstv\u00ed Kyjeva\" src=\"https:\/\/s4.cdnstatic.space\/wp-content\/uploads\/2024\/04\/air-2-370x300.jpg\" sizes=\"(max-width: 600px) 100vw, 600px\" srcset=\"https:\/\/s2.cdnstatic.space\/wp-content\/uploads\/2024\/04\/air-2-370x300.jpg 370w, https:\/\/s2.cdnstatic.space\/wp-content\/uploads\/2024\/04\/air-2-1024x830.jpg 1024w, https:\/\/s2.cdnstatic.space\/wp-content\/uploads\/2024\/04\/air-2-768x623.jpg 768w, https:\/\/s2.cdnstatic.space\/wp-content\/uploads\/2024\/04\/air-2.jpg 1099w\" alt=\"L\u017ei, l\u017ei, l\u017ei: Satelitn\u00ed sn\u00edmky odhalily nov\u00e1 fale\u0161n\u00e1 v\u00edt\u011bzstv\u00ed Kyjeva\" width=\"602\" height=\"489\" aria-describedby=\"caption-attachment-202890\" \/><\/a><\/p>\n<p id=\"caption-attachment-202890\" class=\"wp-caption-text\"><span>Kliknut\u00edm zobraz\u00edte obr\u00e1zek v pln\u00e9 velikosti<\/span><\/p>\n<\/div>\n<div id=\"attachment_202891\" class=\"wp-caption aligncenter\" style=\"width: 602px;\"><a href=\"https:\/\/s2.cdnstatic.space\/wp-content\/uploads\/2024\/04\/air-3.jpg\" target=\"_blank\" rel=\"noopener\"><img decoding=\"async\" loading=\"lazy\" class=\"wp-image-202891\" title=\"L\u017ei, l\u017ei, l\u017ei: Satelitn\u00ed sn\u00edmky odhalily nov\u00e1 fale\u0161n\u00e1 v\u00edt\u011bzstv\u00ed Kyjeva\" src=\"https:\/\/s4.cdnstatic.space\/wp-content\/uploads\/2024\/04\/air-3-362x300.jpg\" sizes=\"(max-width: 600px) 100vw, 600px\" srcset=\"https:\/\/s2.cdnstatic.space\/wp-content\/uploads\/2024\/04\/air-3-362x300.jpg 362w, https:\/\/s2.cdnstatic.space\/wp-content\/uploads\/2024\/04\/air-3-1024x848.jpg 1024w, https:\/\/s2.cdnstatic.space\/wp-content\/uploads\/2024\/04\/air-3-768x636.jpg 768w, https:\/\/s2.cdnstatic.space\/wp-content\/uploads\/2024\/04\/air-3.jpg 1097w\" alt=\"L\u017ei, l\u017ei, l\u017ei: Satelitn\u00ed sn\u00edmky odhalily nov\u00e1 fale\u0161n\u00e1 v\u00edt\u011bzstv\u00ed Kyjeva\" width=\"602\" height=\"499\" aria-describedby=\"caption-attachment-202891\" \/><\/a><\/p>\n<p id=\"caption-attachment-202891\" class=\"wp-caption-text\"><span>Kliknut\u00edm zobraz\u00edte obr\u00e1zek v pln\u00e9 velikosti<\/span><\/p>\n<\/div>\n<p><strong><span>Kyjevsk\u00fd re\u017eim nad\u00e1le l\u017ee navzdory d\u016fkaz\u016fm o sv\u00fdch por\u00e1\u017ek\u00e1ch.<\/span><\/strong><span>\u00a0Nap\u0159\u00edklad 6. dubna rusk\u00e9 p\u0159esn\u00e9 \u00fadery\u00a0<\/span><a href=\"https:\/\/southfront.press\/ukrainian-heavy-rocket-launchers-were-destroyed-in-recent-russian-strikes-videos-photos\/\"><span>zni\u010dily<\/span><\/a><span>\u00a0ukrajinsk\u00e9 t\u011b\u017ek\u00e9 v\u00edcen\u00e1sobn\u00e9 raketomety BM-27 Uragan rozm\u00edst\u011bn\u00e9 v ulic\u00edch m\u011bsta Charkov. Z\u00e1b\u011bry z oblasti jasn\u011b ukazovaly zni\u010den\u00e9 vojensk\u00e9 syst\u00e9my, ale m\u00edstn\u00ed starosta poskytl rozhovor, v n\u011bm\u017e obvinil ruskou arm\u00e1du z krvav\u00fdch p\u0159esn\u00fdch \u00fader\u016f na civilisty. M\u00edstn\u00ed m\u00e9dia mezit\u00edm zapomn\u011bla nato\u010dit hlavn\u00ed c\u00edl \u00fasp\u011b\u0161n\u00e9ho \u00fatoku. K porovn\u00e1n\u00ed jsou zde dv\u011b videa z oblasti:<\/span><\/p>\n<div style=\"width: 352px;\" class=\"wp-video\"><!--[if lt IE 9]><script>document.createElement('video');<\/script><![endif]-->\n<video class=\"wp-video-shortcode\" id=\"video-51268-1\" width=\"352\" height=\"624\" preload=\"metadata\" controls=\"controls\"><source type=\"video\/mp4\" src=\"http:\/\/www.infokuryr.cz\/n\/wp-content\/uploads\/2024\/04\/kh1.mp4?_=1\" \/><a href=\"http:\/\/www.infokuryr.cz\/n\/wp-content\/uploads\/2024\/04\/kh1.mp4\">http:\/\/www.infokuryr.cz\/n\/wp-content\/uploads\/2024\/04\/kh1.mp4<\/a><\/video><\/div>\n<div style=\"width: 480px;\" class=\"wp-video\"><video class=\"wp-video-shortcode\" id=\"video-51268-2\" width=\"480\" height=\"848\" preload=\"metadata\" controls=\"controls\"><source type=\"video\/mp4\" src=\"http:\/\/www.infokuryr.cz\/n\/wp-content\/uploads\/2024\/04\/kh2.mp4?_=2\" \/><a href=\"http:\/\/www.infokuryr.cz\/n\/wp-content\/uploads\/2024\/04\/kh2.mp4\">http:\/\/www.infokuryr.cz\/n\/wp-content\/uploads\/2024\/04\/kh2.mp4<\/a><\/video><\/div>\n<p>&nbsp;<\/p>\n<p><strong><span>Po desetilet\u00edch propagandy zalo\u017een\u00e9 na l\u017e\u00edch a pad\u011blc\u00edch u\u017e ukrajinsk\u00e9 elity nerespektuj\u00ed obyvatelstvo sv\u00e9 zem\u011b. U\u017e se neobt\u011b\u017euj\u00ed skr\u00fdvat nehor\u00e1zn\u00e9 l\u017ei, proto\u017ee jejich publikum na Ukrajin\u011b i v zahrani\u010d\u00ed je zcela slep\u00e9 a nezpochyb\u0148uje poh\u00e1dky \u0161\u00ed\u0159en\u00e9 ukrajinskou propagandou a MSM.<\/span><\/strong><\/p>\n<p>Tyto dezinformace \u00fasp\u011b\u0161n\u011b tak\u00e9 v \u010cesk\u00e9 republice \u0161\u00ed\u0159ila v\u0161echny provl\u00e1dn\u00ed dezinforma\u010dn\u00ed kvazi-media.<\/p>\n<p><img decoding=\"async\" loading=\"lazy\" class=\"alignnone size-full wp-image-1185\" src=\"http:\/\/www.infokuryr.cz\/n\/wp-content\/uploads\/2021\/04\/kuryr-podpis.png\" alt=\"\" width=\"84\" height=\"24\" \/><\/p>\n<p>&nbsp;<\/p>\n<p>&nbsp;<\/p>\n","protected":false},"excerpt":{"rendered":"<p>V noci na 5. dubna rusk\u00e9 s\u00edly odrazily\u00a0masivn\u00ed \u00fatok\u00a0ukrajinsk\u00fdch dron\u016f v t\u00fdlov\u00fdch oblastech. Rusk\u00e9 ministerstvo&#8230;<\/p>\n","protected":false},"author":2,"featured_media":51271,"comment_status":"closed","ping_status":"closed","sticky":false,"template":"","format":"standard","meta":[],"categories":[7],"tags":[28,457,851,26],"_links":{"self":[{"href":"https:\/\/www.infokuryr.cz\/n\/wp-json\/wp\/v2\/posts\/51268"}],"collection":[{"href":"https:\/\/www.infokuryr.cz\/n\/wp-json\/wp\/v2\/posts"}],"about":[{"href":"https:\/\/www.infokuryr.cz\/n\/wp-json\/wp\/v2\/types\/post"}],"author":[{"embeddable":true,"href":"https:\/\/www.infokuryr.cz\/n\/wp-json\/wp\/v2\/users\/2"}],"replies":[{"embeddable":true,"href":"https:\/\/www.infokuryr.cz\/n\/wp-json\/wp\/v2\/comments?post=51268"}],"version-history":[{"count":0,"href":"https:\/\/www.infokuryr.cz\/n\/wp-json\/wp\/v2\/posts\/51268\/revisions"}],"wp:featuredmedia":[{"embeddable":true,"href":"https:\/\/www.infokuryr.cz\/n\/wp-json\/wp\/v2\/media\/51271"}],"wp:attachment":[{"href":"https:\/\/www.infokuryr.cz\/n\/wp-json\/wp\/v2\/media?parent=51268"}],"wp:term":[{"taxonomy":"category","embeddable":true,"href":"https:\/\/www.infokuryr.cz\/n\/wp-json\/wp\/v2\/categories?post=51268"},{"taxonomy":"post_tag","embeddable":true,"href":"https:\/\/www.infokuryr.cz\/n\/wp-json\/wp\/v2\/tags?post=51268"}],"curies":[{"name":"wp","href":"https:\/\/api.w.org\/{rel}","templated":true}]}}