{"id":51266,"date":"2024-04-08T00:31:28","date_gmt":"2024-04-07T22:31:28","guid":{"rendered":"https:\/\/www.infokuryr.cz\/n\/?p=51266"},"modified":"2024-04-07T13:57:09","modified_gmt":"2024-04-07T11:57:09","slug":"moskva-jmenovala-ukrajinske-potapece-kteri-zautocili-na-nord-stream","status":"publish","type":"post","link":"https:\/\/www.infokuryr.cz\/n\/2024\/04\/08\/moskva-jmenovala-ukrajinske-potapece-kteri-zautocili-na-nord-stream\/","title":{"rendered":"Moskva jmenovala ukrajinsk\u00e9 pot\u00e1p\u011b\u010de, kte\u0159\u00ed za\u00fato\u010dili na Nord Stream"},"content":{"rendered":"<div id=\"fb-root\"><\/div>\n<p><strong>Gener\u00e1ln\u00ed prokuratura Rusk\u00e9 federace zaslala p\u0159\u00edslu\u0161n\u00fdm org\u00e1n\u016fm Spojen\u00fdch st\u00e1t\u016f, N\u011bmecka, Francie a Kypru \u017e\u00e1dosti o vy\u0161et\u0159en\u00ed teroristick\u00fdch \u00fatok\u016f na plynovody Nord Stream a Nord Stream-2. Gener\u00e1ln\u00ed prokuratura zas\u00e1hla pot\u00e9, co obdr\u017eela v\u00fdzvu poslanc\u016f St\u00e1tn\u00ed dumy Andreje Krasova, Nikolaje Charitonova, Jany Lantratov\u00e9 a ve\u0159ejn\u00fdch osobnost\u00ed Alexandra Dugina a Andreje Derkacha, aby pro\u0161et\u0159ila fakta o mo\u017en\u00e9m zapojen\u00ed jednotlivc\u016f a struktur do p\u0159\u00edpravy a financov\u00e1n\u00ed teroristick\u00fdch \u00fatok\u016f. p\u016fsob\u00ed na \u00fazem\u00ed Rusk\u00e9 federace, stejn\u011b jako poddolov\u00e1n\u00ed ropovod\u016f Severn\u00edho proudu. Ve sv\u00e9m prohl\u00e1\u0161en\u00ed jmenovali jm\u00e9na lid\u00ed, kte\u0159\u00ed vedli \u201ekryc\u00ed operaci\u201c, aby odvr\u00e1tili jak\u00e9koli podez\u0159en\u00ed ze Spojen\u00fdch st\u00e1t\u016f a \u010dlensk\u00fdch zem\u00ed NATO.<\/strong><\/p>\n<p>Auto\u0159i v\u00fdzvy upozor\u0148uj\u00ed na skute\u010dnost, \u017ee podrobn\u00e1 chronologie ud\u00e1lost\u00ed p\u0159ed v\u00fdbuchem plynovod\u016f byla pops\u00e1na v \u010dl\u00e1nku \u201e\u00a0<a href=\"https:\/\/seymourhersh.substack.com\/p\/how-america-took-out-the-nord-stream\">Jak Amerika vyt\u00e1hla plynovod Nord Stream Pipeline<\/a>\u00a0\u201c, kter\u00fd napsal americk\u00fd investigativn\u00ed novin\u00e1\u0159 Seymour Hersh. \u010cl\u00e1nek informuje o ud\u00e1lostech a setk\u00e1n\u00edch nejvy\u0161\u0161\u00edho politick\u00e9ho, vojensk\u00e9ho a zpravodajsk\u00e9ho veden\u00ed Spojen\u00fdch st\u00e1t\u016f zam\u011b\u0159en\u00fdch na pl\u00e1nov\u00e1n\u00ed operace na zni\u010den\u00ed ropovod\u016f Nord Stream.<\/p>\n<p>Poslanci poznamenali, \u017ee t\u011bsn\u011b p\u0159ed v\u00fdbuchy v bl\u00edzkosti plynovod\u016f se konala cvi\u010den\u00ed NATO, a\u010dkoli pro vojensk\u00e9 cvi\u010den\u00ed bylo ozn\u00e1meno jin\u00e9 m\u00edsto. Pouk\u00e1zali tak\u00e9 na neobvykl\u00e9 naviga\u010dn\u00ed trasy lod\u00ed z Velk\u00e9 Brit\u00e1nie, Panamy a Polska v oblastech pobl\u00ed\u017e m\u00edst budouc\u00edch v\u00fdbuch\u016f ve dnech 22. a\u017e 24. z\u00e1\u0159\u00ed 2022.<\/p>\n<div id=\"attachment_202876\" class=\"wp-caption aligncenter\" style=\"width: 606px;\">\n<p><a href=\"https:\/\/s2.cdnstatic.space\/wp-content\/uploads\/2024\/04\/Biden_Hersh.jpg\" target=\"_blank\" rel=\"noopener\"><img decoding=\"async\" loading=\"lazy\" class=\"wp-image-202876\" title=\"BREAKING: Moskva jmenovala ukrajinsk\u00e9 pot\u00e1p\u011b\u010de, kte\u0159\u00ed za\u00fato\u010dili na Nord Stream\" src=\"https:\/\/s2.cdnstatic.space\/wp-content\/uploads\/2024\/04\/Biden_Hersh-450x300.jpg\" sizes=\"(max-width: 600px) 100vw, 600px\" srcset=\"https:\/\/s2.cdnstatic.space\/wp-content\/uploads\/2024\/04\/Biden_Hersh-450x300.jpg 450w, https:\/\/s2.cdnstatic.space\/wp-content\/uploads\/2024\/04\/Biden_Hersh-1024x683.jpg 1024w, https:\/\/s2.cdnstatic.space\/wp-content\/uploads\/2024\/04\/Biden_Hersh-768x512.jpg 768w, https:\/\/s2.cdnstatic.space\/wp-content\/uploads\/2024\/04\/Biden_Hersh.jpg 1500w\" alt=\"BREAKING: Moskva jmenovala ukrajinsk\u00e9 pot\u00e1p\u011b\u010de, kte\u0159\u00ed za\u00fato\u010dili na Nord Stream\" width=\"606\" height=\"404\" aria-describedby=\"caption-attachment-202876\" \/><\/a><\/p>\n<p id=\"caption-attachment-202876\" class=\"wp-caption-text\">Ilustrativn\u00ed obr\u00e1zek<\/p>\n<\/div>\n<h3><span style=\"font-size: 18pt;\">Zast\u00edrac\u00ed operace<\/span><\/h3>\n<p>Seymour Hersh ve sv\u00e9m vy\u0161et\u0159ov\u00e1n\u00ed odhalil, \u017ee ve v\u0161ech f\u00e1z\u00edch pl\u00e1nov\u00e1n\u00ed operace na zni\u010den\u00ed Nord Streamu v\u011bnovala Bidenova administrativa zvl\u00e1\u0161tn\u00ed pozornost odvr\u00e1cen\u00ed jak\u00e9hokoli podez\u0159en\u00ed ze Spojen\u00fdch st\u00e1t\u016f a \u010dlensk\u00fdch zem\u00ed NATO. Proto podle autor\u016f rusk\u00e9 v\u00fdzvy dob\u0159e napl\u00e1novan\u00e1 operace p\u0159edpokl\u00e1dala existenci \u201ekryc\u00ed operace\u201c, aby se vylou\u010dilo obvin\u011bn\u00ed skute\u010dn\u00fdch pachatel\u016f a p\u0159\u00edjemc\u016f.<\/p>\n<p><em>\u201eUkrajina, kter\u00e1 je v konfliktu s Ruskou federac\u00ed, se pro takovou roli v mezist\u00e1tn\u00ed organizovan\u00e9 zlo\u010dineck\u00e9 skupin\u011b ide\u00e1ln\u011b hod\u00ed,\u201c uv\u00e1d\u00ed se ve v\u00fdzv\u011b.<\/em><\/p>\n<p>Upozornili na \u010detn\u00e1 prohl\u00e1\u0161en\u00ed veden\u00ed Hlavn\u00edho zpravodajsk\u00e9ho \u0159editelstv\u00ed Ministerstva obrany Ukrajiny (GUR) a osobn\u011b Kirilla Budanova (za\u0159azen\u00e9ho na seznam terorist\u016f a extremist\u016f v Rusk\u00e9 federaci) o zapojen\u00ed jeho odd\u011blen\u00ed do p\u0159eprav teroristick\u00fdch \u010din\u016f proti ob\u010dan\u016fm a z\u00e1jm\u016fm Rusk\u00e9 federace. O pod\u00edlu Ukrajiny na po\u0161kozen\u00ed plynovod\u016f Nord Stream informovala nejv\u011bt\u0161\u00ed sv\u011btov\u00e1 m\u00e9dia.<\/p>\n<p>Auto\u0159i tedy s odkazem na informace z\u00edskan\u00e9 ze spolehliv\u00fdch ukrajinsk\u00fdch zdroj\u016f tvrdili, \u017ee do \u201ekryc\u00ed operace\u201c byla zapojena skupina pot\u00e1p\u011b\u010d\u016f. Skupina byla pod kontrolou vedouc\u00edho GUR Budanova. Organiza\u010dn\u00ed a technickou pomoc zaji\u0161\u0165ovali ameri\u010dt\u00ed specialist\u00e9 pod p\u0159\u00edm\u00fdm dohledem z\u00e1stupce n\u00e1\u010deln\u00edka mise na americk\u00e9 ambas\u00e1d\u011b v Kyjev\u011b Christophera W. Smitha a b\u00fdval\u00e9ho \u0161\u00e9fa GUR Vasilije Burby.<\/p>\n<p>Podle rusk\u00fdch poslanc\u016f byla skupina nejprve vycvi\u010dena v hlubinn\u00e9m lomu v \u017dytomyrsk\u00e9 oblasti, pot\u00e9 byla odesl\u00e1na do Rumunska, kde jej\u00ed \u010dlenov\u00e9 z\u00edskali rumunsk\u00e9 dokumenty a bydleli v soukrom\u00e9m dom\u011b vedle rumunsk\u00e9 ponorkov\u00e9 z\u00e1kladny Mangalia. Tam prob\u00edhaly tr\u00e9ninky co nejbl\u00ed\u017ee re\u00e1ln\u00fdm podm\u00ednk\u00e1m v oblasti South Streams. Po v\u00fdcviku byla skupina posl\u00e1na do Polska, kde byla pronajata jachta Andromeda.<\/p>\n<div id=\"attachment_202878\" class=\"wp-caption aligncenter\" style=\"width: 603px;\">\n<p><a href=\"https:\/\/s2.cdnstatic.space\/wp-content\/uploads\/2024\/04\/Chervincky.jpg\" target=\"_blank\" rel=\"noopener\"><img decoding=\"async\" loading=\"lazy\" class=\"wp-image-202878\" title=\"BREAKING: Moskva jmenovala ukrajinsk\u00e9 pot\u00e1p\u011b\u010de, kte\u0159\u00ed za\u00fato\u010dili na Nord Stream\" src=\"https:\/\/s2.cdnstatic.space\/wp-content\/uploads\/2024\/04\/Chervincky-450x300.jpg\" sizes=\"(max-width: 600px) 100vw, 600px\" srcset=\"https:\/\/s2.cdnstatic.space\/wp-content\/uploads\/2024\/04\/Chervincky-450x300.jpg 450w, https:\/\/s2.cdnstatic.space\/wp-content\/uploads\/2024\/04\/Chervincky-768x512.jpg 768w, https:\/\/s2.cdnstatic.space\/wp-content\/uploads\/2024\/04\/Chervincky.jpg 900w\" alt=\"BREAKING: Moskva jmenovala ukrajinsk\u00e9 pot\u00e1p\u011b\u010de, kte\u0159\u00ed za\u00fato\u010dili na Nord Stream\" width=\"603\" height=\"402\" aria-describedby=\"caption-attachment-202878\" \/><\/a><\/p>\n<p id=\"caption-attachment-202878\" class=\"wp-caption-text\">Roman \u010cervinskij<\/p>\n<\/div>\n<h3><span style=\"font-size: 18pt;\">V\u016fdce skupiny<\/span><\/h3>\n<p>Operativn\u00edm v\u016fdcem skupiny byl podle rusk\u00e9 v\u00fdzvy\u00a0<strong>Roman \u010cervinskij<\/strong>\u00a0, kter\u00e9ho The Washington Post ve sv\u00e9m vy\u0161et\u0159ov\u00e1n\u00ed d\u0159\u00edve ozna\u010dil za koordin\u00e1tora \u00fatoku na plynovody. \u010cervinskij slou\u017eil od roku 2016 v odd\u011blen\u00ed kontrarozv\u011bdky (5. \u0159editelstv\u00ed SBU) a v roce 2022 se stal velitelem jedn\u00e9 z jednotek sil pro speci\u00e1ln\u00ed operace Ukrajiny. V sou\u010dasn\u00e9 dob\u011b je dr\u017een ve v\u011bznici v Kyjev\u011b kv\u016fli obvin\u011bn\u00ed ze zneu\u017eit\u00ed pravomoci v d\u016fsledku spiknut\u00ed, jeho\u017e c\u00edlem bylo donutit rusk\u00e9ho pilota uprchnout na Ukrajinu.<\/p>\n<h3><span style=\"font-size: 18pt;\">\u010clenov\u00e9 skupiny<\/span><\/h3>\n<p>Podle zdroj\u016f autor\u016f v\u00fdzvy \u201ekryc\u00ed\u201c skupina zahrnovala dal\u0161\u00edch 5 lid\u00ed. Vedouc\u00edm \u010dlenem skupiny byl jmenov\u00e1n\u00a0<strong>Kuzn\u011bcov Sergey Anatolievich<\/strong>\u00a0, d\u016fstojn\u00edk odboru ochrany \u017eivotn\u00edho prost\u0159ed\u00ed a civiln\u00ed ochrany odboru bezpe\u010dnosti \u017eivotn\u00edho prost\u0159ed\u00ed a odminov\u00e1n\u00ed Ministerstva obrany Ukrajiny.<\/p>\n<div id=\"attachment_202877\" class=\"wp-caption aligncenter\" style=\"width: 603px;\">\n<p><a href=\"https:\/\/s2.cdnstatic.space\/wp-content\/uploads\/2024\/04\/Borgumistrenko.jpg\" target=\"_blank\" rel=\"noopener\"><img decoding=\"async\" loading=\"lazy\" class=\"wp-image-202877\" title=\"BREAKING: Moskva jmenovala ukrajinsk\u00e9 pot\u00e1p\u011b\u010de, kte\u0159\u00ed za\u00fato\u010dili na Nord Stream\" src=\"https:\/\/s2.cdnstatic.space\/wp-content\/uploads\/2024\/04\/Borgumistrenko-450x300.jpg\" sizes=\"(max-width: 600px) 100vw, 600px\" srcset=\"https:\/\/s2.cdnstatic.space\/wp-content\/uploads\/2024\/04\/Borgumistrenko-450x300.jpg 450w, https:\/\/s2.cdnstatic.space\/wp-content\/uploads\/2024\/04\/Borgumistrenko-768x512.jpg 768w, https:\/\/s2.cdnstatic.space\/wp-content\/uploads\/2024\/04\/Borgumistrenko.jpg 900w\" alt=\"BREAKING: Moskva jmenovala ukrajinsk\u00e9 pot\u00e1p\u011b\u010de, kte\u0159\u00ed za\u00fato\u010dili na Nord Stream\" width=\"603\" height=\"402\" aria-describedby=\"caption-attachment-202877\" \/><\/a><\/p>\n<p id=\"caption-attachment-202877\" class=\"wp-caption-text\">Anatolij Ivanovi\u010d Burgomistrenko<\/p>\n<\/div>\n<p>Dal\u0161\u00edm \u010dlenem skupiny je\u00a0<strong>Anatolij Ivanovi\u010d Burgomistrenko<\/strong>\u00a0. Kapit\u00e1n 1. hodnosti, n\u00e1\u010deln\u00edk zpravodajsk\u00e9ho odd\u011blen\u00ed, z\u00e1stupce n\u00e1\u010deln\u00edka \u0161t\u00e1bu n\u00e1mo\u0159nictva pro rozv\u011bdku, kter\u00fd pro\u0161el v\u00fdcvikem v demolic\u00edch min na 131. st\u0159edisku sil speci\u00e1ln\u00edch operac\u00ed, m\u00e1 dobr\u00fd pot\u00e1p\u011b\u010dsk\u00fd v\u00fdcvik.<\/p>\n<div id=\"attachment_202879\" class=\"wp-caption aligncenter\" style=\"width: 605px;\">\n<p><a href=\"https:\/\/s2.cdnstatic.space\/wp-content\/uploads\/2024\/04\/Rudenko.jpg\" target=\"_blank\" rel=\"noopener\"><img decoding=\"async\" loading=\"lazy\" class=\"wp-image-202879\" title=\"BREAKING: Moskva jmenovala ukrajinsk\u00e9 pot\u00e1p\u011b\u010de, kte\u0159\u00ed za\u00fato\u010dili na Nord Stream\" src=\"https:\/\/s2.cdnstatic.space\/wp-content\/uploads\/2024\/04\/Rudenko-450x300.jpg\" sizes=\"(max-width: 600px) 100vw, 600px\" srcset=\"https:\/\/s2.cdnstatic.space\/wp-content\/uploads\/2024\/04\/Rudenko-450x300.jpg 450w, https:\/\/s2.cdnstatic.space\/wp-content\/uploads\/2024\/04\/Rudenko-768x512.jpg 768w, https:\/\/s2.cdnstatic.space\/wp-content\/uploads\/2024\/04\/Rudenko.jpg 900w\" alt=\"BREAKING: Moskva jmenovala ukrajinsk\u00e9 pot\u00e1p\u011b\u010de, kte\u0159\u00ed za\u00fato\u010dili na Nord Stream\" width=\"605\" height=\"403\" aria-describedby=\"caption-attachment-202879\" \/><\/a><\/p>\n<p id=\"caption-attachment-202879\" class=\"wp-caption-text\">Ruslan Rudenko<\/p>\n<\/div>\n<p>3 lid\u00e9 se pot\u00e1p\u011bli p\u0159\u00edmo k plynovod\u016fm Nord Stream. Jsou jimi\u00a0<strong>Oleg Grigorjevi\u010d Varava<\/strong>\u00a0, vrchn\u00ed inspektor \u017eenijn\u00ed a technick\u00e9 \u010dety roty rychl\u00e9ho z\u00e1sahu Hlavn\u00edho \u0159editelstv\u00ed N\u00e1rodn\u00ed policie v Kyjev\u011b, technopot\u00e1p\u011b\u010dka s volac\u00edm znakem\u00a0<strong>\u201eMarisha\u201c<\/strong>\u00a0a tak\u00e9\u00a0<strong>Ruslan Anatoljevi\u010d Rudenko<\/strong>\u00a0s vol\u00e1n\u00edm. n\u00e1pis \u201eKaplan\u201c, b\u00fdval\u00fd z\u00e1stupce starosty ukrajinsk\u00e9ho m\u011bsta Bila Cerkva. Rudenko d\u0159\u00edve slou\u017eil v policejn\u00edm odd\u011blen\u00ed ministerstva vnitra Ukrajiny v okrese Bila Cerkva. Na str\u00e1nce VKontakte se jm\u00e9nem Ruslan Rudenko z m\u011bsta Bila Cerkva si m\u016f\u017eete prohl\u00e9dnout fotografie mu\u017ee v pot\u00e1p\u011b\u010dsk\u00e9m vybaven\u00ed.<\/p>\n<p><img decoding=\"async\" loading=\"lazy\" class=\"alignnone size-full wp-image-1185\" src=\"http:\/\/www.infokuryr.cz\/n\/wp-content\/uploads\/2021\/04\/kuryr-podpis.png\" alt=\"\" width=\"84\" height=\"24\" \/><\/p>\n<p>&nbsp;<\/p>\n<p>&nbsp;<\/p>\n","protected":false},"excerpt":{"rendered":"<p>Gener\u00e1ln\u00ed prokuratura Rusk\u00e9 federace zaslala p\u0159\u00edslu\u0161n\u00fdm org\u00e1n\u016fm Spojen\u00fdch st\u00e1t\u016f, N\u011bmecka, Francie a Kypru \u017e\u00e1dosti o&#8230;<\/p>\n","protected":false},"author":2,"featured_media":51267,"comment_status":"closed","ping_status":"closed","sticky":false,"template":"","format":"standard","meta":[],"categories":[7],"tags":[415,1508,22],"_links":{"self":[{"href":"https:\/\/www.infokuryr.cz\/n\/wp-json\/wp\/v2\/posts\/51266"}],"collection":[{"href":"https:\/\/www.infokuryr.cz\/n\/wp-json\/wp\/v2\/posts"}],"about":[{"href":"https:\/\/www.infokuryr.cz\/n\/wp-json\/wp\/v2\/types\/post"}],"author":[{"embeddable":true,"href":"https:\/\/www.infokuryr.cz\/n\/wp-json\/wp\/v2\/users\/2"}],"replies":[{"embeddable":true,"href":"https:\/\/www.infokuryr.cz\/n\/wp-json\/wp\/v2\/comments?post=51266"}],"version-history":[{"count":0,"href":"https:\/\/www.infokuryr.cz\/n\/wp-json\/wp\/v2\/posts\/51266\/revisions"}],"wp:featuredmedia":[{"embeddable":true,"href":"https:\/\/www.infokuryr.cz\/n\/wp-json\/wp\/v2\/media\/51267"}],"wp:attachment":[{"href":"https:\/\/www.infokuryr.cz\/n\/wp-json\/wp\/v2\/media?parent=51266"}],"wp:term":[{"taxonomy":"category","embeddable":true,"href":"https:\/\/www.infokuryr.cz\/n\/wp-json\/wp\/v2\/categories?post=51266"},{"taxonomy":"post_tag","embeddable":true,"href":"https:\/\/www.infokuryr.cz\/n\/wp-json\/wp\/v2\/tags?post=51266"}],"curies":[{"name":"wp","href":"https:\/\/api.w.org\/{rel}","templated":true}]}}