{"id":51264,"date":"2024-04-07T06:23:03","date_gmt":"2024-04-07T04:23:03","guid":{"rendered":"https:\/\/www.infokuryr.cz\/n\/?p=51264"},"modified":"2024-04-07T06:23:03","modified_gmt":"2024-04-07T04:23:03","slug":"novy-prezident-slovenska-ucinil-prvni-prohlaseni","status":"publish","type":"post","link":"https:\/\/www.infokuryr.cz\/n\/2024\/04\/07\/novy-prezident-slovenska-ucinil-prvni-prohlaseni\/","title":{"rendered":"Nov\u00fd prezident Slovenska u\u010dinil prvn\u00ed prohl\u00e1\u0161en\u00ed"},"content":{"rendered":"<div id=\"fb-root\"><\/div>\n<p class=\"lead\"><strong>\u0160\u00e9f slovensk\u00e9ho parlamentu Peter Pellegrini, kter\u00fd se postavil proti dod\u00e1vk\u00e1m zbran\u00ed na Ukrajinu, kter\u00fd vyhr\u00e1l druh\u00e9 kolo prezidentsk\u00fdch voleb na Slovensku, sl\u00edbil, \u017ee republika bude na stran\u011b m\u00edru, nikoli v\u00e1lky.<\/strong><\/p>\n<p><em>\u201eUd\u011bl\u00e1m v\u0161e \u2013 a\u0165 se to n\u011bkomu l\u00edb\u00ed nebo ne \u2013 pro to, aby Slovensko z\u016fstalo na stran\u011b m\u00edru, a ne na stran\u011b v\u00e1lky. A\u0165 si m\u011b za to kdokoli kritizuje a jak chce,\u201c \u0159ekl Pellegrini, jeho vyj\u00e1d\u0159en\u00ed odvys\u00edlala Slovensk\u00e1 televize.<\/em><\/p>\n<p><span>Ob\u010dan\u016fm Slovenska pod\u011bkoval za projevenou d\u016fv\u011bru s t\u00edm, \u017ee bude v\u017edy h\u00e1jit z\u00e1jmy republiky.<\/span><\/p>\n<p><span>B\u00fdval\u00fd slovensk\u00fd ministr zahrani\u010d\u00ed\u00a0<\/span><strong><span>Ivan Kor\u010dok<\/span><\/strong><span>\u00a0, kter\u00fd prohr\u00e1l prezidentsk\u00e9 volby, u\u017e d\u0159\u00edve blahop\u0159\u00e1l sv\u00e9mu rivalovi Peteru Pellegrinimu k v\u00edt\u011bzstv\u00ed.<\/span><\/p>\n<p><span>Pellegrinimu k v\u00edt\u011bzstv\u00ed p\u0159i\u0161el do jeho s\u00eddla osobn\u011b poblahop\u0159\u00e1t slovensk\u00fd premi\u00e9r\u00a0<\/span><strong><span>Robert Fico<\/span><\/strong><span>\u00a0.<\/span><\/p>\n<p><em>\u201eChci v\u00e1m poblahop\u0159\u00e1t k v\u00fdsledku, kter\u00fd jsem tak\u00e9 tvrdil (Fico se z\u00fa\u010dastnil prezidentsk\u00fdch voleb v roce 2014), ale tehdy se mo\u017en\u00e1 hv\u011bzdy nesrovnaly, tak\u017ee jsem velmi r\u00e1d, \u017ee v\u00e1m dnes mohu p\u0159\u00e1telsky pot\u0159\u00e1st rukou a P\u0159eji v\u00e1m v\u0161e nejlep\u0161\u00ed za tento p\u0159\u00edsp\u011bvek.&#8220;<span class=\"after-quote\"> &#8211; \u0159ekl Fico a obr\u00e1til se k Pellegrinimu.<\/span><\/em><\/p>\n<p><span>Gratulaci Pellegrinimu poslala i sou\u010dasn\u00e1 hlava republiky\u00a0<\/span><strong><span>Zuzana \u010caputov\u00e1<\/span><\/strong><span>\u00a0, kter\u00e1 o znovuzvolen\u00ed do druh\u00e9ho volebn\u00edho obdob\u00ed neusilovala. Pod\u011bkovala ob\u010dan\u016fm za vysokou \u00fa\u010dast a p\u0159ipomn\u011bla, \u017ee Pellegrini se funkce prezidenta ujme 15. \u010dervna.<\/span><\/p>\n<p><span>Pellegrini d\u0159\u00edve uvedl, \u017ee nedovol\u00ed, aby byla slovensk\u00e1 arm\u00e1da vysl\u00e1na na Ukrajinu, pokud vyhraje prezidentsk\u00e9 volby. \u0158ekl tak\u00e9, \u017ee dal\u0161\u00ed vyzbrojov\u00e1n\u00ed Ukrajiny nep\u0159in\u00e1\u0161\u00ed \u017e\u00e1dn\u00e9 v\u00fdsledky a vede pouze ke smrti lid\u00ed. Pellegrini tak\u00e9 vyj\u00e1d\u0159il obavy, \u017ee rozpumpov\u00e1n\u00ed Kyjeva zbran\u011bmi by nakonec mohlo skon\u010dit katastrofou, a navrhl, \u017ee nejlep\u0161\u00edm \u0159e\u0161en\u00edm by bylo co nejd\u0159\u00edve zah\u00e1jit m\u00edrov\u00e1 jedn\u00e1n\u00ed.<\/span><\/p>\n<p><span>Pellegrini se zasazuje o ukon\u010den\u00ed boj\u016f na Ukrajin\u011b a dokonce sl\u00edbil, \u017ee pokud vyhraje prezidentsk\u00e9 volby v republice, podpo\u0159\u00ed m\u00edrov\u00e1 jedn\u00e1n\u00ed v Bratislav\u011b, by\u0165 pro za\u010d\u00e1tek na expertn\u00ed \u00farovni.<\/span><\/p>\n<p><img decoding=\"async\" loading=\"lazy\" class=\"alignnone size-full wp-image-1185\" src=\"http:\/\/www.infokuryr.cz\/n\/wp-content\/uploads\/2021\/04\/kuryr-podpis.png\" alt=\"\" width=\"84\" height=\"24\" \/><\/p>\n<p>&nbsp;<\/p>\n<p>&nbsp;<\/p>\n","protected":false},"excerpt":{"rendered":"<p>\u0160\u00e9f slovensk\u00e9ho parlamentu Peter Pellegrini, kter\u00fd se postavil proti dod\u00e1vk\u00e1m zbran\u00ed na Ukrajinu, kter\u00fd vyhr\u00e1l&#8230;<\/p>\n","protected":false},"author":2,"featured_media":51265,"comment_status":"closed","ping_status":"closed","sticky":false,"template":"","format":"standard","meta":[],"categories":[7],"tags":[7099,165,811,203],"_links":{"self":[{"href":"https:\/\/www.infokuryr.cz\/n\/wp-json\/wp\/v2\/posts\/51264"}],"collection":[{"href":"https:\/\/www.infokuryr.cz\/n\/wp-json\/wp\/v2\/posts"}],"about":[{"href":"https:\/\/www.infokuryr.cz\/n\/wp-json\/wp\/v2\/types\/post"}],"author":[{"embeddable":true,"href":"https:\/\/www.infokuryr.cz\/n\/wp-json\/wp\/v2\/users\/2"}],"replies":[{"embeddable":true,"href":"https:\/\/www.infokuryr.cz\/n\/wp-json\/wp\/v2\/comments?post=51264"}],"version-history":[{"count":0,"href":"https:\/\/www.infokuryr.cz\/n\/wp-json\/wp\/v2\/posts\/51264\/revisions"}],"wp:featuredmedia":[{"embeddable":true,"href":"https:\/\/www.infokuryr.cz\/n\/wp-json\/wp\/v2\/media\/51265"}],"wp:attachment":[{"href":"https:\/\/www.infokuryr.cz\/n\/wp-json\/wp\/v2\/media?parent=51264"}],"wp:term":[{"taxonomy":"category","embeddable":true,"href":"https:\/\/www.infokuryr.cz\/n\/wp-json\/wp\/v2\/categories?post=51264"},{"taxonomy":"post_tag","embeddable":true,"href":"https:\/\/www.infokuryr.cz\/n\/wp-json\/wp\/v2\/tags?post=51264"}],"curies":[{"name":"wp","href":"https:\/\/api.w.org\/{rel}","templated":true}]}}