{"id":5126,"date":"2021-10-01T08:59:46","date_gmt":"2021-10-01T06:59:46","guid":{"rendered":"http:\/\/www.infokuryr.cz\/n\/?p=5126"},"modified":"2021-10-01T09:01:06","modified_gmt":"2021-10-01T07:01:06","slug":"petr-hannig-osudove-padesat-plus","status":"publish","type":"post","link":"https:\/\/www.infokuryr.cz\/n\/2021\/10\/01\/petr-hannig-osudove-padesat-plus\/","title":{"rendered":"Petr Hannig: Osudov\u00e9 pades\u00e1t plus"},"content":{"rendered":"<div id=\"fb-root\"><\/div>\n<div class=\"opener\"><strong>Novin\u00e1\u0159i se ob\u00e1vaj\u00ed, \u017ee se nepovede poskl\u00e1dat ze dvou naprosto nep\u0159\u00e1telsk\u00fdch t\u00e1bor\u016f v\u011bt\u0161inu. Lid\u00e9, kter\u00fdm se bl\u00ed\u017e\u00ed pades\u00e1tka, nebo u\u017e p\u0159es\u00e1hli osudovou hranici 50 +, maj\u00ed \u00fapln\u011b jin\u00e9 a mnohem v\u00e1\u017en\u011bj\u0161\u00ed obavy.<\/p>\n<p><\/strong><\/div>\n<div id=\"art-text\" class=\"text\">\n<p>Po covidov\u00fdch uz\u00e1v\u011br\u00e1ch se je\u0161t\u011b \u010dek\u00e1 na v\u00fdsledek voleb. Nikdo nechce tnout do \u017eiv\u00e9ho. Ale u\u017e to bubl\u00e1 pod povrchem. Bude se propou\u0161t\u011bt. Velk\u00e9 firmy p\u0159em\u00fd\u0161lej\u00ed o restrukturalizaci, co\u017e znamen\u00e1 do \u010de\u0161tiny p\u0159elo\u017eeno, propou\u0161t\u011bn\u00ed.<\/p>\n<p>A proto\u017ee velk\u00e9 firmy jsou n\u011bco jako socialistick\u00fd moloch, a akcion\u00e1\u0159i jsou daleko, tak se bude propou\u0161t\u011bt ve v\u011bkov\u00e9 kategorii 50+. Dne\u0161n\u00ed \u0161\u00e9fov\u00e9 jsou v\u011bt\u0161inou \u010dty\u0159ic\u00e1tn\u00edci a pokud budou nab\u00edrat, tak samoz\u0159ejm\u011b tzv .mlad\u00fd, ak\u010dn\u00ed kolektiv, bez ohledu na to, \u017ee mnohdy star\u0161\u00ed pracovn\u00edk p\u0159in\u00e1\u0161\u00ed pro firmu v\u011bt\u0161\u00ed u\u017eitek ne\u017e mlad\u00fd, kter\u00fd kdy\u017e se po \u010dase n\u011bco nau\u010d\u00ed, tak hled\u00e1 n\u011bco finan\u010dn\u011b zaj\u00edmav\u011bj\u0161\u00edho. A \u010dlov\u011bk, kter\u00fd firm\u011b zasv\u011btil \u017eivot i \u010dasto sv\u016fj voln\u00fd \u010das, je vr\u017een p\u0159es palubu.<\/p>\n<p>Je zaj\u00edmav\u00e9, \u017ee a\u010dkoliv je u n\u00e1s chr\u00e1n\u011bn kde kdo, tak zam\u011bstnanec, kter\u00fd je ve v\u011bku 50 +, chr\u00e1n\u011bn nen\u00ed. Neexistuje tu z\u00e1kon proti diskriminaci zam\u011bstnanc\u016f z d\u016fvodu vy\u0161\u0161\u00edho v\u011bku. I kdy\u017e m\u00e1 zam\u011bstnanec vynikaj\u00edc\u00ed pracovn\u00ed v\u00fdkony, je v\u011bt\u0161inou vyhozen z pr\u00e1ce z d\u016fvodu restrukturalizace (jak z\u00e1ludn\u00fd v\u00fdraz pro v\u011bt\u0161inou nespravedliv\u00e9 propu\u0161t\u011bn\u00ed z pr\u00e1ce kv\u016fli v\u011bku).<\/p>\n<p>\u010clenov\u00e9 Rozumn\u00fdch kandiduj\u00ed v r\u00e1mci Aliance pro budoucnost. Aliance sdru\u017euje 7 stran s r\u016fzn\u00fdm zam\u011b\u0159en\u00edm. Agr\u00e1rn\u00ed demokratick\u00e1 strana zastupuje zem\u011bd\u011blce (mimo velk\u00fdch, \u0161t\u011bdr\u00fdmi dotacemi obdarov\u00e1van\u00fdch agrocelk\u016f). Proti t\u00fdr\u00e1n\u00ed zv\u00ed\u0159at je Demokratick\u00e1 strana zelen\u00fdch, kter\u00e9 se nel\u00edb\u00ed nap\u0159\u00edklad silvestrovsk\u00e9 petardy, pohroma pro dom\u00e1c\u00ed mazl\u00ed\u010dky. Hnut\u00ed Zdrav\u00ed, sport, prosperita chce, aby pen\u00edze \u0161ly nap\u0159\u00edmo do z\u00e1kladn\u00edch sportovn\u00edch organizac\u00ed. Starostov\u00e9 pro kraj nesouhlas\u00ed se spojen\u00edm slova starosta se slovem pir\u00e1t. A n\u00e1zev Strana konzervativn\u00ed pravice &#8211; \u0158\u00e1d n\u00e1roda, mluv\u00ed za v\u0161e. Nem\u011bli bychom opou\u0161t\u011bt to, co Evropa za celou svou existenci vybudovala na poli hospod\u00e1\u0159stv\u00ed, kultury, lidsk\u00fdch vztah\u016f a v\u016fbec tradice ve v\u0161ech oborech lidsk\u00e9 \u010dinnosti.<\/p>\n<p>Aliance pro budoucnost chce, aby Evropa byla p\u0159\u00edjemn\u00fdm kontinentem pro \u017eivot a nezni\u010dila svou existenci realizac\u00ed \u0161\u00edlen\u00fdch levicov\u00fdch n\u00e1pad\u016f. Na\u0159\u00edzen\u00e1 elektromobilita je sebevra\u017eda. V\u017edy\u0165 automobilov\u00fd pr\u016fmysl postupn\u011b vyv\u00edj\u00ed auta naprosto \u0161etrn\u00e9 k \u017eivotn\u00edmu prost\u0159ed\u00ed. Nav\u00edc, tu elekt\u0159inu mus\u00ed n\u011bkdo n\u011bjak vyrobit.<\/p>\n<p>J\u00e1 s\u00e1m jsem p\u0159\u00edtelem postupn\u00fdch kr\u016f\u010dk\u016f. Takov\u00e9 ty absolutn\u00ed choutky jako \u017ee si n\u011bkter\u00e1 vl\u00e1da bude myslet, \u017ee vym\u00fdt\u00ed v r\u00e1mci sv\u00e9ho \u00fazem\u00ed tot\u00e1ln\u011b covid, je zrovna tak \u0161\u00edlen\u00e9, jako \u017ee Evropa bude v n\u011bjak\u00e9m roce \u00fapln\u011b bezemisn\u00ed. Takov\u00e1to snaha tot\u00e1ln\u00edho vym\u00fdcen\u00ed n\u011b\u010deho, \u010di n\u011bkoho, nav\u00edc p\u0159ipom\u00edn\u00e1 neblah\u00e9 hr\u016fzy minulosti.<\/p>\n<p>A postupn\u00fdmi kr\u016f\u010dky jsou: M\u016fj n\u00e1vrh na Z\u00e1kon o \u010desk\u00e9m jazyce a kultu\u0159e a tak\u00e9 Z\u00e1kon zakazuj\u00edc\u00ed diskriminaci star\u0161\u00edch lid\u00ed. A z pohledu dne\u0161n\u00edch \u010dty\u0159ic\u00e1tn\u00edk\u016f jsou star\u0161\u00edmi lidmi, lid\u00e9 nad pades\u00e1t.<\/p>\n<p>To bude m\u016fj \u00fakol, pokud se Aliance pro budoucnost dostane do vl\u00e1dy. Bohu\u017eel v minul\u00e9m, podobn\u00e9m \u010dl\u00e1nku, jsem ne\u0161ikovn\u011b v z\u00e1v\u011bru napsal v\u011bti\u010dku, kv\u016fli kter\u00e9 mi byl \u010dl\u00e1nek vzat z tituln\u00ed strany a mnoho m\u00fdch p\u0159\u00e1tel se tedy nedozv\u011bd\u011blo, kde hledat ROZUMN\u00c9, a po obdr\u017een\u00ed hlasovac\u00edch l\u00edstk\u016f mi zoufale volalo, \u017ee n\u00e1s nemohou naj\u00edt.<\/p>\n<p><strong>Tak tedy ROZUMN\u00cd \u2013 Petr Hannig<\/strong> \u2013 za spravedlnost a \u017eivotn\u00ed jistoty kandiduj\u00ed v r\u00e1mci Aliance pro budoucnost, volebn\u00ed \u010d\u00edslo 9. Nikoho nenapad\u00e1me, chceme spojovat a ne rozd\u011blovat.<\/p>\n<p>Autor je l\u00eddr Aliance pro budoucnost v Kr\u00e1lov\u00e9hradeck\u00e9m kraji.<\/p>\n<\/div>\n<p><img decoding=\"async\" loading=\"lazy\" class=\"alignnone size-full wp-image-1185\" src=\"http:\/\/www.infokuryr.cz\/n\/wp-content\/uploads\/2021\/04\/kuryr-podpis.png\" alt=\"\" width=\"84\" height=\"24\" \/><\/p>\n","protected":false},"excerpt":{"rendered":"<p>Novin\u00e1\u0159i se ob\u00e1vaj\u00ed, \u017ee se nepovede poskl\u00e1dat ze dvou naprosto nep\u0159\u00e1telsk\u00fdch t\u00e1bor\u016f v\u011bt\u0161inu. Lid\u00e9, kter\u00fdm&#8230;<\/p>\n","protected":false},"author":2,"featured_media":823,"comment_status":"closed","ping_status":"closed","sticky":false,"template":"","format":"standard","meta":[],"categories":[6],"tags":[852,1278,344,27],"_links":{"self":[{"href":"https:\/\/www.infokuryr.cz\/n\/wp-json\/wp\/v2\/posts\/5126"}],"collection":[{"href":"https:\/\/www.infokuryr.cz\/n\/wp-json\/wp\/v2\/posts"}],"about":[{"href":"https:\/\/www.infokuryr.cz\/n\/wp-json\/wp\/v2\/types\/post"}],"author":[{"embeddable":true,"href":"https:\/\/www.infokuryr.cz\/n\/wp-json\/wp\/v2\/users\/2"}],"replies":[{"embeddable":true,"href":"https:\/\/www.infokuryr.cz\/n\/wp-json\/wp\/v2\/comments?post=5126"}],"version-history":[{"count":0,"href":"https:\/\/www.infokuryr.cz\/n\/wp-json\/wp\/v2\/posts\/5126\/revisions"}],"wp:featuredmedia":[{"embeddable":true,"href":"https:\/\/www.infokuryr.cz\/n\/wp-json\/wp\/v2\/media\/823"}],"wp:attachment":[{"href":"https:\/\/www.infokuryr.cz\/n\/wp-json\/wp\/v2\/media?parent=5126"}],"wp:term":[{"taxonomy":"category","embeddable":true,"href":"https:\/\/www.infokuryr.cz\/n\/wp-json\/wp\/v2\/categories?post=5126"},{"taxonomy":"post_tag","embeddable":true,"href":"https:\/\/www.infokuryr.cz\/n\/wp-json\/wp\/v2\/tags?post=5126"}],"curies":[{"name":"wp","href":"https:\/\/api.w.org\/{rel}","templated":true}]}}