{"id":51251,"date":"2024-04-07T00:43:21","date_gmt":"2024-04-06T22:43:21","guid":{"rendered":"https:\/\/www.infokuryr.cz\/n\/?p=51251"},"modified":"2024-04-06T18:58:39","modified_gmt":"2024-04-06T16:58:39","slug":"jan-panocha-havlerka-patologicti-filosemite-mozna-prisel-i-nejaky-izraelita","status":"publish","type":"post","link":"https:\/\/www.infokuryr.cz\/n\/2024\/04\/07\/jan-panocha-havlerka-patologicti-filosemite-mozna-prisel-i-nejaky-izraelita\/","title":{"rendered":"Jan Panocha: Havl\u00e9rka, patologi\u010dt\u00ed filosemit\u00e9, mo\u017en\u00e1 p\u0159i\u0161el i n\u011bjak\u00fd Izraelita"},"content":{"rendered":"<div id=\"fb-root\"><\/div>\n<div class=\"entry-content\">\n<p>Tak, jako ka\u017ed\u00fd rok, jsme se letos se\u0161li v Poln\u00e9 na pietn\u00ed vzpom\u00ednku u hrobu zavra\u017ed\u011bn\u00e9 Ane\u017eky Hr\u016fzov\u00e9. N\u011bkter\u00fdm kamar\u00e1d\u016fm p\u0159i\u0161el podez\u0159el\u00fd hlou\u010dek osob u vchodu do h\u0159bitova, j\u00e1 si v dobr\u00e9 v\u00ed\u0159e \u0159\u00edkal \u201evy\u0161lo n\u00e1m to na sv\u00e1tky, lidi \u0161li uklidit a ozdobit hroby\u201c. Rychle se uk\u00e1zalo, \u017ee pravdu m\u011bli podez\u0159\u00edvav\u00ed kamar\u00e1di. Hlou\u010dek se t\u00e1hl za n\u00e1mi, a kdy\u017e jsme do\u0161li skoro k hrobu Ane\u017eky Hr\u016fzov\u00e9, u\u017e n\u00e1s osoby za\u010dali verb\u00e1ln\u011b konfrontovat. Jeden n\u00e1s dokonce absurdn\u011b na\u0159kl, \u017ee jsme d\u0159\u00edv poni\u010dili h\u0159bitov. Mlad\u0161\u00ed p\u0159idrzl\u00fd n\u00e1s zbl\u00edzka fotil \u010di nat\u00e1\u010del.<span id=\"more-14146\"><\/span><\/p>\n<p>Z\u00e1hy jsme zhodnotili, \u017ee debatovat s osobami nem\u00e1 valnou cenu. Jeliko\u017e jsme tam nep\u0159ijeli kv\u016fli nim, n\u00fdbr\u017e kv\u016fli sob\u011b, pam\u00e1tce Ane\u017eky Hr\u016fzov\u00e9, a vy\u0161\u0161\u00ed spravedlnosti, d\u00e1l u\u017e ignoruj\u00edce hlou\u010dek jsme polo\u017eili kv\u011btiny, zap\u00e1lili sv\u00ed\u010dky, potom pan Mal\u00fd pronesl kr\u00e1tk\u00fd projev a na z\u00e1v\u011br piety se pomodlil. \u2013 Po\u010d\u00edn\u00e1n\u00ed to v o\u010d\u00edch hlou\u010dku z\u0159ejm\u011b pohor\u0161liv\u00e9, extr\u00e9mn\u00ed, a hanebn\u00e9! V klidu jsme ode\u0161li ze h\u0159bitova, v t\u011bsn\u00e9m z\u00e1v\u011bsu za n\u00e1mi hlou\u010dek, zaujat\u011b fot\u00edce n\u00e1s a auta parkuj\u00edc\u00ed u h\u0159bitova.<\/p>\n<p>Odjeli jsme na parkovi\u0161t\u011b pod z\u00e1mkem, zaparkovali auta. V povzd\u00e1l\u00ed po\u0159\u00e1d pokukuj\u00edc\u00ed a fot\u00edc\u00ed osoby. My jsme, jako tradi\u010dn\u011b, \u0161li p\u011b\u0161ky do lesa k pomn\u00ed\u010dku Ane\u017eky Hr\u016fzov\u00e9. Stoj\u00ed pobl\u00ed\u017e m\u00edsta, kde byla pod\u0159\u00edzl\u00e1 a vykrven\u00e1 nalezena. Zp\u00e1tky jsme zam\u00ed\u0159ili do z\u00e1meck\u00e9 restaurace na ob\u011bd. V n\u00ed u\u017e sed\u011bly v\u00fd\u0161e zm\u00edn\u011bn\u00e9 osoby a st\u00e1l op\u0159en\u00fd transparent \u201eV POLN\u00c9 N\u00c1CKY NECHCEME\u201c (byli vychystan\u00ed). Posadili jsme se. Po chv\u00edli \u010dek\u00e1n\u00ed n\u00e1m \u010d\u00ed\u0161n\u00edk se siln\u00fdm ciz\u00edm p\u0159\u00edzvukem sd\u011blil, \u017ee j\u00eddlo by n\u00e1m p\u0159inesli za 40 minut, nejd\u0159\u00edv za p\u016fl hodiny. Na na\u0161e dotazy, zda tak dlouho bychom \u010dekali i na pol\u00edvku z poledn\u00edho menu, nebo hotovku, odpov\u011bd\u011bl, \u017ee tak\u00e9. Zklaman\u00ed jsme se zvedli a ode\u0161li, s \u00famyslem zajet na n\u00e1m\u011bst\u00ed do jin\u00e9 restaurace.<\/p>\n<p>Na parkovi\u0161ti jsme ale uvid\u011bli, \u017ee n\u00e1m n\u011bkdo u dvou aut vypustil pneumatiky. Zavolali jsme policii, vyl\u00ed\u010dili ud\u00e1losti, a poskytli sv\u00e9 z\u00e1b\u011bry podez\u0159el\u00fdch. Pro pachatele m\u00e1m dobrou zpr\u00e1vu: po zdokumentov\u00e1n\u00ed vyfoukl\u00fdch pneumatik jsme je zkusili nahustit, a \u0161lo to. Tedy pravd\u011bpodobn\u011b nesp\u00e1chali \u0161kodu na majetku. Jako zlat\u00fd h\u0159eb n\u00e1m za chv\u00edli volali z auta, co odjelo d\u0159\u00edv p\u0159ed n\u00e1mi, \u017ee je n\u011bkdo opakovan\u011b p\u0159edj\u00ed\u017ed\u011bl a ukazoval na n\u011b fak\u00e1\u010de, vzty\u010den\u00fd prost\u0159edn\u00ed\u010dek. K ilustrov\u00e1n\u00ed hovadskosti \u201elep\u0161olid\u00ed\u201c mysl\u00edm v\u00edc net\u0159eba.<\/p>\n<p>Fanou\u0161ci pravomocn\u011b odsouzen\u00e9ho spolupachatele besti\u00e1ln\u00ed vra\u017edy n\u00e1m nad\u00e1vaj\u00ed do n\u00e1ck\u016f! Rakousk\u00e9 c\u00edsa\u0159stv\u00ed byl pr\u00e1vn\u00ed st\u00e1t. Ur\u010dit\u011b v\u00edc, ne\u017e nyn\u011bj\u0161\u00ed \u201eliber\u00e1ln\u00ed demokracie\u201c. Leopolda Hilsnera shledal vin\u00fdm jak prvoinstan\u010dn\u00ed soud, tak odvolac\u00ed soud. P\u0159ed popravou ho zachr\u00e1nilo zm\u00edrn\u011bn\u00ed trestu na do\u017eivot\u00ed od c\u00edsa\u0159e Frati\u0161ka Josefa I. Na svobodu se dostal a\u017e d\u00edky milosti c\u00edsa\u0159e Karla I., a to nedlouho p\u0159ed rozpadem Rakouska-Uherska, kdy Karel I. ud\u011blil mnoho milost\u00ed, jejich\u017e politick\u00e1 motivace se nab\u00edz\u00ed. Oni \u201evzd\u011blan\u00ed\u201c lep\u0161olid\u00e9 na n\u00e1s pok\u0159ikovali, \u017ee \u010dtou literaturu faktu, p\u0159itom tak\u00e9 pok\u0159ikovali, \u017ee k vra\u017ed\u011b Ane\u017eky Hr\u016fzov\u00e9 se p\u0159ed smrt\u00ed p\u0159iznal jej\u00ed bratr.\u00a0<a class=\"broken_link\" href=\"https:\/\/ct24.ceskatelevize.cz\/clanek\/domaci\/hysterie-kolem-hilsnera-smrt-divky-z-vysociny-pred-120-lety-obnazila-cesky-antisemitismus-59274\" target=\"_blank\" rel=\"noopener\"><em><strong>Av\u0161ak i notoricky re\u017eimn\u00ed \u010cT tlumo\u010dila, \u017ee je to f\u00e1ma!<\/strong><\/em><\/a><\/p>\n<p>&nbsp;<\/p>\n<p><img decoding=\"async\" loading=\"lazy\" class=\"wp-image-14149 lazy-loaded aligncenter\" src=\"https:\/\/sp-ao.shortpixel.ai\/client\/to_webp,q_glossy,ret_img,w_794,h_922\/https:\/\/narodnidemokracie.cz\/wp-content\/uploads\/2024\/04\/vypustena.jpg\" sizes=\"(max-width: 794px) 100vw, 794px\" srcset=\"https:\/\/sp-ao.shortpixel.ai\/client\/to_webp,q_glossy,ret_img,w_794\/https:\/\/narodnidemokracie.cz\/wp-content\/uploads\/2024\/04\/vypustena.jpg 794w, https:\/\/sp-ao.shortpixel.ai\/client\/to_webp,q_glossy,ret_img,w_258\/https:\/\/narodnidemokracie.cz\/wp-content\/uploads\/2024\/04\/vypustena-258x300.jpg 258w, https:\/\/sp-ao.shortpixel.ai\/client\/to_webp,q_glossy,ret_img,w_768\/https:\/\/narodnidemokracie.cz\/wp-content\/uploads\/2024\/04\/vypustena-768x892.jpg 768w, https:\/\/sp-ao.shortpixel.ai\/client\/to_webp,q_glossy,ret_img,w_665\/https:\/\/narodnidemokracie.cz\/wp-content\/uploads\/2024\/04\/vypustena-665x772.jpg 665w, https:\/\/sp-ao.shortpixel.ai\/client\/to_webp,q_glossy,ret_img,w_224\/https:\/\/narodnidemokracie.cz\/wp-content\/uploads\/2024\/04\/vypustena-224x260.jpg 224w\" alt=\"\" width=\"567\" height=\"658\" data-lazy-type=\"image\" data-src=\"https:\/\/sp-ao.shortpixel.ai\/client\/to_webp,q_glossy,ret_img,w_794,h_922\/https:\/\/narodnidemokracie.cz\/wp-content\/uploads\/2024\/04\/vypustena.jpg\" data-srcset=\"\" \/>\u00a0<img decoding=\"async\" loading=\"lazy\" class=\"wp-image-14150 lazy-loaded aligncenter\" src=\"https:\/\/sp-ao.shortpixel.ai\/client\/to_webp,q_glossy,ret_img,w_734,h_937\/https:\/\/narodnidemokracie.cz\/wp-content\/uploads\/2024\/04\/nacky.jpg\" sizes=\"(max-width: 734px) 100vw, 734px\" srcset=\"https:\/\/sp-ao.shortpixel.ai\/client\/to_webp,q_glossy,ret_img,w_734\/https:\/\/narodnidemokracie.cz\/wp-content\/uploads\/2024\/04\/nacky.jpg 734w, https:\/\/sp-ao.shortpixel.ai\/client\/to_webp,q_glossy,ret_img,w_235\/https:\/\/narodnidemokracie.cz\/wp-content\/uploads\/2024\/04\/nacky-235x300.jpg 235w, https:\/\/sp-ao.shortpixel.ai\/client\/to_webp,q_glossy,ret_img,w_665\/https:\/\/narodnidemokracie.cz\/wp-content\/uploads\/2024\/04\/nacky-665x849.jpg 665w, https:\/\/sp-ao.shortpixel.ai\/client\/to_webp,q_glossy,ret_img,w_204\/https:\/\/narodnidemokracie.cz\/wp-content\/uploads\/2024\/04\/nacky-204x260.jpg 204w\" alt=\"\" width=\"572\" height=\"730\" data-lazy-type=\"image\" data-src=\"https:\/\/sp-ao.shortpixel.ai\/client\/to_webp,q_glossy,ret_img,w_734,h_937\/https:\/\/narodnidemokracie.cz\/wp-content\/uploads\/2024\/04\/nacky.jpg\" data-srcset=\"\" \/>\u00a0<img decoding=\"async\" loading=\"lazy\" class=\"wp-image-14151 lazy-loaded aligncenter\" src=\"https:\/\/sp-ao.shortpixel.ai\/client\/to_webp,q_glossy,ret_img,w_960,h_540\/https:\/\/narodnidemokracie.cz\/wp-content\/uploads\/2024\/04\/osoby.jpg\" sizes=\"(max-width: 960px) 100vw, 960px\" srcset=\"https:\/\/sp-ao.shortpixel.ai\/client\/to_webp,q_glossy,ret_img,w_960\/https:\/\/narodnidemokracie.cz\/wp-content\/uploads\/2024\/04\/osoby.jpg 960w, https:\/\/sp-ao.shortpixel.ai\/client\/to_webp,q_glossy,ret_img,w_300\/https:\/\/narodnidemokracie.cz\/wp-content\/uploads\/2024\/04\/osoby-300x169.jpg 300w, https:\/\/sp-ao.shortpixel.ai\/client\/to_webp,q_glossy,ret_img,w_768\/https:\/\/narodnidemokracie.cz\/wp-content\/uploads\/2024\/04\/osoby-768x432.jpg 768w, https:\/\/sp-ao.shortpixel.ai\/client\/to_webp,q_glossy,ret_img,w_665\/https:\/\/narodnidemokracie.cz\/wp-content\/uploads\/2024\/04\/osoby-665x374.jpg 665w, https:\/\/sp-ao.shortpixel.ai\/client\/to_webp,q_glossy,ret_img,w_462\/https:\/\/narodnidemokracie.cz\/wp-content\/uploads\/2024\/04\/osoby-462x260.jpg 462w\" alt=\"\" width=\"860\" height=\"484\" data-lazy-type=\"image\" data-src=\"https:\/\/sp-ao.shortpixel.ai\/client\/to_webp,q_glossy,ret_img,w_960,h_540\/https:\/\/narodnidemokracie.cz\/wp-content\/uploads\/2024\/04\/osoby.jpg\" data-srcset=\"\" \/><\/p>\n<\/div>\n<div class=\"entry-utils group\">\n<p><em><br \/>\n<strong><a href=\"https:\/\/narodnidemokracie.cz\/jan-panocha-havlerka-patologicti-filosemite-mozna-prisel-i-nejaky-izraelita\/\">Jan Panocha<\/a> , 30.3.2024<\/strong><\/em><\/p>\n<p>&nbsp;<\/p>\n<p><a href=\"https:\/\/stranapro.cz\/\"><img decoding=\"async\" loading=\"lazy\" class=\"wp-image-40286 aligncenter\" src=\"http:\/\/www.infokuryr.cz\/n\/wp-content\/uploads\/2023\/11\/12pro-300x87.png\" alt=\"\" width=\"903\" height=\"262\" srcset=\"https:\/\/www.infokuryr.cz\/n\/wp-content\/uploads\/2023\/11\/12pro-300x87.png 300w, https:\/\/www.infokuryr.cz\/n\/wp-content\/uploads\/2023\/11\/12pro.png 366w\" sizes=\"(max-width: 903px) 100vw, 903px\" \/><\/a><\/p>\n<p>&nbsp;<\/p>\n<\/div>\n","protected":false},"excerpt":{"rendered":"<p>Tak, jako ka\u017ed\u00fd rok, jsme se letos se\u0161li v Poln\u00e9 na pietn\u00ed vzpom\u00ednku u hrobu&#8230;<\/p>\n","protected":false},"author":2,"featured_media":51252,"comment_status":"closed","ping_status":"closed","sticky":false,"template":"","format":"standard","meta":[],"categories":[6],"tags":[7098,4179,3080],"_links":{"self":[{"href":"https:\/\/www.infokuryr.cz\/n\/wp-json\/wp\/v2\/posts\/51251"}],"collection":[{"href":"https:\/\/www.infokuryr.cz\/n\/wp-json\/wp\/v2\/posts"}],"about":[{"href":"https:\/\/www.infokuryr.cz\/n\/wp-json\/wp\/v2\/types\/post"}],"author":[{"embeddable":true,"href":"https:\/\/www.infokuryr.cz\/n\/wp-json\/wp\/v2\/users\/2"}],"replies":[{"embeddable":true,"href":"https:\/\/www.infokuryr.cz\/n\/wp-json\/wp\/v2\/comments?post=51251"}],"version-history":[{"count":0,"href":"https:\/\/www.infokuryr.cz\/n\/wp-json\/wp\/v2\/posts\/51251\/revisions"}],"wp:featuredmedia":[{"embeddable":true,"href":"https:\/\/www.infokuryr.cz\/n\/wp-json\/wp\/v2\/media\/51252"}],"wp:attachment":[{"href":"https:\/\/www.infokuryr.cz\/n\/wp-json\/wp\/v2\/media?parent=51251"}],"wp:term":[{"taxonomy":"category","embeddable":true,"href":"https:\/\/www.infokuryr.cz\/n\/wp-json\/wp\/v2\/categories?post=51251"},{"taxonomy":"post_tag","embeddable":true,"href":"https:\/\/www.infokuryr.cz\/n\/wp-json\/wp\/v2\/tags?post=51251"}],"curies":[{"name":"wp","href":"https:\/\/api.w.org\/{rel}","templated":true}]}}