{"id":5125,"date":"2021-10-01T06:35:31","date_gmt":"2021-10-01T04:35:31","guid":{"rendered":"http:\/\/www.infokuryr.cz\/n\/?p=5125"},"modified":"2021-10-01T06:35:31","modified_gmt":"2021-10-01T04:35:31","slug":"v-rakousku-je-oficialne-po-ockovani-korona-vakcinou-astra-zeneca-jiz-149-mrtvych-veri-nekdo-tomu-ze-v-cr-je-jen-jedna-obet-korona-ockovani","status":"publish","type":"post","link":"https:\/\/www.infokuryr.cz\/n\/2021\/10\/01\/v-rakousku-je-oficialne-po-ockovani-korona-vakcinou-astra-zeneca-jiz-149-mrtvych-veri-nekdo-tomu-ze-v-cr-je-jen-jedna-obet-korona-ockovani\/","title":{"rendered":"V Rakousku je ofici\u00e1ln\u011b po o\u010dkov\u00e1n\u00ed korona vakc\u00ednou Astra\/Zeneca ji\u017e 149 mrtv\u00fdch! V\u011b\u0159\u00ed n\u011bkdo tomu, \u017ee v \u010cR je jen jedna ob\u011b\u0165 korona o\u010dkov\u00e1n\u00ed?!"},"content":{"rendered":"<div id=\"fb-root\"><\/div>\n<p>Rakousk\u00e1 ofici\u00e1ln\u00ed media p\u0159i\u0161la s neuv\u011b\u0159itelnou zpr\u00e1vou,<strong> jen po o\u010dkov\u00e1n\u00ed experiment\u00e1ln\u00ed vakc\u00ednou proti koronaviru od firmy Astra\/Zeneca zem\u0159elo v <a href=\"https:\/\/www.heute.at\/s\/tote-impfschaeden-die-geheime-astrazeneca-akte-100165802\">Rakousku 149 osob<\/a>\u00a0a 1214 osob muselo b\u00fdt n\u00e1sledn\u011b hospitalizov\u00e1no! Touto vakc\u00ednou bylo v Rakousku nao\u010dkov\u00e1no 808 000 osob<\/strong>. O po\u010dtu ob\u011bt\u00ed vakc\u00edn, kter\u00e9 jsou podle \u00fadaj\u016f v EU a USA je\u0161t\u011b nebezpe\u010dn\u011bj\u0161\u00ed tedy Pfizer a Moderna, zat\u00edm nejsou ofici\u00e1ln\u00ed \u00fadaje k dispozici.\u00a0<strong>Rakousk\u00e1 ve\u0159ejnost je zd\u011b\u0161ena, vakc\u00edny jsou bezpe\u010dn\u00e9, tvrdilo se jim a nyn\u00ed vid\u00ed, \u017ee to nebyla pravda. Ob\u011bti o\u010dkov\u00e1n\u00ed toti\u017e jsou z \u0159ad lid\u00ed, kter\u00e9 nepat\u0159\u00ed mezi rizikov\u00e9 skupiny a jejich smrt tedy byla \u00fapln\u011b zbyte\u010dn\u00e1.<\/strong>\u00a0S\u00edl\u00ed podez\u0159en\u00ed, \u017ee \u00fa\u0159ady o v\u0161em v\u011bd\u011bly, ale o\u010dkov\u00e1n\u00ed nezastavily!?<\/p>\n<p>Politick\u00e1 r<strong>eprezentace se sna\u017e\u00ed v\u011bc banalizovat, \u017ee pr\u00fd v\u00fdhody o\u010dkov\u00e1n\u00ed p\u0159eva\u017euj\u00ed nad riziky.\u00a0<\/strong>(Vykl\u00e1dejte to rodin\u00e1m t\u011bch ob\u011bt\u00ed)!\u00a0<strong>Premi\u00e9r Kurz se dokonce chyst\u00e1 na dal\u0161\u00ed posiluj\u00edc\u00ed d\u00e1vku!<\/strong><\/p>\n<p>S t\u00edm kontrastuje ofici\u00e1ln\u00ed stanovisko \u010desk\u00fdch \u00fa\u0159ad\u016f, \u017e<strong>e je zat\u00edm registrov\u00e1n pouze jeden p\u0159\u00edpad, kde \u00famrt\u00ed mohlo b\u00fdt spojeno s vakcinac\u00ed! Tak tomu ur\u010dit\u011b bude soudn\u00fd \u010dlov\u011bk v\u011b\u0159it! Sta\u010d\u00ed si p\u0159epo\u010d\u00edst po\u010det obyvatel \u010cR a Rakouska a po\u010det vyo\u010dkovan\u00fdch vakc\u00edn Astra\/Zeneca a statisticky mus\u00ed b\u00fdt v \u010cR nejm\u00e9n\u011b 200 ob\u011bt\u00ed t\u00e9hle vakc\u00edny. Spolu s vakc\u00ednami Pfizer a Moderna pak budeme nejsp\u00ed\u0161 n\u011bkde mezi 1000-2000 ob\u011bt\u00ed v cel\u00e9 \u010cR<\/strong>. Ale nikdo z odpov\u011bdn\u00fdch politik\u016f a ofici\u00e1ln\u00ed medi\u00ed si tuhle ot\u00e1zku neklade. Pro\u010d asi?\u00a0<strong>V\u011b\u0159\u00edte, \u017ee se politici nech\u00e1vaj\u00ed o\u010dkovat stejn\u00fdmi roztoky jako b\u011b\u017en\u00fd \u201cplebs\u201d (v o\u010d\u00edch elit jsme plebs)?!<\/strong><\/p>\n<p><a href=\"https:\/\/ceskavec.com\/2021\/10\/v-rakousku-je-oficialne-po-ockovani-korona-vakcinou-astra-zeneca-jiz-149-mrtvych-veri-nekdo-tomu-ze-v-cr-je-jen-jedna-obet-korona-ockovani\">Hans von Graz<\/a><\/p>\n<p>&nbsp;<\/p>\n","protected":false},"excerpt":{"rendered":"<p>Rakousk\u00e1 ofici\u00e1ln\u00ed media p\u0159i\u0161la s neuv\u011b\u0159itelnou zpr\u00e1vou, jen po o\u010dkov\u00e1n\u00ed experiment\u00e1ln\u00ed vakc\u00ednou proti koronaviru od&#8230;<\/p>\n","protected":false},"author":2,"featured_media":4340,"comment_status":"closed","ping_status":"closed","sticky":false,"template":"","format":"standard","meta":[],"categories":[7],"tags":[573,353,213,315,120,651],"_links":{"self":[{"href":"https:\/\/www.infokuryr.cz\/n\/wp-json\/wp\/v2\/posts\/5125"}],"collection":[{"href":"https:\/\/www.infokuryr.cz\/n\/wp-json\/wp\/v2\/posts"}],"about":[{"href":"https:\/\/www.infokuryr.cz\/n\/wp-json\/wp\/v2\/types\/post"}],"author":[{"embeddable":true,"href":"https:\/\/www.infokuryr.cz\/n\/wp-json\/wp\/v2\/users\/2"}],"replies":[{"embeddable":true,"href":"https:\/\/www.infokuryr.cz\/n\/wp-json\/wp\/v2\/comments?post=5125"}],"version-history":[{"count":0,"href":"https:\/\/www.infokuryr.cz\/n\/wp-json\/wp\/v2\/posts\/5125\/revisions"}],"wp:featuredmedia":[{"embeddable":true,"href":"https:\/\/www.infokuryr.cz\/n\/wp-json\/wp\/v2\/media\/4340"}],"wp:attachment":[{"href":"https:\/\/www.infokuryr.cz\/n\/wp-json\/wp\/v2\/media?parent=5125"}],"wp:term":[{"taxonomy":"category","embeddable":true,"href":"https:\/\/www.infokuryr.cz\/n\/wp-json\/wp\/v2\/categories?post=5125"},{"taxonomy":"post_tag","embeddable":true,"href":"https:\/\/www.infokuryr.cz\/n\/wp-json\/wp\/v2\/tags?post=5125"}],"curies":[{"name":"wp","href":"https:\/\/api.w.org\/{rel}","templated":true}]}}