{"id":5123,"date":"2021-10-01T06:31:41","date_gmt":"2021-10-01T04:31:41","guid":{"rendered":"http:\/\/www.infokuryr.cz\/n\/?p=5123"},"modified":"2021-10-01T06:31:41","modified_gmt":"2021-10-01T04:31:41","slug":"americka-cdc-zahajila-desive-obvolavani-neockovanych-americanu","status":"publish","type":"post","link":"https:\/\/www.infokuryr.cz\/n\/2021\/10\/01\/americka-cdc-zahajila-desive-obvolavani-neockovanych-americanu\/","title":{"rendered":"Americk\u00e1 CDC zah\u00e1jila d\u011bsiv\u00e9 obvol\u00e1v\u00e1n\u00ed neo\u010dkovan\u00fdch Ameri\u010dan\u016f&#8230;"},"content":{"rendered":"<div id=\"fb-root\"><\/div>\n<h4>Americk\u00e1 CDC zah\u00e1jila d\u011bsiv\u00e9 obvol\u00e1v\u00e1n\u00ed neo\u010dkovan\u00fdch Ameri\u010dan\u016f podle datab\u00e1ze neo\u010dkovan\u00fdch osob, aby se nechaly o\u010dkovat, anebo \u010delily konsekvenc\u00edm! Vz\u00e1p\u011bt\u00ed americk\u00e9 ministerstvo zdravotnictv\u00ed vyv\u011bsilo nov\u00e9 nab\u00eddky pr\u00e1ce pro zam\u011bstnance na pozice z\u0159\u00edzenc\u016f a asistent\u016f v izola\u010dn\u00edch kempech pro rizikov\u00e9 neo\u010dkovan\u00e9 osoby! A nav\u00edc FEMA za\u010dala po cel\u00fdch USA chystat ke zprovozn\u011bn\u00ed interna\u010dn\u00ed t\u00e1bory pro miliony Ameri\u010dan\u016f! Pro\u010d 5 zem\u00ed b\u00fdval\u00e9ho Britsk\u00e9ho imp\u00e9ria sdru\u017een\u00fdch v alianci Five Eyes realizuje nejd\u011bsiv\u011bj\u0161\u00ed kopie nacistick\u00fdch proces\u016f \u0159\u00edzen\u00ed obyvatelstva z dob III. \u0158\u00ed\u0161e?<\/h4>\n<p>Pr\u00e1v\u011b dnes ve \u010dtvrtek vys\u00edlal Alex Jones na Infowars nejnov\u011bj\u0161\u00ed informace o ud\u00e1lostech, ke kter\u00fdm do\u0161lo v USA v posledn\u00edch hodin\u00e1ch. Je nanejv\u00fd\u0161 nutn\u00e9 pochopit nov\u00fd rozm\u011br spole\u010densk\u00e9ho teroru, kter\u00fd je jako v prvn\u00ed \u0159ad\u011b implementov\u00e1n globalisty v p\u011bti anglosask\u00fdch zem\u00edch, kter\u00e9 se pod\u00edlely na financov\u00e1n\u00ed vzestupu Adolfa Hitlera k moci. Skryt\u00fd nacismus v t\u011bchto p\u011bti zem\u00edch je definovan\u00fd nen\u00e1vist\u00ed ke svobodn\u00fdm lidem a p\u0159edev\u0161\u00edm ke slovansk\u00fdm n\u00e1rod\u016fm a Rusku jmenovit\u011b.<\/p>\n<p>Ta nen\u00e1vist, kter\u00e1 se p\u0159isuzuje neocon\u016fm, poch\u00e1z\u00ed ale ve skute\u010dnosti\u00a0<strong>z pohrobk\u016f nacismu a z importu \u0161pi\u010dek nacistick\u00e9 III. \u0158\u00ed\u0161e po II. sv. v\u00e1lce do 5 anglosask\u00fdch zem\u00edch, do USA, Kanady, Velk\u00e9 Brit\u00e1nie, Austr\u00e1lie a Nov\u00e9ho Z\u00e9landu sdru\u017een\u00fdch do \u0161pion\u00e1\u017en\u00ed organizace Five Eyes [<a href=\"https:\/\/href.li\/?https:\/\/en.wikipedia.org\/wiki\/Five_Eyes\" target=\"_blank\" rel=\"nofollow noopener\">1<\/a>].<\/strong>\u00a0Tyto ideov\u00e9 a ideologick\u00e9 \u0161pi\u010dky nacist\u016f vytvo\u0159ily v t\u011bchto 5 zem\u00edch po II. sv. v\u00e1lce st\u00ednov\u00e9 z\u00e1kulisn\u00ed vl\u00e1dy. Ta nejzn\u00e1m\u011bj\u0161\u00ed z nich je americk\u00e1 Majestic 12 (MJ-12), kter\u00e1 je p\u0159ezd\u00edv\u00e1na jako CABAL. Obrovsk\u00e1 moc t\u011bchto nacistick\u00fdch z\u00e1kulisn\u00edch vl\u00e1d je v jejich p\u0159\u00edm\u00e9m napojen\u00ed na Syndik\u00e1t v nejvy\u0161\u0161\u00ed, tedy okultn\u00ed rovin\u011b \u0159\u00edzen\u00ed.<\/p>\n<figure id=\"attachment_48575\" class=\"wp-caption aligncenter\" style=\"width: 672px;\"><a href=\"https:\/\/aeronet.cz\/news\/wp-content\/uploads\/FiveEyesFlags.jpg\"><img decoding=\"async\" loading=\"lazy\" class=\"wp-image-48575 \" src=\"https:\/\/aeronet.cz\/news\/wp-content\/uploads\/FiveEyesFlags-1024x576.jpg\" sizes=\"(max-width: 700px) 100vw, 700px\" srcset=\"https:\/\/aeronet.cz\/news\/wp-content\/uploads\/FiveEyesFlags-1024x576.jpg 1024w, https:\/\/aeronet.cz\/news\/wp-content\/uploads\/FiveEyesFlags-300x169.jpg 300w, https:\/\/aeronet.cz\/news\/wp-content\/uploads\/FiveEyesFlags-768x432.jpg 768w, https:\/\/aeronet.cz\/news\/wp-content\/uploads\/FiveEyesFlags-700x394.jpg 700w, https:\/\/aeronet.cz\/news\/wp-content\/uploads\/FiveEyesFlags-635x357.jpg 635w, https:\/\/aeronet.cz\/news\/wp-content\/uploads\/FiveEyesFlags-859x483.jpg 859w, https:\/\/aeronet.cz\/news\/wp-content\/uploads\/FiveEyesFlags.jpg 1280w\" alt=\"\" width=\"672\" height=\"378\" \/><\/a><figcaption class=\"wp-caption-text\">Aliance zem\u00ed Five Eyes \u2013 Anglosask\u00e9 zem\u011b b\u00fdval\u00e9ho Britsk\u00e9ho imp\u00e9ria<\/figcaption><\/figure>\n<p>Tyto z\u00e1kulisn\u00ed vl\u00e1dy se a\u017e dosud dr\u017eely v pozad\u00ed, maskovaly se Pentagonem, arm\u00e1dou, diplomatick\u00fdmi silami, z\u00e1kulisn\u00edmi taktikami, ale navenek ve\u0161kerou moc jako dr\u017eely demokratick\u00e9 a volen\u00e9 vl\u00e1dy a sbory.\u00a0<strong>Po spu\u0161t\u011bn\u00ed procesu COVID-19 v\u0161ak do\u0161lo k neuv\u011b\u0159iteln\u00e9 zm\u011bn\u011b. Do\u0161lo k vysl\u00e1n\u00ed povelu a v\u0161echny vl\u00e1dy za\u010daly jako oto\u010den\u00edm knofl\u00edku kolektivn\u011b likvidovat sv\u00e9 n\u00e1rodn\u00ed ekonomiky a terorizovat sv\u00e9 obyvatelstvo zp\u016fsobem, jak\u00fdm by se choval okupa\u010dn\u00ed nep\u0159\u00edtel k ciz\u00edmu obyvatelstvu okupovan\u00e9 zem\u011b.<\/strong><\/p>\n<p>Zav\u00e1d\u011bn\u00ed teroru, sledov\u00e1n\u00ed, kontrolov\u00e1n\u00ed pohybu, omezov\u00e1n\u00ed lidsk\u00fdch pr\u00e1v, omezov\u00e1n\u00ed vstupu do \u0161kol, do zam\u011bstn\u00e1n\u00ed, do ve\u0159ejn\u00e9 dopravy, nucen\u00ed k drastick\u00e9mu poni\u017eov\u00e1n\u00ed a k v\u00fdt\u011br\u016fm nos\u016f za \u00fa\u010delem odb\u011bru genetick\u00e9ho materi\u00e1lu, drakonick\u00e9 testov\u00e1n\u00ed experiment\u00e1ln\u00edch roztok\u016f na \u0161irok\u00e9 populaci jako na pokusn\u00fdch zv\u00ed\u0159atech, blokov\u00e1n\u00ed dostupnosti lacin\u00fdch a \u00fa\u010dinn\u00fdch l\u00e9k\u016f, aby se lid\u00e9 nemohli snadno z nemoci vyl\u00e9\u010dit, ale aby jako pokusn\u00e9 ob\u011bti p\u0159i vivisekci vydr\u017eely na\u017eivu a v bolestech co nejd\u00e9le.<\/p>\n<h6><span style=\"font-size: 14pt;\">Kdysi Total Einsatz, dnes Total Control. Oboj\u00ed ale nacistick\u00e9 procesy \u0159\u00edzen\u00ed populace s c\u00edlem transformace svobodn\u00e9 spole\u010dnosti do totalitn\u00edho syst\u00e9mu<\/span><\/h6>\n<p>Sta\u0159\u00ed lid\u00e9 pros\u00ed a na\u0159\u00edkaj\u00ed v nemocnic\u00edch, pane doktore, pomozte mi, ale l\u00e9ka\u0159i maj\u00ed p\u0159\u00edsn\u00fd z\u00e1kaz pod\u00e1vat Ivermectin, hrozila by jim profesn\u00ed, ale i fyzick\u00e1 likvidace jako v USA, kde z\u00e1hadn\u011b um\u00edraj\u00ed prakti\u010dt\u00ed l\u00e9ka\u0159i, kte\u0159\u00ed lidem pod\u00e1vali Ivermectin.\u00a0<strong>Minist\u0159i zdravotnictv\u00ed za\u010d\u00ednaj\u00ed p\u0159ipom\u00ednat sp\u00ed\u0161e nacistick\u00e9 d\u016fstojn\u00edky, kte\u0159\u00ed omezuj\u00ed lid a pr\u00e1va lid\u00ed jako dozorci v koncentra\u010dn\u00edm t\u00e1bo\u0159e.<\/strong>\u00a0Mnoho lid\u00ed n\u00e1m p\u00ed\u0161e do redakce, \u017ee chov\u00e1n\u00ed politik\u016f p\u0159ipom\u00edn\u00e1 sp\u00ed\u0161e nacisty, ne\u017e aby se to dalo ozna\u010dit za ochranu zdrav\u00ed obyvatel. A toto je naprosto p\u0159esn\u00fd post\u0159eh, pokud jste si jej v\u0161imli. Jen\u017ee, on to nen\u00ed jenom pocit. Nejsou to jenom jako nacist\u00e9, ve skute\u010dnosti jde o opravdov\u00e9 nacisty a nacistick\u00e9 procesy \u0159\u00edzen\u00ed. Ty pozn\u00e1te snadno.<\/p>\n<figure id=\"attachment_48576\" class=\"wp-caption aligncenter\" style=\"width: 422px;\"><a href=\"https:\/\/aeronet.cz\/news\/wp-content\/uploads\/CDC_Called.jpg\"><img decoding=\"async\" loading=\"lazy\" class=\"wp-image-48576 \" src=\"https:\/\/aeronet.cz\/news\/wp-content\/uploads\/CDC_Called.jpg\" sizes=\"(max-width: 700px) 100vw, 700px\" srcset=\"https:\/\/aeronet.cz\/news\/wp-content\/uploads\/CDC_Called.jpg 700w, https:\/\/aeronet.cz\/news\/wp-content\/uploads\/CDC_Called-139x300.jpg 139w, https:\/\/aeronet.cz\/news\/wp-content\/uploads\/CDC_Called-473x1024.jpg 473w, https:\/\/aeronet.cz\/news\/wp-content\/uploads\/CDC_Called-165x357.jpg 165w, https:\/\/aeronet.cz\/news\/wp-content\/uploads\/CDC_Called-223x483.jpg 223w\" alt=\"\" width=\"422\" height=\"913\" \/><\/a><figcaption class=\"wp-caption-text\">Telefon\u00e1t CDC vyz\u00fdvaj\u00edc\u00ed k o\u010dkov\u00e1n\u00ed<\/figcaption><\/figure>\n<p>V prvn\u00ed f\u00e1z\u00ed nacist\u00e9 zav\u00e1d\u011bj\u00ed ideov\u00e9 d\u011blen\u00ed obyvatelstva na dv\u011b skupiny. Na ty dobr\u00e9, a na tu ostatn\u00ed odbojnou ch\u00e1tru. Zav\u00e1d\u00ed apartheid. V druh\u00e9 f\u00e1zi p\u0159ich\u00e1z\u00ed Total Control, Total Einsatz, prost\u011b tot\u00e1ln\u00ed kontrola obyvatelstva. T\u0159et\u00edm pozn\u00e1vac\u00edm znamen\u00edm nacistick\u00fdch proces\u016f \u0159\u00edzen\u00ed je Arbeit Macht Frei. Ob\u010dan nem\u00e1 povoleno nic jin\u00e9ho, ne\u017e je pohyb do pr\u00e1ce a z pr\u00e1ce. Naprosto nic jin\u00e9ho.<\/p>\n<p><strong>\u017d\u00e1dn\u00e9 cestov\u00e1n\u00ed, \u017e\u00e1dn\u00e9 hospody, \u017e\u00e1dn\u00e1 kina, ani divadla nebo koncerty, \u017e\u00e1dn\u00e9 spol\u010dov\u00e1n\u00ed, jen dr\u017een\u00ed odstup\u016f, \u017e\u00e1dn\u00e9 cigarety, ani kou\u0159en\u00ed v hospod\u00e1ch, nic takov\u00e9ho. Pouze do pr\u00e1ce a z pr\u00e1ce, proto\u017ee kola pr\u016fmyslu a v\u00e1le\u010dn\u00e9ho \u00fasil\u00ed se nesm\u00ed zastavit.<\/strong>\u00a0\u010ctvrt\u00fdm pozn\u00e1vac\u00edm znamen\u00edm je zm\u011bna ob\u010dana na nevoln\u00edka a pozd\u011bji otroka, kter\u00fd postupn\u011b zji\u0161\u0165uje, \u017ee jeho \u017eivot se eliminuje pouze na otrock\u00e9 postaven\u00ed ve vymezen\u00e9m ohradn\u00edku vlastn\u00ed existence, proto\u017ee kamkoliv jinam vkro\u010d\u00ed, tak sly\u0161\u00ed: \u201c<em>Ihre\u00a0Papiere,\u00a0bitte!<\/em>\u201c<\/p>\n<h6><span style=\"font-size: 14pt;\">\u0160pion\u00e1\u017en\u00ed aliance anglosask\u00fdch zem\u00ed Five Eyes je \u0159\u00edzena z\u00e1kulisn\u00edmi nacistick\u00fdmi k\u00e1dry a jejich nacistick\u00fdmi n\u00e1stroji \u0159\u00edzen\u00ed<\/span><\/h6>\n<p>Sly\u0161\u00ed to nejen na hranic\u00edch, ale i p\u0159i vstupu do n\u00e1kupn\u00edho centra, do obchodu s potravinami, sly\u0161\u00ed to ka\u017ed\u00e9 r\u00e1no p\u0159i n\u00e1stupu do pr\u00e1ce u zam\u011bstnavatele, sly\u0161\u00ed to ka\u017ed\u00e9 r\u00e1no ve \u0161kole, pokud je student, sly\u0161\u00ed to na n\u00e1dra\u017e\u00ed, p\u0159i n\u00e1stupu do vlaku, autobusu, sly\u0161\u00ed to na ulici p\u0159i n\u00e1hodn\u00e9 kontrole. A p\u00e1t\u00fdm pozn\u00e1vac\u00edm znamen\u00edm jsou koncentra\u010dn\u00ed t\u00e1bory pro ty, kte\u0159\u00ed se odm\u00edtnou t\u011bmto 4 pozn\u00e1vac\u00edm znamen\u00edm nacistick\u00fdch proces\u016f \u0159\u00edzen\u00ed pod\u0159\u00eddit.<\/p>\n<p><strong>A te\u010f si zkuste t\u011bchto 5 hlavn\u00edch znak\u016f z uveden\u00e9ho p\u0159\u00edkladu p\u0159elo\u017eit z dob III. \u0158\u00ed\u0161e do dne\u0161n\u00edch re\u00e1li\u00ed a nam\u00edsto v\u00e1le\u010dn\u00e9ho \u00fasil\u00ed si tam dosa\u010fte glob\u00e1ln\u00ed ekonomiku a pod t\u011bmi pap\u00edry si p\u0159edstavte covidov\u00e9 pasy.<\/strong>\u00a0Najednou s hr\u016fzou zjist\u00edte, \u017ee se to v ni\u010dem neli\u0161\u00ed, a \u017ee \u017eijete v nacistick\u00e9m spole\u010densk\u00e9m z\u0159\u00edzen\u00ed, kde jednotlivec, pokud se vzp\u00edr\u00e1, je izolov\u00e1n v koncentra\u010dn\u00edm kempu. Lidsk\u00e1 pr\u00e1va jsou po\u0161lap\u00e1na. \u00dastava je kus hadru.<\/p>\n<div class=\"twitter-tweet twitter-tweet-rendered\"><iframe id=\"twitter-widget-0\" class=\"\" title=\"Twitter Tweet\" src=\"https:\/\/platform.twitter.com\/embed\/Tweet.html?dnt=true&amp;embedId=twitter-widget-0&amp;features=eyJ0ZndfZXhwZXJpbWVudHNfY29va2llX2V4cGlyYXRpb24iOnsiYnVja2V0IjoxMjA5NjAwLCJ2ZXJzaW9uIjpudWxsfSwidGZ3X2hvcml6b25fdHdlZXRfZW1iZWRfOTU1NSI6eyJidWNrZXQiOiJodGUiLCJ2ZXJzaW9uIjpudWxsfSwidGZ3X3NwYWNlX2NhcmQiOnsiYnVja2V0Ijoib2ZmIiwidmVyc2lvbiI6bnVsbH19&amp;frame=false&amp;hideCard=false&amp;hideThread=false&amp;id=1424855283755520006&amp;lang=cs&amp;origin=https%3A%2F%2Faeronet.cz%2Fnews%2Famericka-cdc-zahajila-desive-obvolavani-neockovanych-americanu-podle-databaze-neockovanych-osob-aby-se-nechaly-ockovat-anebo-celily-konsekvencim-vzapeti-americke-ministerstvo-zdravotnictvi-vyvesilo%2F&amp;sessionId=4ec0ff7822dca889673b5cc61b54f63ffcbe578f&amp;theme=light&amp;widgetsVersion=fcb1942%3A1632982954711&amp;width=550px\" frameborder=\"0\" scrolling=\"no\" allowfullscreen=\"allowfullscreen\" data-tweet-id=\"1424855283755520006\" data-mce-fragment=\"1\"><\/iframe><\/div>\n<p>&nbsp;<\/p>\n<p>Nejv\u011bt\u0161\u00ed terror procesu COVID-19 na obyvatelstvu prob\u00edh\u00e1 pr\u00e1v\u011b v 5 zem\u00edch b\u00fdval\u00e9ho Britsk\u00e9ho imp\u00e9ria, proto\u017ee globalist\u00e9 tyto zem\u011b pova\u017euji\u00a0<strong>nikoliv za nejschopn\u011bj\u0161\u00ed prov\u00e9st transit spole\u010densk\u00e9ho \u0159\u00edzen\u00ed od demokracie k Total Control spole\u010dnosti, ale pova\u017euj\u00ed je kv\u016fli nacistick\u00fdm st\u00ednov\u00fdm vl\u00e1d\u00e1m za \u201cv\u0161ehoschopn\u00e9\u201d bez jak\u00e9hokoliv odmlouv\u00e1n\u00ed.<\/strong>\u00a0Proto si v\u0161imn\u011bte, ve kter\u00fdch zem\u00edch jako prvn\u00ed spustili koncentra\u010dn\u00ed kempy v t\u00e9to dob\u011b? Ano, kempy jsou spou\u0161t\u011bny v Austr\u00e1lii, nov\u011b na Nov\u00e9m Z\u00e9landu, ve Velk\u00e9 Brit\u00e1nii se prov\u00e1d\u00ed p\u0159\u00edpravy na z\u00e1klad\u011b um\u011ble vyvolan\u00e9 palivov\u00e9 krize, v Kanad\u011b se rozj\u00ed\u017ed\u00ed teror podobn\u00fd Austr\u00e1lii a v samotn\u00fdch USA to bude nejv\u011bt\u0161\u00ed.<\/p>\n<p>Alex Jones toti\u017e informoval\u00a0<strong>[<a href=\"https:\/\/href.li\/?https:\/\/www.infowars.com\/posts\/find-out-how-people-around-the-world-are-resisting-covid-tyranny-thursday-live\/\" target=\"_blank\" rel=\"nofollow noopener\">2<\/a>]<\/strong>, \u017ee americk\u00e1 CDC za\u010dala obvol\u00e1vat Ameri\u010dany, kte\u0159\u00ed nejsou o\u010dkovan\u00ed, aby se nechali o\u010dkovat. \u0160okovan\u00ed Ameri\u010dan\u00e9 se ptaj\u00ed, odkud telefonn\u00ed oper\u00e1torky CDC vzali jejich telefonn\u00ed \u010d\u00edsla a znalosti o tom, \u017ee nejsou o\u010dkovan\u00ed. A p\u0159edstavte si, \u017ee\u00a0<strong>oper\u00e1to\u0159i na to odpov\u00eddaj\u00ed, \u017ee tyto informace maj\u00ed z datab\u00e1ze CDC, kter\u00e1 vede seznamy o\u010dkovan\u00fdch Ameri\u010dan\u016f a ve spojen\u00ed s feder\u00e1ln\u00ed datab\u00e1z\u00ed obyvatelstva lze snadno zjistit, kdo se je\u0161t\u011b nenechal o\u010dkovat.<\/strong>\u00a0Oper\u00e1to\u0159i p\u0159itom pou\u017e\u00edvaj\u00ed i v\u00fdhr\u016f\u017eky, \u017ee kdy\u017e se \u010dlov\u011bk nechce ani tak nao\u010dkovat, \u017ee to po n\u011bho m\u016f\u017ee m\u00edt konsekvence.<\/p>\n<h6><span style=\"font-size: 14pt;\">Americk\u00e1 CDC za\u010dala svol\u00e1vat neo\u010dkovan\u00e9 Ameri\u010dany k vakcinaci, je to posledn\u00ed v\u00fdzva, jinak budou \u010delit konsekvenc\u00edm a koncentra\u010dn\u00edm t\u00e1bor\u016fm budovan\u00fdm na vym\u00fdcen\u00fdch planin\u00e1ch uprost\u0159ed les\u016f<\/span><\/h6>\n<p>A pokud se pt\u00e1te jak\u00e9 konsekvence, tak odpov\u011b\u010f v\u00e1m daj\u00ed posledn\u00ed pracovn\u00ed inzer\u00e1ty, kter\u00e9 na pracovn\u00edch serverech v USA vyv\u011bsilo ministerstvo zdravotnictv\u00ed. Pr\u00e1v\u011b te\u010f za\u010dala n\u00e1borov\u00e1 kampa\u0148 pro z\u0159\u00edzence a oper\u00e1tory interna\u010dn\u00edch t\u00e1bor\u016f pro rizikov\u00e9 osoby bez o\u010dkov\u00e1n\u00ed.\u00a0<strong>N\u00e1stupn\u00ed plat je od 3 200 do 4 200 USD m\u011bs\u00ed\u010dn\u011b a jedn\u00e1 se o pozice tzv. asistent\u016f, ale i \u0159idi\u010d\u016f dod\u00e1vek [<a href=\"https:\/\/href.li\/?https:\/\/www.infowars.com\/posts\/state-governments-preparing-quarantine-facilities-for-americans-unable-to-isolate-at-home\/\" target=\"_blank\" rel=\"nofollow noopener\">3<\/a>] pro svoz rizikov\u00fdch osob, kdy kabina \u0159idi\u010de bude vzduchot\u011bsn\u011b odd\u011blena od n\u00e1kladov\u00e9ho prostoru s rizikovou osobou.<\/strong>\u00a0\u0158idi\u010di budou sb\u00edrat lidi po cel\u00fdch st\u00e1tech a odv\u00e1\u017eet je do interna\u010dn\u00edch kemp\u016f, kter\u00e9 ji\u017e k otev\u0159en\u00ed za\u010dala p\u0159ipravovat FEMA.<\/p>\n<div class=\"twitter-tweet twitter-tweet-rendered\"><iframe id=\"twitter-widget-1\" class=\"\" title=\"Twitter Tweet\" src=\"https:\/\/platform.twitter.com\/embed\/Tweet.html?dnt=true&amp;embedId=twitter-widget-1&amp;features=eyJ0ZndfZXhwZXJpbWVudHNfY29va2llX2V4cGlyYXRpb24iOnsiYnVja2V0IjoxMjA5NjAwLCJ2ZXJzaW9uIjpudWxsfSwidGZ3X2hvcml6b25fdHdlZXRfZW1iZWRfOTU1NSI6eyJidWNrZXQiOiJodGUiLCJ2ZXJzaW9uIjpudWxsfSwidGZ3X3NwYWNlX2NhcmQiOnsiYnVja2V0Ijoib2ZmIiwidmVyc2lvbiI6bnVsbH19&amp;frame=false&amp;hideCard=false&amp;hideThread=false&amp;id=1440119387495796736&amp;lang=cs&amp;origin=https%3A%2F%2Faeronet.cz%2Fnews%2Famericka-cdc-zahajila-desive-obvolavani-neockovanych-americanu-podle-databaze-neockovanych-osob-aby-se-nechaly-ockovat-anebo-celily-konsekvencim-vzapeti-americke-ministerstvo-zdravotnictvi-vyvesilo%2F&amp;sessionId=4ec0ff7822dca889673b5cc61b54f63ffcbe578f&amp;theme=light&amp;widgetsVersion=fcb1942%3A1632982954711&amp;width=550px\" frameborder=\"0\" scrolling=\"no\" allowfullscreen=\"allowfullscreen\" data-tweet-id=\"1440119387495796736\" data-mce-fragment=\"1\"><\/iframe><\/div>\n<p>&nbsp;<\/p>\n<p>O\u010dkovan\u00ed lid\u00e9 za\u010dnou brzy na dve\u0159e neo\u010dkovan\u00fdch Ameri\u010dan\u016f ps\u00e1t n\u00e1pisy, \u017ee tady je neo\u010dkovan\u00fd, stejn\u011b jako\u00a0<strong>N\u011bmci malovali na dve\u0159e obchod\u016f a bytov\u00fdch dom\u016f \u017did\u016f n\u00e1pisy\u00a0<em>\u201cJuden Hier!\u201d<\/em>\u00a0A te\u010f mi \u0159ekn\u011bte: V \u010dem se to li\u0161\u00ed od svozu \u017did\u016f do koncentra\u010dn\u00edch t\u00e1bor\u016f v dob\u00e1ch III. \u0158\u00ed\u0161e?<\/strong>\u00a0Li\u0161\u00ed se to pouze v dekoraci a v obsazen\u00e9 roli. Dekorac\u00ed ji\u017e nen\u00ed Davidova hv\u011bzda na kab\u00e1tu \u017dida, ale n\u00e1lepka na \u010dele neo\u010dkovan\u00e9 osoby, \u017ee je High Risk. Pokud Ameri\u010dan odm\u00edtne vax, CDC to bude vid\u011bt v datab\u00e1zi a informaci roz\u0161\u00ed\u0159\u00ed do m\u00edsta bydli\u0161t\u011b odm\u00edta\u010de. Samoz\u0159ejm\u011b ne narovinu, ale \u0159ekne se, \u017ee hacke\u0159i nabourali datab\u00e1zi a uve\u0159ejnili ji.<\/p>\n<h6><span style=\"font-size: 14pt;\">FEMA uprost\u0159ed les\u016f k\u00e1c\u00ed m\u00fdtiny a z\u0159izuje v nich od populace odlehl\u00e9 covidov\u00e9 koncentra\u010dn\u00ed kempy, stejn\u011b jako nacist\u00e9 za II. sv. v\u00e1lky budovali vyhlazovac\u00ed KZ koncentr\u00e1ky daleko od civilizace<\/span><\/h6>\n<p>Lid\u00e9 po cel\u00fdch USA sd\u00edl\u00ed na Twitteru fotografie a videa, jak FEMA za\u010d\u00edn\u00e1 aktivovat koncentra\u010dn\u00ed t\u00e1bory vybudovan\u00e9 v posledn\u00edch 15 letech po cel\u00fdch USA. Ale nejen ty, buduje v les\u00edch i \u00fapln\u011b nov\u00e9.\u00a0<strong>Kdo nebude o\u010dkovan\u00fd, automaticky bude ozna\u010den za High-Risk osobu pro komunitu ostatn\u00edch obyvatel v reziden\u010dn\u00ed \u010dtvrti a bude zavol\u00e1na dod\u00e1vka, kter\u00e1 \u010dlov\u011bka nalo\u017e\u00ed a odveze do koncentra\u010dn\u00edho t\u00e1bora uprost\u0159ed les\u016f.<\/strong>\u00a0Nap\u0159. do takov\u00e9ho, jak\u00fd FEMA pr\u00e1v\u011b chyst\u00e1 v les\u00edch ve st\u00e1t\u011b Washington. Video n\u00ed\u017ee.<\/p>\n<div class=\"twitter-tweet twitter-tweet-rendered\"><iframe id=\"twitter-widget-2\" class=\"\" title=\"Twitter Tweet\" src=\"https:\/\/platform.twitter.com\/embed\/Tweet.html?dnt=true&amp;embedId=twitter-widget-2&amp;features=eyJ0ZndfZXhwZXJpbWVudHNfY29va2llX2V4cGlyYXRpb24iOnsiYnVja2V0IjoxMjA5NjAwLCJ2ZXJzaW9uIjpudWxsfSwidGZ3X2hvcml6b25fdHdlZXRfZW1iZWRfOTU1NSI6eyJidWNrZXQiOiJodGUiLCJ2ZXJzaW9uIjpudWxsfSwidGZ3X3NwYWNlX2NhcmQiOnsiYnVja2V0Ijoib2ZmIiwidmVyc2lvbiI6bnVsbH19&amp;frame=false&amp;hideCard=false&amp;hideThread=false&amp;id=1443040983646679040&amp;lang=cs&amp;origin=https%3A%2F%2Faeronet.cz%2Fnews%2Famericka-cdc-zahajila-desive-obvolavani-neockovanych-americanu-podle-databaze-neockovanych-osob-aby-se-nechaly-ockovat-anebo-celily-konsekvencim-vzapeti-americke-ministerstvo-zdravotnictvi-vyvesilo%2F&amp;sessionId=4ec0ff7822dca889673b5cc61b54f63ffcbe578f&amp;theme=light&amp;widgetsVersion=fcb1942%3A1632982954711&amp;width=550px\" frameborder=\"0\" scrolling=\"no\" allowfullscreen=\"allowfullscreen\" data-tweet-id=\"1443040983646679040\" data-mce-fragment=\"1\"><\/iframe><\/div>\n<p>&nbsp;<\/p>\n<p>Jenom dnes na domech odp\u00edra\u010d\u016f bude n\u00e1pis\u00a0<em><strong>\u201cTady bydl\u00ed neo\u010dkovan\u00fd!\u201d<\/strong><\/em>\u00a0Ve chv\u00edli, kdy se obsazuj\u00ed pracovn\u00ed pozice pro zam\u011bstnance sb\u011brn\u00fdch a koncentra\u010dn\u00edch t\u00e1bor\u016f v USA, tak je hotovo a vymalov\u00e1no. Tento proces nacistick\u00e9ho \u0159\u00edzen\u00ed je ji\u017e tak daleko, \u017ee ani Ameri\u010dan\u00e9 nech\u00e1pou, co je vlastn\u011b \u010dek\u00e1. Kdo se nenech\u00e1 o\u010dkovat, tak se nebude u n\u011bj zji\u0161\u0165ovat, jestli je nebo nen\u00ed naka\u017een\u00fd, jestli n\u011bco \u0161\u00ed\u0159\u00ed nebo ne\u0161\u00ed\u0159\u00ed. Ne, to jste na omylu a nepochopili jste ten koncept!<\/p>\n<h6><span style=\"font-size: 14pt;\">Neo\u010dkovan\u00fd \u010dlov\u011bk dostane n\u00e1\u0161ivku na kab\u00e1t\u00a0<em>High-Risk<\/em>\u00a0o do n\u011bkolika t\u00fddn\u016f dostane rozkaz k transportu do izola\u010dn\u00edho t\u00e1bora<\/span><\/h6>\n<p>Samotn\u00fd fakt, \u017ee odm\u00edtnete vakc\u00ednu, z v\u00e1s automaticky ud\u011bl\u00e1 High-Risk osobu\u00a0<em>per se<\/em>. Nikdo nebude prov\u011b\u0159ovat, jestli m\u00e1te n\u00e1kazu nebo jste zdrav\u00fd jako \u0159\u00edpa.\u00a0<strong>Prost\u011b bez vakc\u00edny budete High-Risk a brzy dostanete povol\u00e1vac\u00ed rozkaz k transportu do koncentra\u010dn\u00edho t\u00e1bora, tedy pardon, do izola\u010dn\u00edho centra, abychom to nazvali tak, jak to naz\u00fdvaj\u00ed global\u010diky.<\/strong>\u00a0Jen\u017ee n\u00e1zev za\u0159\u00edzen\u00ed nehraje roli, jsou-li praktiky vzniku a \u00fa\u010delu takov\u00e9ho centra doslova a do detailu okop\u00edrovan\u00e9 z nacistick\u00fdch koncentra\u010dn\u00edch t\u00e1bor\u016f.<\/p>\n<p>Ameri\u010dan\u00e9 jsou sice majiteli des\u00edtek milion\u016f zbran\u00ed, ale zbra\u0148 sama o sob\u011b nem\u00e1 no\u017ei\u010dky a nebude bojovat za svobodu sama. Tu zbra\u0148 mus\u00ed pozvednout mu\u017e, ale k tomu Ameri\u010dan\u00e9 nemaj\u00ed odvahu, proto\u017ee si zat\u00edm nes\u00e1hli na dno. St\u00e1le je\u0161t\u011b si \u017eij\u00ed dob\u0159e, st\u00e1le je\u0161t\u011b nen\u00ed teror v USA tak vysok\u00fd a tak \u0161iroce obs\u00e1hl\u00fd, aby Ameri\u010dan\u00e9 u\u017e nem\u011bli co ztratit a povstali proti teroru. A tohle se t\u00fdk\u00e1 cel\u00e9 z\u00e1padn\u00ed civilizace.<\/p>\n<div class=\"twitter-tweet twitter-tweet-rendered\"><iframe id=\"twitter-widget-3\" class=\"\" title=\"Twitter Tweet\" src=\"https:\/\/platform.twitter.com\/embed\/Tweet.html?dnt=true&amp;embedId=twitter-widget-3&amp;features=eyJ0ZndfZXhwZXJpbWVudHNfY29va2llX2V4cGlyYXRpb24iOnsiYnVja2V0IjoxMjA5NjAwLCJ2ZXJzaW9uIjpudWxsfSwidGZ3X2hvcml6b25fdHdlZXRfZW1iZWRfOTU1NSI6eyJidWNrZXQiOiJodGUiLCJ2ZXJzaW9uIjpudWxsfSwidGZ3X3NwYWNlX2NhcmQiOnsiYnVja2V0Ijoib2ZmIiwidmVyc2lvbiI6bnVsbH19&amp;frame=false&amp;hideCard=false&amp;hideThread=false&amp;id=1440064212387057670&amp;lang=cs&amp;origin=https%3A%2F%2Faeronet.cz%2Fnews%2Famericka-cdc-zahajila-desive-obvolavani-neockovanych-americanu-podle-databaze-neockovanych-osob-aby-se-nechaly-ockovat-anebo-celily-konsekvencim-vzapeti-americke-ministerstvo-zdravotnictvi-vyvesilo%2F&amp;sessionId=4ec0ff7822dca889673b5cc61b54f63ffcbe578f&amp;theme=light&amp;widgetsVersion=fcb1942%3A1632982954711&amp;width=550px\" frameborder=\"0\" scrolling=\"no\" allowfullscreen=\"allowfullscreen\" data-tweet-id=\"1440064212387057670\" data-mce-fragment=\"1\"><\/iframe><\/div>\n<p>&nbsp;<\/p>\n<p>Dokud si z\u00e1padn\u00ed n\u00e1rody nes\u00e1hnou na dno, a\u0165 u\u017e sv\u00fdch sil, sv\u00fdch majetk\u016f kv\u016fli dan\u00edm z nemovitosti, nebo sv\u00fdch n\u00e1kupn\u00edch voz\u00edk\u016f, tak do t\u00e9 doby budou globalist\u00e9 za pou\u017eit\u00ed nacistick\u00fdch proces\u016f \u0159\u00edzen\u00ed st\u00ednov\u00fdch vl\u00e1d 5 nejmocn\u011bj\u0161\u00edch anglosask\u00fdch zem\u00ed zav\u00e1d\u011bt novodob\u00fd totalitn\u00ed syst\u00e9m Total Control, kter\u00fd bude transformovat svobodn\u00e9 n\u00e1rody a jejich lidi do nevoln\u00edk\u016f a otrok\u016f, p\u0159i\u010dem\u017e ti, kte\u0159\u00ed se postav\u00ed na odpor, skon\u010d\u00ed jako High-Risk osoby v koncentra\u010dn\u00edch kempech pro neo\u010dkovan\u00e9 odp\u00edra\u010de, kde budou vystaveni p\u0159ev\u00fdchov\u011b a dr\u017eeni tam tak dlouho, dokud nesvol\u00ed se sv\u00fdm o\u010dkov\u00e1n\u00edm<\/p>\n<p><strong>A na bran\u00e1ch t\u011bch t\u00e1bor\u016f bude n\u00e1pis\u00a0<em>Vaccination Sets You Free<\/em>\u00a0(<em>Vakcinace osvobozuje<\/em>). Nacistick\u00e9 procesy \u0159\u00edzen\u00ed vych\u00e1zej\u00ed z primitivn\u00ed 6. priority \u0159\u00edzen\u00ed, pokud byste p\u00e1trali po jejich konceptu\u00e1ln\u00edm p\u016fvodu.<\/strong>\u00a0Jsou to procesy n\u00e1sil\u00ed a brut\u00e1ln\u00ed s\u00edly, kter\u00e1 se maskuje za bezpe\u010dnost lidu, za vy\u0161\u0161\u00ed proz\u0159etelnosti, za \u010distou rasu, za zdravou populaci, prost\u011b se maskuje za r\u016fzn\u00e9 z\u00e1minky, ale po\u0159\u00e1d to jsou pouze procesy \u0159\u00edzen\u00ed skrze n\u00e1sil\u00ed, tedy jde o proces na 6. priorit\u011b.<\/p>\n<h6><span style=\"font-size: 14pt;\">Dokud si n\u00e1rody nes\u00e1hnou na \u00fapln\u00e9 dno, k \u017e\u00e1dn\u00e9mu odporu a povst\u00e1n\u00ed proti nacistick\u00e9mu teroru nedojde<\/span><\/h6>\n<p>Global\u010diky budou m\u00edt \u010dist\u00e9 rukavi\u010dky. B\u00edl\u00e9 rukavi\u010dky. \u0160pinavou pr\u00e1ci provedou nacist\u00e9 v \u0159ad\u00e1ch st\u00ednov\u00fdch vl\u00e1d 5 v\u00edt\u011bzn\u00fdch anglosask\u00fdch mocnost\u00ed z dob II. sv. v\u00e1lky. Takov\u00e9 chucpe, kdy\u017e se nad t\u00edm zamysl\u00edte.\u00a0<strong>Kdo potom vyhr\u00e1l II. sv. v\u00e1lku, kdy\u017e v zem\u00edch Evropy, kde t\u011bchto 5 anglosask\u00fdch zem\u00ed \u0159\u00edd\u00ed vojensky slovansk\u00e9 zem\u011b, se najednou d\u011bt\u00ed u\u010d\u00ed, \u017ee Sov\u011btsk\u00e1 arm\u00e1da byla okupa\u010dn\u00ed arm\u00e1dou a v roce 1945 p\u0159ijela evropsk\u00e9 zem\u011b nam\u00edsto osvobozen\u00ed okupovat?<\/strong>\u00a0Odkud se berou procesy odstra\u0148ov\u00e1n\u00ed sov\u011btsk\u00fdch mar\u0161\u00e1l\u016f z podstavc\u016f na pra\u017esk\u00fdch n\u00e1m\u011bst\u00edch?<\/p>\n<figure id=\"attachment_46417\" class=\"wp-caption aligncenter\" style=\"width: 458px;\"><a href=\"https:\/\/aeronet.cz\/news\/wp-content\/uploads\/KoudelkaBISmedalCIA.jpg\"><img decoding=\"async\" loading=\"lazy\" class=\"wp-image-46417 \" src=\"https:\/\/aeronet.cz\/news\/wp-content\/uploads\/KoudelkaBISmedalCIA.jpg\" sizes=\"(max-width: 901px) 100vw, 901px\" srcset=\"https:\/\/aeronet.cz\/news\/wp-content\/uploads\/KoudelkaBISmedalCIA.jpg 901w, https:\/\/aeronet.cz\/news\/wp-content\/uploads\/KoudelkaBISmedalCIA-300x200.jpg 300w, https:\/\/aeronet.cz\/news\/wp-content\/uploads\/KoudelkaBISmedalCIA-768x511.jpg 768w, https:\/\/aeronet.cz\/news\/wp-content\/uploads\/KoudelkaBISmedalCIA-700x466.jpg 700w, https:\/\/aeronet.cz\/news\/wp-content\/uploads\/KoudelkaBISmedalCIA-536x357.jpg 536w, https:\/\/aeronet.cz\/news\/wp-content\/uploads\/KoudelkaBISmedalCIA-725x483.jpg 725w\" alt=\"\" width=\"458\" height=\"305\" \/><\/a><figcaption class=\"wp-caption-text\">D\u016fsledek rehabilitace nacistick\u00fdch proces\u016f \u0159\u00edzen\u00ed v Evrop\u011b. \u0160\u00e9f BIS Michal Koudelka s Tenetovou medail\u00ed CIA za spolupr\u00e1ci na rozvracen\u00ed pov\u00e1le\u010dn\u00e9ho upo\u0159\u00e1d\u00e1n\u00ed v Evrop\u011b po roce 1945, aby SSSR a pota\u017emo Rusko bylo nejen v \u010cR vykreslov\u00e1no jako okupant a nikoliv jako osvoboditel v roce 1945<\/figcaption><\/figure>\n<p>Odkud se berou zpravodajsk\u00e9 poh\u00e1dkov\u00e9 hry o dvou rusk\u00fdch \u0161pionech, kte\u0159\u00ed ma\u017eou tuhle \u010dalam\u00e1du na kliku jak\u00e9hosi dovjit\u00e9ho \u0161piona v Salisbury, t\u00e1mhle vyhazuj\u00ed do pov\u011bt\u0159\u00ed \u010desk\u00e9 muni\u010dn\u00ed sklady, a to je\u0161t\u011b nadvakr\u00e1t, proto\u017ee poprv\u00e9 to n\u011bjak nevy\u0161lo jako? Odkud se berou \u0161\u00e9fov\u00e9 \u010desk\u00e9 kontra\u0161pion\u00e1\u017ee, kte\u0159\u00ed v Langley od \u0161\u00e9fky CIA p\u0159eb\u00edraj\u00ed medaile za spolupr\u00e1ci?\u00a0<strong>Pro\u010d se \u010cesko, ob\u011b\u0165 zrady z Mnichova 1938, paktuje s pohrobky nacist\u016f ve st\u00ednov\u00fdch vl\u00e1d\u00e1ch USA a Velk\u00e9 Brit\u00e1nie?<\/strong>\u00a0Pro\u010d v \u010cR doch\u00e1z\u00ed k rehabilitaci Sude\u0165\u00e1k\u016f, jejich odsunu a k oce\u0148ov\u00e1n\u00ed medailemi od Sude\u0165\u00e1k\u016f pro b\u00fdval\u00e9 \u010desk\u00e9 ministry kultury?<\/p>\n<h6><span style=\"font-size: 14pt;\">Rehabilitace nacismu m\u00e1 urychlit snahu globalist\u016f o ustanoven\u00ed nov\u00e9ho sv\u011btov\u00e9ho \u0159\u00e1du, kde \u010dlov\u011bk nebude ob\u010danem, ale de facto v\u011bzn\u011bm pod trval\u00fdm sledov\u00e1n\u00edm a dozorem<\/span><\/h6>\n<p>V\u0161echno to do sebe zapad\u00e1 jako skl\u00e1da\u010dka, do dokonal\u00e9ho obrazu. Nacistick\u00e9 procesy \u0159\u00edzen\u00ed tak maj\u00ed dov\u00e9st sv\u011btovou globalizaci ke kone\u010dn\u00e9mu c\u00edli nasunut\u00ed nov\u00e9ho sv\u011btov\u00e9ho po\u0159\u00e1dku, a to formou n\u00e1sil\u00ed a teroru, kter\u00fd je na 6. priorit\u011b nejrychlej\u0161\u00ed, pokud se prov\u00e1d\u00ed odhodlan\u011b a s obrovskou silou. Je to doslova jako fin\u00e1ln\u00ed tah globalist\u016f na branku, kdy v t\u00e9to f\u00e1zi se pou\u017e\u00edvaj\u00ed procesy na 6. priorit\u011b, proto\u017ee se o\u010dek\u00e1v\u00e1, \u017ee n\u00e1rody jsou ji\u017e va\u0159en\u00e9, zpracovan\u00e9 a nepostav\u00ed se na odpor.<\/p>\n<figure id=\"attachment_48562\" class=\"wp-caption aligncenter\" style=\"width: 607px;\"><a href=\"https:\/\/aeronet.cz\/news\/wp-content\/uploads\/TeckaZaZivotem.jpg\"><img decoding=\"async\" loading=\"lazy\" class=\"wp-image-48562 \" src=\"https:\/\/aeronet.cz\/news\/wp-content\/uploads\/TeckaZaZivotem-1024x520.jpg\" sizes=\"(max-width: 700px) 100vw, 700px\" srcset=\"https:\/\/aeronet.cz\/news\/wp-content\/uploads\/TeckaZaZivotem-1024x520.jpg 1024w, https:\/\/aeronet.cz\/news\/wp-content\/uploads\/TeckaZaZivotem-300x152.jpg 300w, https:\/\/aeronet.cz\/news\/wp-content\/uploads\/TeckaZaZivotem-768x390.jpg 768w, https:\/\/aeronet.cz\/news\/wp-content\/uploads\/TeckaZaZivotem-700x355.jpg 700w, https:\/\/aeronet.cz\/news\/wp-content\/uploads\/TeckaZaZivotem-703x357.jpg 703w, https:\/\/aeronet.cz\/news\/wp-content\/uploads\/TeckaZaZivotem-951x483.jpg 951w, https:\/\/aeronet.cz\/news\/wp-content\/uploads\/TeckaZaZivotem.jpg 1280w\" alt=\"\" width=\"607\" height=\"308\" \/><\/a><figcaption class=\"wp-caption-text\">Te\u010dka za lidsk\u00fdmi pr\u00e1vy a svobodnou spole\u010dnost\u00ed v \u010cR<\/figcaption><\/figure>\n<p>Ano, v takov\u00e9 f\u00e1zi lze proces na 6. priorit\u011b prov\u00e9st, proto\u017ee kde nen\u00ed odpor, tam lze pova\u017eovat procesy \u0159\u00edzen\u00ed na 6. priorit\u011b za zcela nejefektivn\u011bj\u0161\u00ed.\u00a0<strong>Je pot\u0159eba si uv\u011bdomit, \u017ee odpor vznik\u00e1 obvykle tehdy, kdy\u017e \u010dlov\u011bk, jedinec, skupina nebo celek populace ji\u017e nem\u00e1 co ztratit.<\/strong>\u00a0Tam obvykle vznik\u00e1 odpor a odboj, p\u0159i\u010dem\u017e globalist\u00e9 to dob\u0159e v\u011bd\u00ed. Odpor toti\u017e m\u00e1 b\u00fdt zav\u010das pohlcen a pacifikov\u00e1n, a to pr\u00e1v\u011b koncentra\u010dn\u00edmi t\u00e1bory pro odp\u00edra\u010de Total Control. Dokud si n\u00e1rody nes\u00e1hnou a\u017e na dno, ned\u00e1 se bohu\u017eel o\u010dek\u00e1vat \u017e\u00e1dn\u00e1 zm\u011bna, volby, nevolby.<\/p>\n<p>-VK- \u0160\u00e9fredaktor AE News<\/p>\n<p><a href=\"https:\/\/aeronet.cz\/news\/americka-cdc-zahajila-desive-obvolavani-neockovanych-americanu-podle-databaze-neockovanych-osob-aby-se-nechaly-ockovat-anebo-celily-konsekvencim-vzapeti-americke-ministerstvo-zdravotnictvi-vyvesilo\/\">ZDROJ<\/a><\/p>\n<p>&nbsp;<\/p>\n","protected":false},"excerpt":{"rendered":"<p>Americk\u00e1 CDC zah\u00e1jila d\u011bsiv\u00e9 obvol\u00e1v\u00e1n\u00ed neo\u010dkovan\u00fdch Ameri\u010dan\u016f podle datab\u00e1ze neo\u010dkovan\u00fdch osob, aby se nechaly o\u010dkovat,&#8230;<\/p>\n","protected":false},"author":2,"featured_media":5124,"comment_status":"closed","ping_status":"closed","sticky":false,"template":"","format":"standard","meta":[],"categories":[7],"tags":[1037,279,999,36,48,37],"_links":{"self":[{"href":"https:\/\/www.infokuryr.cz\/n\/wp-json\/wp\/v2\/posts\/5123"}],"collection":[{"href":"https:\/\/www.infokuryr.cz\/n\/wp-json\/wp\/v2\/posts"}],"about":[{"href":"https:\/\/www.infokuryr.cz\/n\/wp-json\/wp\/v2\/types\/post"}],"author":[{"embeddable":true,"href":"https:\/\/www.infokuryr.cz\/n\/wp-json\/wp\/v2\/users\/2"}],"replies":[{"embeddable":true,"href":"https:\/\/www.infokuryr.cz\/n\/wp-json\/wp\/v2\/comments?post=5123"}],"version-history":[{"count":0,"href":"https:\/\/www.infokuryr.cz\/n\/wp-json\/wp\/v2\/posts\/5123\/revisions"}],"wp:featuredmedia":[{"embeddable":true,"href":"https:\/\/www.infokuryr.cz\/n\/wp-json\/wp\/v2\/media\/5124"}],"wp:attachment":[{"href":"https:\/\/www.infokuryr.cz\/n\/wp-json\/wp\/v2\/media?parent=5123"}],"wp:term":[{"taxonomy":"category","embeddable":true,"href":"https:\/\/www.infokuryr.cz\/n\/wp-json\/wp\/v2\/categories?post=5123"},{"taxonomy":"post_tag","embeddable":true,"href":"https:\/\/www.infokuryr.cz\/n\/wp-json\/wp\/v2\/tags?post=5123"}],"curies":[{"name":"wp","href":"https:\/\/api.w.org\/{rel}","templated":true}]}}