{"id":5114,"date":"2021-10-01T06:01:47","date_gmt":"2021-10-01T04:01:47","guid":{"rendered":"http:\/\/www.infokuryr.cz\/n\/?p=5114"},"modified":"2021-10-01T06:01:47","modified_gmt":"2021-10-01T04:01:47","slug":"smrt-20lete-slovinsko-zastavilo-ockovani-johnsonem","status":"publish","type":"post","link":"https:\/\/www.infokuryr.cz\/n\/2021\/10\/01\/smrt-20lete-slovinsko-zastavilo-ockovani-johnsonem\/","title":{"rendered":"Smrt 20let\u00e9: Slovinsko zastavilo o\u010dkov\u00e1n\u00ed Johnsonem"},"content":{"rendered":"<div id=\"fb-root\"><\/div>\n<p>Slovinsko zastavilo o\u010dkov\u00e1n\u00ed vakc\u00ednou Johnson. Po o\u010dkov\u00e1n\u00ed i p\u0159es ve\u0161kerou nemocni\u010dn\u00ed p\u00e9\u010di zem\u0159ela 20-let\u00e1 \u017eena. Byla svol\u00e1na o\u010dkovac\u00ed komise na pro\u0161et\u0159en\u00ed souvislosti s o\u010dkov\u00e1n\u00edm.<\/p>\n<p><strong><span>Po podez\u0159en\u00ed na o\u010dkov\u00e1n\u00ed covid-19 v souvislosti se smrt\u00ed mlad\u00e9 pacientky vyzvalo ministerstvo zdravotnictv\u00ed NIJZ, aby podle n\u00e1vrhu poradn\u00ed skupiny pro o\u010dkov\u00e1n\u00ed NIJZ pozastavilo o\u010dkov\u00e1n\u00ed vakc\u00ednou Janssen.<\/span><\/strong><\/p>\n<p><span>Mlad\u00e1 \u017eena, kter\u00e1 se od pond\u011bl\u00ed l\u00e9\u010dila na univerzitn\u00ed klinice v Lublani, zem\u0159ela ve st\u0159edu r\u00e1no.\u00a0<\/span><span>Jej\u00ed stav byl okam\u017eit\u011b uzn\u00e1n jako \u017eivotu ohro\u017euj\u00edc\u00ed. <\/span><span>Pacientka m\u011bla krevn\u00ed sra\u017eeniny v mozku a mozkov\u00e9 krv\u00e1cen\u00ed. <\/span><span>P\u0159es ve\u0161ker\u00e9 l\u00e9ka\u0159sk\u00e9 \u00fasil\u00ed se jej\u00ed stav nezlep\u0161il, \u0159ekl l\u00e9ka\u0159.<\/span><\/p>\n<p><a href=\"https:\/\/www.krone.at\/2519387\">ZDROJ<\/a><\/p>\n","protected":false},"excerpt":{"rendered":"<p>Slovinsko zastavilo o\u010dkov\u00e1n\u00ed vakc\u00ednou Johnson. Po o\u010dkov\u00e1n\u00ed i p\u0159es ve\u0161kerou nemocni\u010dn\u00ed p\u00e9\u010di zem\u0159ela 20-let\u00e1 \u017eena&#8230;.<\/p>\n","protected":false},"author":2,"featured_media":4447,"comment_status":"closed","ping_status":"closed","sticky":false,"template":"","format":"standard","meta":[],"categories":[7],"tags":[510,619,474,46],"_links":{"self":[{"href":"https:\/\/www.infokuryr.cz\/n\/wp-json\/wp\/v2\/posts\/5114"}],"collection":[{"href":"https:\/\/www.infokuryr.cz\/n\/wp-json\/wp\/v2\/posts"}],"about":[{"href":"https:\/\/www.infokuryr.cz\/n\/wp-json\/wp\/v2\/types\/post"}],"author":[{"embeddable":true,"href":"https:\/\/www.infokuryr.cz\/n\/wp-json\/wp\/v2\/users\/2"}],"replies":[{"embeddable":true,"href":"https:\/\/www.infokuryr.cz\/n\/wp-json\/wp\/v2\/comments?post=5114"}],"version-history":[{"count":0,"href":"https:\/\/www.infokuryr.cz\/n\/wp-json\/wp\/v2\/posts\/5114\/revisions"}],"wp:featuredmedia":[{"embeddable":true,"href":"https:\/\/www.infokuryr.cz\/n\/wp-json\/wp\/v2\/media\/4447"}],"wp:attachment":[{"href":"https:\/\/www.infokuryr.cz\/n\/wp-json\/wp\/v2\/media?parent=5114"}],"wp:term":[{"taxonomy":"category","embeddable":true,"href":"https:\/\/www.infokuryr.cz\/n\/wp-json\/wp\/v2\/categories?post=5114"},{"taxonomy":"post_tag","embeddable":true,"href":"https:\/\/www.infokuryr.cz\/n\/wp-json\/wp\/v2\/tags?post=5114"}],"curies":[{"name":"wp","href":"https:\/\/api.w.org\/{rel}","templated":true}]}}