{"id":51106,"date":"2024-04-05T00:50:22","date_gmt":"2024-04-04T22:50:22","guid":{"rendered":"https:\/\/www.infokuryr.cz\/n\/?p=51106"},"modified":"2024-04-04T18:31:11","modified_gmt":"2024-04-04T16:31:11","slug":"raketova-salva-ze-syrie-miri-na-izraelem-okupovane-golanske-vysiny","status":"publish","type":"post","link":"https:\/\/www.infokuryr.cz\/n\/2024\/04\/05\/raketova-salva-ze-syrie-miri-na-izraelem-okupovane-golanske-vysiny\/","title":{"rendered":"Raketov\u00e1 salva ze S\u00fdrie m\u00ed\u0159\u00ed na Izraelem okupovan\u00e9 Golansk\u00e9 v\u00fd\u0161iny"},"content":{"rendered":"<div id=\"fb-root\"><\/div>\n<p><strong><span>Raketov\u00e1 salva byla \u00fadajn\u011b odp\u00e1lena ze S\u00fdrie sm\u011brem na Izraelem okupovan\u00e9 Golansk\u00e9 v\u00fd\u0161iny po\u010d\u00e1tkem 4. dubna, uprost\u0159ed zv\u00fd\u0161en\u00e9ho nap\u011bt\u00ed kv\u016fli ned\u00e1vn\u00e9mu smrt\u00edc\u00edmu izraelsk\u00e9mu \u00fatoku na \u00edr\u00e1nskou ambas\u00e1du v syrsk\u00e9m hlavn\u00edm m\u011bst\u011b Dama\u0161ku.<\/span><\/strong><\/p>\n<p><span>Rakety byly \u00fadajn\u011b odp\u00e1leny z okol\u00ed kopce Al-Jumou, kter\u00fd se nach\u00e1z\u00ed v z\u00e1padn\u00ed krajin\u011b ji\u017en\u00edho guvernor\u00e1tu Daraa.<\/span><\/p>\n<p><span>V osad\u011b Keshet na Golansk\u00fdch v\u00fd\u0161in\u00e1ch jsou aktivov\u00e1ny sir\u00e9ny p\u0159\u00edchoz\u00edch raket. Hebrejsk\u00e1 m\u00e9dia nehl\u00e1sila \u017e\u00e1dn\u00e9 dopady \u00fader\u016f.<\/span><\/p>\n<p><span>Pozd\u011bji r\u00e1no Syrsk\u00e1 observato\u0159 pro lidsk\u00e1 pr\u00e1va, monitorovac\u00ed skupina se s\u00eddlem v Lond\u00fdn\u011b, ozn\u00e1mila, \u017ee izraelsk\u00e9 \u00fadery byly zam\u011b\u0159eny na t\u0159i m\u00edsta mezi Daraa a sousedn\u00edm guvernor\u00e1tem al-Qunitra, kter\u00e9 byly pou\u017eity k odp\u00e1len\u00ed celkem 12 raket na Golansk\u00e9 v\u00fd\u0161iny.\u00a0<\/span><\/p>\n<p><span>Nicm\u00e9n\u011b IDF nehl\u00e1sila \u017e\u00e1dn\u00fd raketov\u00fd \u00fatok na okupovanou oblast ani neohl\u00e1sila \u017e\u00e1dn\u00e9 \u00fadery proti c\u00edl\u016fm v S\u00fdrii.<\/span><\/p>\n<p><span>Raketov\u00e9 \u00fatoky z ji\u017en\u00ed S\u00fdrie proti Golansk\u00fdm v\u00fd\u0161in\u00e1m se staly pravideln\u00fdm jevem po vypuknut\u00ed izraelsk\u00e9 v\u00e1lky v palestinsk\u00e9m p\u00e1smu Gazy.<\/span><\/p>\n<p><span>IDF od za\u010d\u00e1tku v\u00e1lky tak\u00e9 v\u00fdrazn\u011b eskalovaly sv\u00e9 \u00fatoky na S\u00fdrii, zas\u00e1hly syrsk\u00e9 vojensk\u00e9 pozice a zam\u011b\u0159ovaly se na \u010dleny \u00edr\u00e1nsk\u00fdch isl\u00e1msk\u00fdch revolu\u010dn\u00edch gard (IRGC) a jejich p\u0159idru\u017een\u00e9 spole\u010dnosti.<\/span><\/p>\n<p><span>Nejm\u00e9n\u011b 13 bylo zabito p\u0159i izraelsk\u00e9m \u00fatoku 1. dubna na \u00edr\u00e1nskou ambas\u00e1du v Dama\u0161ku. Mezi ob\u011b\u0165mi bylo sedm \u010dlen\u016f IRGC, v\u010detn\u011b dvou vysok\u00fdch velitel\u016f sil Quds, brig\u00e1dn\u00edch gener\u00e1l\u016f Mohammada Rezy Zahediho a jeho z\u00e1stupce Mohammada Hadiho Hajiho Rahimiho.<\/span><\/p>\n<p><span>\u00cdr\u00e1n sl\u00edbil tvrdou reakci na izraelsk\u00fd \u00fatok. Izrael o\u010dek\u00e1v\u00e1 p\u0159\u00edm\u00fd \u00fader proti sv\u00e9mu \u00fazem\u00ed. Nen\u00ed v\u0161ak jasn\u00e9, zda se S\u00fdrie z\u00fa\u010dastn\u00ed \u00edr\u00e1nsk\u00e9 reakce.<\/span><\/p>\n<p><img decoding=\"async\" loading=\"lazy\" class=\"alignnone size-full wp-image-1185\" src=\"http:\/\/www.infokuryr.cz\/n\/wp-content\/uploads\/2021\/04\/kuryr-podpis.png\" alt=\"\" width=\"84\" height=\"24\" \/><\/p>\n<p>&nbsp;<\/p>\n","protected":false},"excerpt":{"rendered":"<p>Raketov\u00e1 salva byla \u00fadajn\u011b odp\u00e1lena ze S\u00fdrie sm\u011brem na Izraelem okupovan\u00e9 Golansk\u00e9 v\u00fd\u0161iny po\u010d\u00e1tkem 4&#8230;.<\/p>\n","protected":false},"author":2,"featured_media":46686,"comment_status":"closed","ping_status":"closed","sticky":false,"template":"","format":"standard","meta":[],"categories":[7],"tags":[6374,107,147],"_links":{"self":[{"href":"https:\/\/www.infokuryr.cz\/n\/wp-json\/wp\/v2\/posts\/51106"}],"collection":[{"href":"https:\/\/www.infokuryr.cz\/n\/wp-json\/wp\/v2\/posts"}],"about":[{"href":"https:\/\/www.infokuryr.cz\/n\/wp-json\/wp\/v2\/types\/post"}],"author":[{"embeddable":true,"href":"https:\/\/www.infokuryr.cz\/n\/wp-json\/wp\/v2\/users\/2"}],"replies":[{"embeddable":true,"href":"https:\/\/www.infokuryr.cz\/n\/wp-json\/wp\/v2\/comments?post=51106"}],"version-history":[{"count":0,"href":"https:\/\/www.infokuryr.cz\/n\/wp-json\/wp\/v2\/posts\/51106\/revisions"}],"wp:featuredmedia":[{"embeddable":true,"href":"https:\/\/www.infokuryr.cz\/n\/wp-json\/wp\/v2\/media\/46686"}],"wp:attachment":[{"href":"https:\/\/www.infokuryr.cz\/n\/wp-json\/wp\/v2\/media?parent=51106"}],"wp:term":[{"taxonomy":"category","embeddable":true,"href":"https:\/\/www.infokuryr.cz\/n\/wp-json\/wp\/v2\/categories?post=51106"},{"taxonomy":"post_tag","embeddable":true,"href":"https:\/\/www.infokuryr.cz\/n\/wp-json\/wp\/v2\/tags?post=51106"}],"curies":[{"name":"wp","href":"https:\/\/api.w.org\/{rel}","templated":true}]}}