{"id":51089,"date":"2024-04-05T00:41:54","date_gmt":"2024-04-04T22:41:54","guid":{"rendered":"https:\/\/www.infokuryr.cz\/n\/?p=51089"},"modified":"2024-04-04T17:48:56","modified_gmt":"2024-04-04T15:48:56","slug":"dopis-anglicane-by-meli-byt-nuceni-prodat-sve-domy-aby-ubytovali-migranty","status":"publish","type":"post","link":"https:\/\/www.infokuryr.cz\/n\/2024\/04\/05\/dopis-anglicane-by-meli-byt-nuceni-prodat-sve-domy-aby-ubytovali-migranty\/","title":{"rendered":"Dopis: Angli\u010dan\u00e9 by m\u011bli b\u00fdt nuceni prodat sv\u00e9 domy, aby ubytovali migranty"},"content":{"rendered":"<div id=\"fb-root\"><\/div>\n<p><strong><span>Nejen v t\u00e9to zemi si politici mus\u00ed uv\u011bdomit, \u017ee opravdu nen\u00ed tolik prostoru pro masy migrant\u016f, kte\u0159\u00ed do zem\u011b vstupuj\u00ed: tak\u00e9 v Anglii je obt\u00ed\u017en\u00e9 ubytovat nov\u00e9 ob\u010dany. Star\u0161\u00ed p\u00e1r hovo\u0159il s tiskem pot\u00e9, co za\u010d\u00e1tkem tohoto roku obdr\u017eel dopis od okresn\u00ed vl\u00e1dy, kter\u00fd je po\u017e\u00e1dal, aby prodali sv\u016fj d\u016fm, aby uvolnili m\u00edsto pro migranty. Vyhro\u017eovali, \u017ee si prodej nemovitosti vynut\u00ed.<\/span><\/strong><\/p>\n<p><span>P\u00e1r v anglick\u00e9m Rushdenu\u00a0<\/span><a href=\"https:\/\/www.dailymail.co.uk\/news\/article-13079637\/Our-council-tried-force-sell-200-000-home-make-room-asylum-seekers-Elderly-couples-horror-strongly-worded-letter-lands-doorstep.html\" target=\"_blank\" rel=\"noreferrer noopener\"><span>byl ohromen<\/span><\/a><span> , kdy\u017e v lednu \u2013 jen p\u00e1r m\u011bs\u00edc\u016f pot\u00e9, co se nast\u011bhovali do jejich nov\u00e9ho domova za 200 000 liber \u2013 obdr\u017eel dopis od okresn\u00ed spr\u00e1vy, v n\u011bm\u017e se ptali na jejich \u201ez\u00e1m\u011bry\u201c ohledn\u011b jejich majetku. Rada North Northamptonshire uvedla, \u017ee existuje d\u016fvod se domn\u00edvat, \u017ee nemovitost je pr\u00e1zdn\u00e1. Spr\u00e1va \u201eidentifikovala voln\u00e9 soukrom\u00e9 nemovitosti jako potenci\u00e1ln\u00ed p\u0159\u00ed\u010dinu \u00fapadku v komunit\u00e1ch a pl\u00fdtv\u00e1n\u00ed zdrojem v dob\u011b vysok\u00e9 popt\u00e1vky po bydlen\u00ed\u201c.<\/span><\/p>\n<p><span>Okam\u017eit\u011b se uk\u00e1zalo, co zp\u016fsobuje vysokou popt\u00e1vku po bydlen\u00ed: do\u0161lo k \u201ev\u00fdrazn\u00e9mu n\u00e1r\u016fstu\u201c kladn\u00fdch imigra\u010dn\u00edch rozhodnut\u00ed ve prosp\u011bch \u017eadatel\u016f o azyl. \u201eP\u0159edev\u0161\u00edm svobodn\u00ed mu\u017ei\u201c by se samoz\u0159ejm\u011b museli n\u011bjak rychle ubytovat, ale vzhledem k rostouc\u00edm n\u00e1jm\u016fm maj\u00ed \u00fa\u0159ady pot\u00ed\u017ee naj\u00edt vhodn\u00e9 ubytov\u00e1n\u00ed pro migranty v\u010das.\u00a0<\/span><strong><span>Proto se nyn\u00ed obrac\u00edme na majitele mo\u017en\u00e1 pr\u00e1zdn\u00fdch dom\u016f, aby sv\u00e9 nemovitosti p\u0159edali \u017eadatel\u016fm o azyl. V\u0161ichni v\u00edme, \u017ee to mezi majiteli dom\u016f nevyvol\u00e1 bou\u0159i nad\u0161en\u00ed \u2013 proto se v dopise v\u00fdhr\u016f\u017en\u011b p\u00ed\u0161e, \u017ee by zastupitelstvo mohlo na nemovitost vydat nucenou kupn\u00ed smlouvu.<\/span><\/strong><\/p>\n<p><span>Zvl\u00e1\u0161\u0165 absurdn\u00ed je fakt, \u017ee takov\u00fd dopis skon\u010dil u b\u00fdval\u00e9ho pe\u010dovatele Jos\u00e9ho (76) a u\u010ditele auto\u0161koly v d\u016fchodu Teda (78), kte\u0159\u00ed d\u016fm koupili, aby pom\u00e1hali s hl\u00edd\u00e1n\u00edm d\u011bt\u00ed jejich vnu\u010dky, v\u017edy\u0165 jejich majetek v \u017e\u00e1dn\u00e9m p\u0159\u00edpad\u011b nen\u00ed pr\u00e1zdn\u00fd. Oba se obr\u00e1tili na radu a po\u017eadovali vysv\u011btlen\u00ed. Kr\u00e1tce pot\u00e9 p\u0159i\u0161el omluvn\u00fd dopis, \u017ee majetek man\u017eel\u016f byl \u0161patn\u011b ozna\u010den pro p\u0159\u00edpadnou nucenou koupi.<\/span><\/p>\n<p><span>To samoz\u0159ejm\u011b ne\u010din\u00ed tyto pr\u016fvodn\u00ed dopisy o nic m\u00e9n\u011b skand\u00e1ln\u00edmi. \u201eCo proboha ta rada d\u011bl\u00e1, \u017ee nut\u00ed lidi prod\u00e1vat sv\u00e9 domy \u2013 a dokonce i pr\u00e1zdn\u00fd d\u016fm n\u011bkomu pat\u0159\u00ed \u2013 aby v nich mohli bydlet \u017eadatel\u00e9 o azyl?\u00a0<\/span><strong><span>Odpov\u011bd\u00ed na to je p\u0159edev\u0161\u00edm zabr\u00e1nit jim v p\u0159\u00edchodu, ne vyh\u00e1n\u011bt lidi z jejich domov\u016f!\u201c komentoval Jose\u00a0<\/span><\/strong><strong><span>podle Daily Mail.<\/span><\/strong><\/p>\n<h3 id=\"h-fur-migranten-scheint-unbegrenzt-geld-vorhanden-zu-sein\" class=\"wp-block-heading\"><span style=\"font-size: 18pt;\">Zd\u00e1 se, \u017ee pro migranty je k dispozici neomezen\u00e9 mno\u017estv\u00ed pen\u011bz<\/span><\/h3>\n<p><span>V\u00fdbu\u0161n\u00e9: Rada North Northamptonshire je pova\u017eov\u00e1na za t\u00e9m\u011b\u0159 zkrachovalou, jak pro m\u00e9dium poznamenal spolup\u0159edseda Reformn\u00ed UK Party Ben Habib. P\u0159esto cht\u011bj\u00ed utratit 200 000 britsk\u00fdch liber za d\u016fm pro ubytov\u00e1n\u00ed migrant\u016f. Podle Habiba se v dom\u011b mohli ubytovat \u010dty\u0159i lid\u00e9.<\/span><\/p>\n<p><span>Sama rada \u0159\u00edk\u00e1, \u017ee cht\u011bj\u00ed jen \u201epodpo\u0159it\u201c majitele dom\u016f, aby jejich majetek ji\u017e nebyl pr\u00e1zdn\u00fd. Proto jsou tyto dopisy zas\u00edl\u00e1ny majitel\u016fm dom\u016f, kter\u00e9 nemus\u00ed b\u00fdt aktu\u00e1ln\u011b vyu\u017e\u00edv\u00e1ny.\u00a0<\/span><strong><span>Povinn\u00e9 v\u00fdkupy (tzv. povinn\u00e9 n\u00e1kupy) jsou posledn\u00ed mo\u017enost\u00ed, jak pr\u00e1zdn\u00e9 nemovitosti \u201ep\u0159edstavuj\u00edc\u00ed cenn\u00fd a nal\u00e9hav\u011b pot\u0159ebn\u00fd zdroj bydlen\u00ed\u201c znovu vyu\u017e\u00edt. A to v\u0161e proti v\u016fli majitel\u016f.<\/span><\/strong><span> Skute\u010dnost, \u017ee politici toto \u0161\u00edlenstv\u00ed neuzn\u00e1vaj\u00ed a m\u00edsto toho ho ospravedl\u0148uj\u00ed, p\u016fsob\u00ed groteskn\u011b.<\/span><\/p>\n<p><span>Pokud budou lid\u00e9 vyvlastn\u011bni, aby se migranti mohli nast\u011bhovat do jejich domov\u016f, pravd\u011bpodobn\u011b vybuchnou posledn\u00ed \u017ealostn\u00e9 zbytky akceptace masov\u00e9 migrace. Tak\u00e9 v N\u011bmecku socialist\u00e9 opakovan\u011b po\u017eaduj\u00ed, aby star\u0161\u00ed lid\u00e9 opustili sv\u00e9 domy a byty, aby uvolnili m\u00edsto pro nov\u00e9 ob\u010dany a \u201emlad\u00e9 rodiny\u201c. \u017de by se to mohlo v budoucnu prosadit, ukazuj\u00ed p\u0159\u00edpady, kdy byli lid\u00e9, kte\u0159\u00ed zde \u017eij\u00ed del\u0161\u00ed dobu,\u00a0<\/span><a href=\"https:\/\/report24.news\/loerrach-mieter-werden-aus-wohnungen-geworfen-damit-fluechtlinge-einziehen-koennen\/\"><span>vyhozeni na ulici<\/span><\/a><span>\u00a0, aby jim migranti m\u00edsto toho zabrali byty. Dokonce i ti, kte\u0159\u00ed pot\u0159ebuj\u00ed p\u00e9\u010di, byli nyn\u00ed vyhozeni z domov\u016f,\u00a0<\/span><a href=\"https:\/\/report24.news\/berlin-kirchenstift-wirft-pflegebeduerftige-senioren-raus-damit-fluechtlinge-einziehen-koennen\/\"><span>aby se tam mohli nast\u011bhovat \u201euprchl\u00edci\u201c.<\/span><\/a><span>\u00a0Ale kdo by cht\u011bl \u017e\u00edt v zemi, kde s v\u00e1mi zach\u00e1zej\u00ed jako s druho\u0159ad\u00fdm ob\u010danem, vytla\u010duj\u00ed v\u00e1s a nakonec vyvlast\u0148uj\u00ed?<\/span><\/p>\n<p><img decoding=\"async\" loading=\"lazy\" class=\"alignnone size-full wp-image-1185\" src=\"http:\/\/www.infokuryr.cz\/n\/wp-content\/uploads\/2021\/04\/kuryr-podpis.png\" alt=\"\" width=\"84\" height=\"24\" \/><\/p>\n<p>&nbsp;<\/p>\n","protected":false},"excerpt":{"rendered":"<p>Nejen v t\u00e9to zemi si politici mus\u00ed uv\u011bdomit, \u017ee opravdu nen\u00ed tolik prostoru pro masy&#8230;<\/p>\n","protected":false},"author":2,"featured_media":51090,"comment_status":"closed","ping_status":"closed","sticky":false,"template":"","format":"standard","meta":[],"categories":[7],"tags":[4099,591,119,303],"_links":{"self":[{"href":"https:\/\/www.infokuryr.cz\/n\/wp-json\/wp\/v2\/posts\/51089"}],"collection":[{"href":"https:\/\/www.infokuryr.cz\/n\/wp-json\/wp\/v2\/posts"}],"about":[{"href":"https:\/\/www.infokuryr.cz\/n\/wp-json\/wp\/v2\/types\/post"}],"author":[{"embeddable":true,"href":"https:\/\/www.infokuryr.cz\/n\/wp-json\/wp\/v2\/users\/2"}],"replies":[{"embeddable":true,"href":"https:\/\/www.infokuryr.cz\/n\/wp-json\/wp\/v2\/comments?post=51089"}],"version-history":[{"count":1,"href":"https:\/\/www.infokuryr.cz\/n\/wp-json\/wp\/v2\/posts\/51089\/revisions"}],"predecessor-version":[{"id":51091,"href":"https:\/\/www.infokuryr.cz\/n\/wp-json\/wp\/v2\/posts\/51089\/revisions\/51091"}],"wp:featuredmedia":[{"embeddable":true,"href":"https:\/\/www.infokuryr.cz\/n\/wp-json\/wp\/v2\/media\/51090"}],"wp:attachment":[{"href":"https:\/\/www.infokuryr.cz\/n\/wp-json\/wp\/v2\/media?parent=51089"}],"wp:term":[{"taxonomy":"category","embeddable":true,"href":"https:\/\/www.infokuryr.cz\/n\/wp-json\/wp\/v2\/categories?post=51089"},{"taxonomy":"post_tag","embeddable":true,"href":"https:\/\/www.infokuryr.cz\/n\/wp-json\/wp\/v2\/tags?post=51089"}],"curies":[{"name":"wp","href":"https:\/\/api.w.org\/{rel}","templated":true}]}}