{"id":50982,"date":"2024-04-03T05:58:54","date_gmt":"2024-04-03T03:58:54","guid":{"rendered":"https:\/\/www.infokuryr.cz\/n\/?p=50982"},"modified":"2024-04-03T05:58:54","modified_gmt":"2024-04-03T03:58:54","slug":"michael-svatos-putin-letos-zabere-celou-levobrezni-ukrajinu","status":"publish","type":"post","link":"https:\/\/www.infokuryr.cz\/n\/2024\/04\/03\/michael-svatos-putin-letos-zabere-celou-levobrezni-ukrajinu\/","title":{"rendered":"Michael Svato\u0161: Putin letos zabere celou \u201cLevob\u0159e\u017en\u00ed Ukrajinu\u201d!"},"content":{"rendered":"<div id=\"fb-root\"><\/div>\n<p><span style=\"font-size: 14pt; color: #993366;\"><strong>Putin letos zabere celou \u201cLevob\u0159e\u017en\u00ed Ukrajinu\u201d! P\u0159\u00edpravy na nejv\u011bt\u0161\u00ed ruskou ofenz\u00edvu od slavn\u00e9ho osvobozen\u00ed Prahy fini\u0161uj\u00ed! Washington u\u017e ozn\u00e1mil, \u017ee v \u017e\u00e1dn\u00e9m p\u0159\u00edpad\u011b \u017e\u00e1dn\u00fd US sold\u00e1t nep\u0159ijde Kyjevu na pomoc!<\/strong><\/span><\/p>\n<div class=\"entry-content\">\n<div id=\"attachment_9977\" class=\"wp-caption aligncenter\" style=\"width: 906px;\"><img decoding=\"async\" loading=\"lazy\" class=\" wp-image-9977\" src=\"https:\/\/www.michalapetr.com\/wp-content\/uploads\/2024\/04\/photo_2024-04-03_02-51-16.jpg\" sizes=\"(max-width: 1005px) 100vw, 1005px\" srcset=\"https:\/\/www.michalapetr.com\/wp-content\/uploads\/2024\/04\/photo_2024-04-03_02-51-16.jpg 1179w, https:\/\/www.michalapetr.com\/wp-content\/uploads\/2024\/04\/photo_2024-04-03_02-51-16-300x167.jpg 300w, https:\/\/www.michalapetr.com\/wp-content\/uploads\/2024\/04\/photo_2024-04-03_02-51-16-1030x575.jpg 1030w, https:\/\/www.michalapetr.com\/wp-content\/uploads\/2024\/04\/photo_2024-04-03_02-51-16-768x429.jpg 768w, https:\/\/www.michalapetr.com\/wp-content\/uploads\/2024\/04\/photo_2024-04-03_02-51-16-705x393.jpg 705w, https:\/\/www.michalapetr.com\/wp-content\/uploads\/2024\/04\/photo_2024-04-03_02-51-16-450x251.jpg 450w\" alt=\"\" width=\"906\" height=\"506\" aria-describedby=\"caption-attachment-9977\" \/><\/p>\n<p id=\"caption-attachment-9977\" class=\"wp-caption-text\"><em>Pravoslavn\u00e9 Ikony napln\u011bn\u00e9 trhavinou se m\u011bly podle FSB p\u0159epravovat z Ukrajiny p\u0159es Slovensko a \u010cesko do Litvy a potom do Ruska! Ukrajinsk\u00e1 tajn\u00e1 slu\u017eba s nimi cht\u011bla vyhazovat do vzduchu rusk\u00e9 chr\u00e1my i s v\u011b\u0159\u00edc\u00edmi!<\/em><\/p>\n<\/div>\n<p>Ob\u010dan\u00e9 SSSR se s v\u00fdjimkou Banderovc\u016f a\u00a0<a href=\"https:\/\/cs.wikipedia.org\/wiki\/Baltov%C3%A9\">Balt\u016f<\/a>\u00a0 celou II. sv\u011btovou v\u00e1lku t\u011b\u0161ili, \u017ee a\u017e dobudou Berl\u00edn, chyt\u00ed Hitlera, zav\u0159ou ho do klece, a budou ho vystavovat v moskevsk\u00e9 ZOO. Nen\u00e1vist plod\u00ed nen\u00e1vist, ne\u0159\u00edk\u00e1 se nadarmo.\u00a0<a href=\"https:\/\/t.me\/swodki\/365015\">V\u010dera rusk\u00e1 m\u00e9dia zve\u0159ejnila<\/a>, \u017ee ukrajinsk\u00e1 tajn\u00e1 slu\u017eba chystala proti rusk\u00fdm civilist\u016fm a d\u011btem dal\u0161\u00ed z\u00e1ke\u0159n\u00e9 teroristick\u00e9 \u00fatoky. Podle zaji\u0161t\u011bn\u00fdch d\u016fkaz\u016f a p\u0159izn\u00e1n\u00ed zat\u010den\u00fdch terorist\u016f Ukrajinci pl\u00e1novali rozm\u00edstit v rusk\u00fdch pravoslavn\u00fdch kostelech svat\u00e9 ikony napln\u011bn\u00e9 trhavinou, a v p\u0159\u00edhodn\u00fd okam\u017eik je i s v\u011b\u0159\u00edc\u00edmi Rusy odp\u00e1lit do vzduchu. Sou\u010dasn\u011b s odhalen\u00edm,\u00a0<a href=\"https:\/\/topwar.ru\/239522-zapadnaja-pressa-vyrazhaet-obespokoennost-trebovanijami-rossii-o-vydache-glavy-sbu-maljuka.html\">za\u010dalo Rusko po\u017eadovat vyd\u00e1n\u00ed hlavy ukrajinsk\u00e9 tajn\u00e9 slu\u017eby SBU<\/a>\u00a0gener\u00e1la Vasilije Maljuka, kter\u00fd se \u201cblbec\u201d ve\u0159ejn\u011b v m\u00e9di\u00edch chv\u00e1stal, kolik teroristick\u00fdch \u00fatok\u016f u\u017e v Rusku zorganizoval, a\u00a0<a href=\"https:\/\/cs.topwar.ru\/218681-prezident-rossii-nagradil-pisatelja-zahara-prilepina-ordenom-muzhestva.html\">kolik civilist\u016f u\u017e nechal vyh\u00e1zet do vzduchu<\/a>. Pro dal\u0161\u00ed v\u00fdvoj v\u00e1lky nen\u00ed a\u017e tak d\u016fle\u017eit\u00e9, zda ikony nechala vyrobit SBU, aby jimi z\u00e1ke\u0159n\u011b vra\u017edila Rusy, a nebo FSB, aby podle star\u00e9ho manu\u00e1lu\u00a0<a href=\"https:\/\/de.wikipedia.org\/wiki\/Alfred_Naujocks\">operace Gleiwitz<\/a>\u00a0p\u0159edhodila Rus\u016fm d\u016fkazy, \u010deho v\u0161eho jsou Ukrajinci schopni. Zve\u0159ejn\u011bn\u00ed \u201czachycen\u00ed\u201d teroristick\u00fdch ikon SBU ruskou tajnou slu\u017ebou FSB toti\u017e jasn\u011b ukazuje na podstatn\u00e9 \u2013 Rusov\u00e9 si v\u0161echny teroristick\u00e9 \u00fatoky, kter\u00e9 na n\u011b byly v uplynul\u00fdch letech z Ukrajiny organizov\u00e1ny, hodlaj\u00ed s \u201ckyjevsk\u00fdmi nacisty\u201d nejen tvrd\u011b vy\u0159\u00eddit. Ale hlavn\u011b jich vyu\u017e\u00edt k od\u016fvodn\u011bn\u00ed sv\u00e9 nadch\u00e1zej\u00edc\u00ed nemilosrdn\u00e9 letn\u00ed v\u00e1le\u010dn\u00e9 kampan\u011b, na kterou se pr\u00e1v\u011b intenzivn\u011b p\u0159ipravuj\u00ed.<\/p>\n<p>Tak\u0159ka v\u0161ichni ru\u0161t\u00ed \u201cmilibloge\u0159i\u201d a \u201cgau\u010dov\u00ed gener\u00e1lov\u00e9\u201d se od l\u00e9ta 2022 neust\u00e1le roz\u010dilovali, \u017ee Putin, \u0160ojgu a Gerasimov nejsou schopni rozbo\u0159it mosty p\u0159es Dn\u011bpr, kter\u00fdch je jako \u0161afr\u00e1nu, a bez nich\u017e by ukrajinsk\u00e1 vojska nemohla b\u00fdt na lev\u00e9m b\u0159ehu Dn\u011bpru ani z\u00e1sobov\u00e1na, ani dopl\u0148ov\u00e1na, a Rusov\u00e9 by s nimi m\u011bli snadnou pr\u00e1ci. Z\u00e1padn\u00ed m\u00e9dia a v\u0161eobecnou hloupost\u00ed vyhl\u00e1\u0161en\u00ed gener\u00e1lov\u00e9 NATO zase zasv\u011bcen\u011b tvrdili, \u017ee Rusov\u00e9 bo\u0159it mosty neum\u00ed, proto\u017ee je bu\u010f raketami netref\u00ed, a nebo se boj\u00ed ztratit drahocenn\u00e1 letadla p\u0159i jejich bombardov\u00e1n\u00ed. Tak\u0159ka nikdo nepochopil, co ur\u010dit\u011b nejchyt\u0159ej\u0161\u00ed gener\u00e1l sou\u010dasn\u00e9ho sv\u011bta Gerasimov s je\u0161t\u011b chyt\u0159ej\u0161\u00edm Putinem vlastn\u011b pl\u00e1novali. Proto\u017ee po\u010dty rusk\u00e9 arm\u00e1dy neumo\u017e\u0148ovaly v letech 2022\/23 prov\u00e1d\u011bt masivn\u00ed operace s c\u00edlem ovl\u00e1dnout velk\u00e9 \u00fazem\u00ed, soust\u0159edila se rusk\u00e1 arm\u00e1da na zni\u010den\u00ed ukrajinsk\u00e9 arm\u00e1dy tam, kde to pro ni bylo nejv\u00fdhodn\u011bj\u0161\u00ed \u2013 na Donbase. A rusk\u00e9 hospod\u00e1\u0159stv\u00ed zat\u00edm \u0161turmovala svou p\u0159estavbu na v\u00e1le\u010dnou ekonomiku vyr\u00e1b\u011bj\u00edc\u00ed zbran\u011b v dostate\u010dn\u00e9m po\u010dtu, aby po\u010detn\u00ed stavy arm\u00e1dy bylo mo\u017en\u00e9 nav\u00fd\u0161it.<\/p>\n<p>Hloup\u00ed Ukrajinci \u0161tvan\u00ed je\u0161t\u011b hloup\u011bj\u0161\u00edmi z\u00e1padn\u00edmi gener\u00e1ly a politiky si nab\u011bhli do Gerasimovy pasti a sv\u00e9 nejlep\u0161\u00ed voj\u00e1ky nahnaly do masov\u00e9 \u0159e\u017ee na kr\u00e1tk\u00e9 front\u011b od Dn\u011bpru do Donbasu. Skon\u010dilo to p\u0159esn\u011b, jak u\u010d\u00ed d\u011bjiny. Mnohokr\u00e1t palebn\u011b slab\u0161\u00ed Ukrajinci dostali v\u00fdprask, jejich arm\u00e1da utrp\u011bla drastick\u00e9 ztr\u00e1ty, kter\u00e9 mal\u00e1 ukrajinsk\u00e1 populace nen\u00ed schopn\u00e1 nahradit. Masivn\u00ed ztr\u00e1ty Ukrajinc\u016f na boji\u0161ti, kter\u00e9 sv\u00fdm charakterem p\u0159esn\u011b vyhovovalo Gerasimov\u00fdm z\u00e1m\u011br\u016fm \u2013 pustit Ukrajinc\u016fm \u017eilou \u2013 kyjevskou soldatesku p\u0159ipravily nejen o tak\u0159ka v\u0161echna vlastn\u00ed d\u011bla, tanky a obrn\u011bn\u00e1 vozidla, ale i o v\u011bt\u0161inu z\u00e1padn\u00edch zbran\u00ed. Zat\u00edmco ukrajinsk\u00e9 jednotky vykrv\u00e1cely v marn\u00e9m boji s\u00a0 mnohon\u00e1sobnou ruskou p\u0159esilou v palebn\u00e9 s\u00edle a ve schopnosti v\u0161e zni\u010dit, Gerasimov sv\u00e9 jednotky trp\u011bliv\u011b dopl\u0148oval o \u010derstvou krev, \u0160ojgu zorganizoval st\u00e1le rostouc\u00ed tok tank\u016f, d\u011bl a dron\u016f na frontu, a Putin se sv\u00fdmi agenty a diplomaty trp\u011bliv\u011b p\u0159ipravoval politickou p\u016fdu pro kone\u010dn\u00fd \u00fader. \u010cekalo se na okam\u017eik, kdy z\u00e1padn\u00ed ve\u0159ejnost pochop\u00ed, \u017ee v\u00e1lka je drah\u00e1 a Z\u00e1pad na n\u00ed nem\u00e1 zdroje, a ukrajinsk\u00e1 v\u00e1le\u010dn\u00e1 mor\u00e1lka se v d\u016fsledku enormn\u00edch ztr\u00e1t utrp\u011bn\u00fdch za dosa\u017een\u00ed nulov\u00e9ho v\u00fdsledku na front\u011b rozpadne. A ten okam\u017eik pr\u00e1v\u011b nastal!<\/p>\n<p><a href=\"https:\/\/stranapro.cz\/\"><img decoding=\"async\" loading=\"lazy\" class=\"alignnone  wp-image-40285 aligncenter\" src=\"http:\/\/www.infokuryr.cz\/n\/wp-content\/uploads\/2023\/11\/11pro-300x79.png\" alt=\"\" width=\"687\" height=\"181\" srcset=\"https:\/\/www.infokuryr.cz\/n\/wp-content\/uploads\/2023\/11\/11pro-300x79.png 300w, https:\/\/www.infokuryr.cz\/n\/wp-content\/uploads\/2023\/11\/11pro.png 363w\" sizes=\"(max-width: 687px) 100vw, 687px\" \/><\/a><\/p>\n<p>P\u0159ed n\u011bkolika dny se Rusov\u00e9 za\u010dali v m\u00e9di\u00edch chv\u00e1lit, \u017ee zah\u00e1jili v\u00fdrobu klouzav\u00fdch bomb FAB-3000. Ukrajinsk\u00e1 arm\u00e1da je p\u0159itom u\u017e te\u010f zpanika\u0159en\u00e1 kluz\u00e1kov\u00fdmi bombami FAB-1500, 500 a 250, kter\u00e9 na ni pr\u0161\u00ed z rusk\u00fdch letadel tempem 100 bomb denn\u011b. Podivn\u00fd je ov\u0161em \u00fa\u010del bomb FAB 3000. O polovinu leh\u010d\u00ed bomba FAB-1500 v\u00e1\u017e\u00ed 1.5 tuny a spolehliv\u011b zni\u010d\u00ed ka\u017ed\u00fd ukrajinsk\u00fd bunkr v p\u0159ifrontov\u00e9m p\u00e1smu, a jakoukoli betonem chr\u00e1n\u011bnou ukrajinskou turb\u00ednu. K \u010demu tedy dvojn\u00e1sobnou bombu?!<\/p>\n<p><a href=\"https:\/\/www.vhu.cz\/vystava-nicitele-prehrad-v-muzeu-raf-na-vlastni-oci-usi-i-kuzi\/\">Britsk\u00e9 letectvo u\u017e p\u0159ed druhou sv\u011btovou v\u00e1lkou let usilovn\u011b \u0159e\u0161ilo<\/a>, jak by N\u011bmc\u016fm dok\u00e1zalo rozbombardovat tzv. Ruhrsk\u00e9 vodn\u00ed p\u0159ehrady, kter\u00e9 dod\u00e1valy n\u011bmeck\u00fdm ocel\u00e1rn\u00e1m elekt\u0159inu a vodu, a bez kter\u00fdch by se ocelov\u00e9 srdce N\u011bmecky zastavilo. \u0158e\u0161en\u00ed p\u0159edstavovaly bomby o v\u00e1ze 3 a\u017e 9 tis\u00edc tun, kter\u00e9 ov\u0161em nedok\u00e1zaly p\u0159ehradn\u00ed hr\u00e1z p\u0159esn\u011b zas\u00e1hnout. Po letech \u00fasil\u00ed se poda\u0159ilo vyvinout po hladin\u011b sk\u00e1kaj\u00edc\u00ed bomby, kter\u00e9 do p\u0159ehrady ude\u0159\u00ed po hladin\u011b, a v roce 1943 se operace zda\u0159ila s p\u0159edpokl\u00e1dan\u00fdm v\u00fdsledkem, N\u011bmecko bylo p\u0159i\u0161lo o zna\u010dnou \u010d\u00e1st sv\u00e9 produkce oceli.<\/p>\n<p>Vzhledem ke smrti tis\u00edc\u016f civilist\u016f p\u0159i \u00fatoc\u00edch na p\u0159ehrady byl v roce 1977 p\u0159ijat k \u017denevsk\u00fdm \u00famluv\u00e1m\u00a0<a href=\"https:\/\/ihl-databases.icrc.org\/en\/ihl-treaties\/api-1977\">dodatek k protokolu I, \u010dl.56<\/a>,\u00a0 kter\u00fd tyto \u00fatoky na p\u0159ehrady zakazuje! Dodatek m\u00e1 ov\u0161em v\u00fdjimku, p\u0159ehrady lze rozbombardovat, jsou-li pou\u017e\u00edv\u00e1ny \u201ck v\u00fdznamn\u00e9 podpo\u0159e vojensk\u00fdch operac\u00ed druh\u00e9 strany, kter\u00e1 je sou\u010d\u00e1st\u00ed p\u0159\u00edm\u00fdch boj\u016f prvn\u00ed strany\u201d. Proto\u017ee ukrajinsk\u00e9 p\u0159ehrady p\u0159es Dn\u011bpr se pou\u017e\u00edvaj\u00ed z\u00e1rove\u0148 jako silni\u010dn\u00ed mosty a p\u0159esuny a z\u00e1sobov\u00e1n\u00ed ukrajinsk\u00fdch vojsk na lev\u00e9m b\u0159ehu se odehr\u00e1vaj\u00ed po jejich hr\u00e1z\u00edch, Rusov\u00e9 je mohou podle vojensk\u00e9ho pr\u00e1va zni\u010dit, bez ohledu na mno\u017estv\u00ed civiln\u00edch ob\u011bt\u00ed, pouze pokud bude sou\u010dasn\u011b v b\u011bhu rusk\u00e1 letn\u00ed ofenz\u00edva sm\u011b\u0159uj\u00edc\u00ed k Dn\u011bpru! A bomba 3000kg je dimenzovan\u00e1 p\u0159esn\u011b podle p\u016fvodn\u00edch britsk\u00fdch propo\u010dt\u016f, aby p\u0159ehradn\u00ed n\u00e1dr\u017e zni\u010dila, a ned\u00e1vn\u00e9 rusk\u00e9 \u00fatoky bombami\u00a0<a href=\"https:\/\/www.kp.ru\/online\/news\/5747182\/\">FAB 1500 na charkovsk\u00e9 elektr\u00e1rny uk\u00e1zaly<\/a>, \u017ee 81 let po britsk\u00e9 operaci Chastise u\u017e net\u0159eba na zni\u010den\u00ed p\u0159ehrady po hladin\u011b sk\u00e1kac\u00edch bomb, proto\u017ee modern\u00ed nav\u00e1d\u011bn\u00e9 klouzav\u00e9 bomby p\u0159ehradn\u00ed t\u011bleso spolehliv\u011b zas\u00e1hnou. Jak vypad\u00e1 \u201cvel\u00edn tepeln\u00e9 elektr\u00e1rny\u201d po z\u00e1sahu ruskou bombou si\u00a0<a href=\"https:\/\/suspilne.media\/719640-u-dtek-pokazali-ak-vigladae-odna-z-teploelektrostancij-pisla-masstabnih-atak-rosian\/\">m\u016f\u017eete prohl\u00e9dnout na tomto ukrajinsk\u00e9m videu<\/a>. 80% ukrajinsk\u00fdch tepeln\u00fdch elektr\u00e1ren stihnul Putin vyp\u00e1lit za p\u00e1r dn\u00ed!<\/p>\n<p>Existuj\u00ed tak t\u0159i relevantn\u00ed d\u016fkazy, \u017ee Putin chyst\u00e1 \u00fatok na Dn\u011bpr a vyhn\u00e1n\u00ed soldatesky z jeho lev\u00e9ho b\u0159ehu: (1) Rusk\u00e1 FSB odhalila spolehliv\u00e9 d\u016fkazy, \u017ee Kyjevsk\u00fd re\u017eim jsou terorist\u00e9, a mus\u00ed b\u00fdt zni\u010deni! (2)<a href=\"https:\/\/topwar.ru\/239635-jeks-analitik-cru-sledujuschim-shagom-rossija-nachnet-unichtozhat-mosty-cherez-dnepr.html\">\u00a0Rusko za\u010dalo vyr\u00e1b\u011bt bombu FAB-3000, kter\u00e1 se hod\u00ed k ni\u010den\u00ed p\u0159ehrad<\/a>. (3) Putin vyhl\u00e1sil, \u017ee je t\u0159eba vytvo\u0159it kolem rusk\u00e9ho \u00fazem\u00ed spolehliv\u00fd sanit\u00e1rn\u00ed kord\u00f3n, a ukrajinsk\u00e1 arm\u00e1da je vy\u010derpan\u00e1, a podle v\u0161ech odhad\u016f se p\u0159i letn\u00ed rusk\u00e9 ofenz\u00edv\u011b zhrout\u00ed.<\/p>\n<p>Nav\u00edc v\u010dera US ministr zahrani\u010d\u00ed Blinken ve francouzsk\u00e9 televizi ozn\u00e1mil, \u017ee na Ukrajin\u011b nebudou rozm\u00edst\u011bni \u017e\u00e1dn\u00ed ameri\u010dt\u00ed voj\u00e1ci \u2013 \u201c<a href=\"https:\/\/www.tf1info.fr\/international\/en-direct-guerre-ukraine-russie-la-situation-aujourd-hui-entre-zelensky-et-poutine-kharviv-adviivka-les-informations-du-mardi-2-avril-2024-2294095.html\">Il n\u2019y aura pas de soldats am\u00e9ricains\u201d!<\/a><\/p>\n<p><a href=\"https:\/\/www.globaltimes.cn\/page\/202404\/1309991.shtml\">A Biden v\u010dera telefonicky prosil Xi, aby se \u010c\u00edna zapojila do hled\u00e1n\u00ed m\u00edrov\u00e9ho kompromisu na Ukrajin\u011b<\/a>, a sliboval na opl\u00e1tku dal\u0161\u00ed ekonomickou spolupr\u00e1ci, a ozn\u00e1mil, \u017ee konkr\u00e9tn\u00ed ekonomick\u00e9 a finan\u010dn\u00ed ot\u00e1zky dal\u0161\u00ed m\u00edrov\u00e9 spolupr\u00e1ce \u010c\u00edny a USA ihned vys\u00edl\u00e1 do Pekingu vysv\u011btlit jak ministra Blinkena, tak ministryni financ\u00ed Yellenovou. A ujistil Xi, \u017ee USA u\u017e v \u017e\u00e1dn\u00e9m p\u0159\u00edpad\u011b nepodporuj\u00ed pokusy Tchajwanc\u016f se od \u010c\u00edny odtrhnout a necht\u011bj\u00ed ani rozvoj \u010c\u00edny nijak zpomalovat.\u00a0<a href=\"https:\/\/kyivindependent.com\/us-not-supporting-enabling-oil\/\">Krom toho Blinken tak\u00e9 ozn\u00e1mil<\/a>, \u017ee USA nepodporuj\u00ed ukrajinsk\u00e9 \u00fatoky na rusk\u00e9 elektr\u00e1rny a rafinerie, jimi\u017e se tamn\u00ed re\u017eim v posledn\u00edch dnech chv\u00e1st\u00e1.<\/p>\n<p>Zd\u00e1 se ta jasn\u00e9, \u017ee Pir\u00e1t Lipavsk\u00fd z\u00edskal dal\u0161\u00ed kandid\u00e1ty na z\u00e1pis do sv\u00e9ho seznamu \u201cbezpe\u010dnostn\u00edch rizik pro \u010cR\u201d. A k Babi\u0161ovi m\u016f\u017ee doplnit \u2013 US prezidenta Bidena, a jeho ministry Blinkena a Yellenovou. Putin pak ur\u010dit\u011b p\u0159ehodnot\u00ed sv\u00e9 dosavadn\u00ed negativn\u00ed hodnocen\u00ed \u010desk\u00e9 fialov\u00e9 vl\u00e1dy a<a href=\"https:\/\/cs.wikipedia.org\/wiki\/Viktor_Medved%C4%8Duk\">\u00a0pov\u011b\u0159\u00ed sv\u00e9ho p\u0159\u00edtele Viktora Medved\u010duka<\/a>, aby n\u011bjak\u00fdm nov\u00fdm, dosud bd\u011bl\u00fdm Koudelkou neodhalen\u00fdm kan\u00e1lem,\u00a0 Pir\u00e1ty a jejich spole\u010dn\u00edky finan\u010dn\u011b podpo\u0159il!<\/p>\n<p><a href=\"https:\/\/www.michalapetr.com\/map-1956-putin-letos-zabere-zabere-celou-levobrezni-ukrajinu-pripravy-na-nejvetsi-ruskou-ofenzivu-od-slavneho-osvobozeni-prahy-finisuji-washington-uz-oznamil-ze-v-zadnem-pripade-zadny-us-soldat\/\">Michael Svato\u0161<\/a><\/p>\n<p><img decoding=\"async\" loading=\"lazy\" class=\"alignnone size-full wp-image-27204\" src=\"http:\/\/www.infokuryr.cz\/n\/wp-content\/uploads\/2023\/05\/Michael_Svatos.png\" alt=\"\" width=\"180\" height=\"180\" srcset=\"https:\/\/www.infokuryr.cz\/n\/wp-content\/uploads\/2023\/05\/Michael_Svatos.png 180w, https:\/\/www.infokuryr.cz\/n\/wp-content\/uploads\/2023\/05\/Michael_Svatos-150x150.png 150w\" sizes=\"(max-width: 180px) 100vw, 180px\" \/><\/p>\n<p>&nbsp;<\/p>\n<\/div>\n","protected":false},"excerpt":{"rendered":"<p>Putin letos zabere celou \u201cLevob\u0159e\u017en\u00ed Ukrajinu\u201d! P\u0159\u00edpravy na nejv\u011bt\u0161\u00ed ruskou ofenz\u00edvu od slavn\u00e9ho osvobozen\u00ed Prahy&#8230;<\/p>\n","protected":false},"author":2,"featured_media":33467,"comment_status":"closed","ping_status":"closed","sticky":false,"template":"","format":"standard","meta":[],"categories":[6],"tags":[1042,2752,102,26],"_links":{"self":[{"href":"https:\/\/www.infokuryr.cz\/n\/wp-json\/wp\/v2\/posts\/50982"}],"collection":[{"href":"https:\/\/www.infokuryr.cz\/n\/wp-json\/wp\/v2\/posts"}],"about":[{"href":"https:\/\/www.infokuryr.cz\/n\/wp-json\/wp\/v2\/types\/post"}],"author":[{"embeddable":true,"href":"https:\/\/www.infokuryr.cz\/n\/wp-json\/wp\/v2\/users\/2"}],"replies":[{"embeddable":true,"href":"https:\/\/www.infokuryr.cz\/n\/wp-json\/wp\/v2\/comments?post=50982"}],"version-history":[{"count":0,"href":"https:\/\/www.infokuryr.cz\/n\/wp-json\/wp\/v2\/posts\/50982\/revisions"}],"wp:featuredmedia":[{"embeddable":true,"href":"https:\/\/www.infokuryr.cz\/n\/wp-json\/wp\/v2\/media\/33467"}],"wp:attachment":[{"href":"https:\/\/www.infokuryr.cz\/n\/wp-json\/wp\/v2\/media?parent=50982"}],"wp:term":[{"taxonomy":"category","embeddable":true,"href":"https:\/\/www.infokuryr.cz\/n\/wp-json\/wp\/v2\/categories?post=50982"},{"taxonomy":"post_tag","embeddable":true,"href":"https:\/\/www.infokuryr.cz\/n\/wp-json\/wp\/v2\/tags?post=50982"}],"curies":[{"name":"wp","href":"https:\/\/api.w.org\/{rel}","templated":true}]}}