{"id":50973,"date":"2024-04-03T04:55:16","date_gmt":"2024-04-03T02:55:16","guid":{"rendered":"https:\/\/www.infokuryr.cz\/n\/?p=50973"},"modified":"2024-04-03T04:55:16","modified_gmt":"2024-04-03T02:55:16","slug":"odebrani-licence-cnn-prima-news-za-totalni-utok-proti-demokratickemu-zrizeni-a-volebni-manipulace","status":"publish","type":"post","link":"https:\/\/www.infokuryr.cz\/n\/2024\/04\/03\/odebrani-licence-cnn-prima-news-za-totalni-utok-proti-demokratickemu-zrizeni-a-volebni-manipulace\/","title":{"rendered":"Odebr\u00e1n\u00ed licence CNN Prima NEWS za tot\u00e1ln\u00ed \u00fatok proti demokratick\u00e9mu z\u0159\u00edzen\u00ed a volebn\u00ed manipulace?"},"content":{"rendered":"<div id=\"fb-root\"><\/div>\n<div class=\"introtext\">\n<p><span style=\"font-size: 18pt; color: #ff0000;\"><strong>CNN Prima NEWS u\u017e p\u0159ekro\u010dila rubikon volebn\u00edch manipulac\u00ed a nejen, \u017ee b\u011bsn\u00ed 7% + voli\u010d\u016f strany PRO, ale \u0161\u00edlen\u00e9 je, \u017ee si toho v\u0161\u00edmaj\u00ed u\u017e i ti, kte\u0159\u00ed by nikdy stranu PRO nevolili!<\/strong><\/span><\/p>\n<\/div>\n<div class=\"fulltext\">\n<p>V\u00e1\u017en\u011b si CNN Prima NEWS m\u016f\u017ee dovolit syst\u00e9m, kter\u00fd byl \u010d\u00e1ste\u010dn\u011b nasazen v USA, kdy za pomoci v\u00fdzkum\u016f, vyml\u010dov\u00e1n\u00ed a obvi\u0148ov\u00e1n\u00ed se Bidenovi poda\u0159ilo porazit Donalda Trumpa?<\/p>\n<p><img decoding=\"async\" loading=\"lazy\" class=\"aligncenter\" src=\"https:\/\/www.skrytapravda.cz\/images\/blogy\/805\/2024\/volby\/Sn%C3%ADmek_obrazovky_10920_a56ea.webp\" alt=\"Sn\u00edmek obrazovky 10920 a56ea\" width=\"882\" height=\"596\" \/><\/p>\n<h2><span style=\"color: #ff0000;\">Co na to \u0159\u00edk\u00e1 CNN Prima NEWS?<\/span><\/h2>\n<p><img decoding=\"async\" loading=\"lazy\" class=\"aligncenter\" src=\"https:\/\/www.skrytapravda.cz\/images\/blogy\/805\/2024\/volby\/383355576_672126691579354_7756308056614223853_n_e7438.webp\" alt=\"383355576 672126691579354 7756308056614223853 n e7438\" width=\"1165\" height=\"536\" \/><\/p>\n<h2><span style=\"color: #ff0000;\">\u00a0Co na to \u0159\u00edk\u00e1 CNN Prima NEWS?<\/span><\/h2>\n<p><img decoding=\"async\" class=\"aligncenter\" src=\"https:\/\/www.skrytapravda.cz\/images\/blogy\/805\/2024\/volby\/dukaz_c1b34.webp\" alt=\"dukaz c1b34\" \/><\/p>\n<h2><span style=\"color: #ff0000;\">V\u00e1clavsk\u00e9 n\u00e1m\u011bst\u00ed 23.3.2024<\/span><\/h2>\n<p>n\u011bkter\u00e9 masm\u00e9dia z 30 000 lid\u00ed ud\u011blaj\u00ed 3000 a z\u00e1b\u011bry je nezaj\u00edmaj\u00ed: Rajchl a strana PRO nesm\u00ed proj\u00edt!<\/p>\n<p><img decoding=\"async\" loading=\"lazy\" class=\"aligncenter\" src=\"https:\/\/www.skrytapravda.cz\/images\/blogy\/805\/2024\/volby\/Sn%C3%ADmek_obrazovky_10913_f0827.webp\" alt=\"Sn\u00edmek obrazovky 10913 f0827\" width=\"991\" height=\"428\" \/><\/p>\n<h2><span style=\"color: #ff0000;\">A lid\u00e9 u\u017e si z toho d\u011blaj\u00ed ve\u0159ejn\u011b legraci (nebo sprost\u011b nad\u00e1vaj\u00ed)<\/span><\/h2>\n<p><img decoding=\"async\" loading=\"lazy\" class=\"aligncenter\" src=\"https:\/\/www.skrytapravda.cz\/images\/blogy\/805\/2024\/volby\/Sn%C3%ADmek_obrazovky_10915_72657.webp\" alt=\"Sn\u00edmek obrazovky 10915 72657\" width=\"721\" height=\"791\" \/><\/p>\n<h2>&#8212;&#8212;&#8212;&#8212;&#8212;&#8212;&#8212;&#8212;&#8212;&#8212;&#8212;&#8212;&#8212;&#8212;&#8212;-<\/h2>\n<h2><span style=\"color: #ff0000;\">Dokonce i Evropsk\u00e9 hodnoty \u017easnou, stejn\u011b jako \u0160lerka, nad pluralitou \u010deskou<\/span><\/h2>\n<p><img decoding=\"async\" class=\"aligncenter\" src=\"https:\/\/www.skrytapravda.cz\/images\/blogy\/805\/2024\/volby\/Sn%C3%ADmek_obrazovky_10919_571bd.webp\" alt=\"Sn\u00edmek obrazovky 10919 571bd\" \/><\/p>\n<p>&nbsp;<\/p>\n<h2><span style=\"color: #ff0000;\">U\u017e ch\u00e1pete, pro\u010d Vidl\u00e1k s Dost\u00e1lem a R\u00e9dovou pr\u00e1skli do bot a hlavn\u011b kam?<\/span><\/h2>\n<p>Najednou ani R\u00e9dov\u00e1 nen\u00ed han\u011bna, najednou je Kone\u010dn\u00e1 skv\u011bl\u00e1 \u017eena, a\u010d do voleb agenta P\u00e1vka &#8211; komunistick\u00e9ho a n\u00e1sledn\u011b antikomunistick\u00e9ho gener\u00e1la se s komunisty nesm\u011blo mluvit a \u010d\u00e1st politik\u016f je cht\u011bla zru\u0161it. A seci\u00e1ln\u00ed s\u00edt\u011b op\u011bt pln\u00ed sv\u011btl\u00e9 z\u00edt\u0159ky, rud\u00e9 \u0161\u00e1tky a pr\u00fd komunistick\u00e1 skv\u011bl\u00e1 doba.<\/p>\n<p>Zd\u00e1 se, \u017ee\u00a0<strong>pro eurobol\u0161eviky jsou komunist\u00e9 p\u0159ijateln\u00ed,<\/strong>\u00a0proto\u017ee v\u011bd\u00ed, \u017ee Kone\u010dn\u00e1 bude hlasovat, jako oni, zat\u00edmco Jind\u0159ich Rajchl a strana PRO je nezkorumpovateln\u00e1.<\/p>\n<p>Pouze je fascinuj\u00edc\u00ed, \u017ee lidem nedocvakne rozptyl 5%. 6%,\u00a0<strong>7% a 0%<\/strong>\u00a0a \u017ee to je mas\u00edrka eurototalismu, aby ovce uv\u011b\u0159ily, \u017ee strana PRO neexistuje a Jind\u0159\u00edch Rajchl je Fata morgana.<\/p>\n<p><img decoding=\"async\" class=\"aligncenter\" src=\"https:\/\/www.skrytapravda.cz\/images\/blogy\/805\/2024\/volby\/Sn%C3%ADmek_obrazovky_10205_7d269.webp\" alt=\"Sn\u00edmek obrazovky 10205 7d269\" \/><\/p>\n<p>N\u011bkte\u0159\u00ed lid\u00e9 nav\u00edc zmaten\u011b tvrd\u00ed, \u017ee Prima je soukrom\u00e1 firma. \u017de si mohou d\u011blat, co cht\u011bj\u00ed. Skute\u010dn\u011b? Mohou adorovat Hitlera, hajlovat atd.? Ne, licenci maj\u00ed na dodr\u017eov\u00e1n\u00ed \u010desk\u00fdch z\u00e1kon\u016f o svobod\u011b a pluralit\u011b politick\u00e9. A toto je tot\u00e1ln\u011b, a\u017e totalitn\u011b poru\u0161ena licence o voln\u00e9 sout\u011b\u017ei politick\u00fdch stran, kdy pouze\u00a0<strong>n\u011bkolik minut dostane ze z\u00e1kona<\/strong>\u00a0ten, kter\u00fd totalitn\u00edmu masm\u00e9diu nevyhovuje!<\/p>\n<p><span style=\"font-size: 14pt;\"><strong>Jak se m\u00e1 voli\u010d svobodn\u011b rozhodnout, kdy\u017e je n\u011bkdo medi\u00e1ln\u011b vygumov\u00e1n jako V\u00e1clav Havel v dob\u011b komunistick\u00e9 totality? (<\/strong><em>Co\u017e je fakt, a\u0165 jste ho m\u011bli, \u010di nem\u011bli r\u00e1di<\/em><strong>) Tak\u017ee totalita jede ve stejn\u00e9m re\u017eimu, jako do roku 1989?<\/strong><\/span><\/p>\n<p><a href=\"https:\/\/www.skrytapravda.cz\/z-domova\/1822-odebrani-licence-cnn-prima-news-za-totalni-utok-proti-demokratickemu-zrizeni-a-poru\">Petr Pokorn\u00fd<\/a><\/p>\n<\/div>\n<p>&nbsp;<\/p>\n<p><a href=\"https:\/\/stranapro.cz\/\"><img decoding=\"async\" loading=\"lazy\" class=\"alignnone  wp-image-40286 aligncenter\" src=\"http:\/\/www.infokuryr.cz\/n\/wp-content\/uploads\/2023\/11\/12pro-300x87.png\" alt=\"\" width=\"935\" height=\"271\" srcset=\"https:\/\/www.infokuryr.cz\/n\/wp-content\/uploads\/2023\/11\/12pro-300x87.png 300w, https:\/\/www.infokuryr.cz\/n\/wp-content\/uploads\/2023\/11\/12pro.png 366w\" sizes=\"(max-width: 935px) 100vw, 935px\" \/><\/a><\/p>\n<p>&nbsp;<\/p>\n","protected":false},"excerpt":{"rendered":"<p>CNN Prima NEWS u\u017e p\u0159ekro\u010dila rubikon volebn\u00edch manipulac\u00ed a nejen, \u017ee b\u011bsn\u00ed 7% + voli\u010d\u016f&#8230;<\/p>\n","protected":false},"author":2,"featured_media":50974,"comment_status":"closed","ping_status":"closed","sticky":false,"template":"","format":"standard","meta":[],"categories":[6],"tags":[1360,2663,96,27],"_links":{"self":[{"href":"https:\/\/www.infokuryr.cz\/n\/wp-json\/wp\/v2\/posts\/50973"}],"collection":[{"href":"https:\/\/www.infokuryr.cz\/n\/wp-json\/wp\/v2\/posts"}],"about":[{"href":"https:\/\/www.infokuryr.cz\/n\/wp-json\/wp\/v2\/types\/post"}],"author":[{"embeddable":true,"href":"https:\/\/www.infokuryr.cz\/n\/wp-json\/wp\/v2\/users\/2"}],"replies":[{"embeddable":true,"href":"https:\/\/www.infokuryr.cz\/n\/wp-json\/wp\/v2\/comments?post=50973"}],"version-history":[{"count":0,"href":"https:\/\/www.infokuryr.cz\/n\/wp-json\/wp\/v2\/posts\/50973\/revisions"}],"wp:featuredmedia":[{"embeddable":true,"href":"https:\/\/www.infokuryr.cz\/n\/wp-json\/wp\/v2\/media\/50974"}],"wp:attachment":[{"href":"https:\/\/www.infokuryr.cz\/n\/wp-json\/wp\/v2\/media?parent=50973"}],"wp:term":[{"taxonomy":"category","embeddable":true,"href":"https:\/\/www.infokuryr.cz\/n\/wp-json\/wp\/v2\/categories?post=50973"},{"taxonomy":"post_tag","embeddable":true,"href":"https:\/\/www.infokuryr.cz\/n\/wp-json\/wp\/v2\/tags?post=50973"}],"curies":[{"name":"wp","href":"https:\/\/api.w.org\/{rel}","templated":true}]}}