{"id":50970,"date":"2024-04-03T04:48:02","date_gmt":"2024-04-03T02:48:02","guid":{"rendered":"https:\/\/www.infokuryr.cz\/n\/?p=50970"},"modified":"2024-04-03T04:49:46","modified_gmt":"2024-04-03T02:49:46","slug":"kevin-barrett-laurent-guyenot-o-strachu-ze-zidu-a-zidovskem-bohu-teroru","status":"publish","type":"post","link":"https:\/\/www.infokuryr.cz\/n\/2024\/04\/03\/kevin-barrett-laurent-guyenot-o-strachu-ze-zidu-a-zidovskem-bohu-teroru\/","title":{"rendered":"Kevin Barrett: Laurent Guy\u00e9not o \u201eStrachu ze \u017did\u016f a \u017eidovsk\u00e9m Bohu teroru\u201c"},"content":{"rendered":"<div id=\"fb-root\"><\/div>\n<section class=\"perex\"><strong>Historik\u00a0<a href=\"https:\/\/www.unz.com\/author\/laurent-guyenot\/\" target=\"_blank\" rel=\"external noopener\">Laurent Guy\u00e9not<\/a>\u00a0hovo\u0159\u00ed o sv\u00e9m nov\u00e9m \u010dl\u00e1nku \u201e<a href=\"https:\/\/www.unz.com\/article\/fear-of-the-jews-and-the-jewish-god-of-terror\/\" target=\"_blank\" rel=\"external noopener\">Strach z \u017did\u016f a \u017eidovsk\u00fd b\u016fh teroru<\/a>\u201c. Za\u010d\u00edn\u00e1: \u201e<i>Je \u010das, aby se \u017did\u016f b\u00e1li!<\/i>\u201c prohl\u00e1sil ned\u00e1vno\u00a0<a href=\"https:\/\/twitter.com\/KarlGolovin\/status\/1765914079821005093?t=FF_Yups8NB_uTOlS5UFglQ&amp;s=03\" target=\"_blank\" rel=\"external noopener\">rab\u00edn Shmuley<\/a>. \u017did\u00e9, kter\u00fdm se nepoda\u0159ilo p\u0159ekonat antisemitismus t\u00edm, \u017ee se sna\u017eili b\u00fdt milov\u00e1ni, respektov\u00e1ni nebo obdivov\u00e1ni, se nyn\u00ed mus\u00ed st\u00e1t ob\u00e1van\u00fdmi. To je nov\u00e9 heslo. Probl\u00e9m je v tom, \u017ee pokud cht\u011bj\u00ed b\u00fdt \u017did\u00e9 ob\u00e1van\u00ed, mus\u00ed se tak\u00e9 sm\u00ed\u0159it s t\u00edm, \u017ee budou nen\u00e1vid\u011bni.\u201c<\/strong><\/section>\n<section>___________<\/section>\n<section class=\"clanek-obsah\">Laurent Guy\u00e9not je autorem knihy\u00a0<a href=\"https:\/\/www.amazon.com\/Yahweh-Zion-Jealous-Promised-Civilizations\/dp\/0996143041\/ref=sr_1_1?ie=UTF8&amp;qid=1515033229&amp;sr=8-1&amp;keywords=guyenot+yahweh\" target=\"_blank\" rel=\"external noopener\">Od Jahveho k Sionu<\/a>\u00a0a mnoha dal\u0161\u00edch knih a \u010dl\u00e1nk\u016f. Je zn\u00e1m\u00fd sv\u00fdmi revizionistick\u00fdmi v\u00fdklady atent\u00e1t\u016f na Kennedyho a 11. z\u00e1\u0159\u00ed.<i>Zde by m\u011blo b\u00fdt video rozhovoru, ale nejde vlo\u017eit, najdete je v\u00a0<a href=\"https:\/\/kevinbarrett.substack.com\/p\/laurent-guyenot-on-fear-of-the-jews\" target=\"_blank\" rel=\"external noopener\">p\u016fvodn\u00edm \u010dl\u00e1nku<\/a>. Editor<\/i><\/p>\n<p>Transkript:<\/p>\n<p><b>Schmuley nen\u00ed prvn\u00edm \u010dlov\u011bkem, kter\u00fd vyslovil my\u0161lenku, \u017ee je lep\u0161\u00ed b\u00fdt ob\u00e1van\u00fd ne\u017e milovan\u00fd. Neocon (Michael Ledeen) ud\u011blal velkou v\u011bdu z toho, \u017ee v\u0161ichni \u017did\u00e9 jsou machiavelist\u00e9.<\/b><\/p>\n<p>Jo, vlastn\u011b rab\u00edn Shmuley v tom mal\u00e9m videu, kter\u00e9 nato\u010dil, kdy\u017e \u0159\u00edkal, \u017ee je \u010das, aby se \u017did\u016f b\u00e1li, citoval Machiavelliho a vysv\u011btlil, \u017ee Machiavelli \u0159\u00edkal, \u017ee je dobr\u00e9 b\u00fdt milov\u00e1n, ale lep\u0161\u00ed je b\u00fdt ob\u00e1v\u00e1n. Machiavelli mluvil ke kn\u00ed\u017eat\u016fm, k lidem, kte\u0159\u00ed m\u011bli moc. Tak\u017ee kdy\u017e chcete, aby se v\u00e1s b\u00e1li, rad\u011bji m\u011bjte moc. Ka\u017edop\u00e1dn\u011b mus\u00edte m\u00edt moc, proto\u017ee jinak se v\u00e1s nikdo nebude b\u00e1t. Tak\u017ee samotn\u00fd fakt, \u017ee to \u0159\u00edk\u00e1, znamen\u00e1, \u017ee se domn\u00edv\u00e1, \u017ee jeho spole\u010denstv\u00ed je nyn\u00ed dostate\u010dn\u011b mocn\u00e9 na to, aby se ho b\u00e1li. Dost se sna\u017eili, aby byli milov\u00e1ni. Nepoda\u0159ilo se jim to. Nepovedlo se jim to p\u0159\u00edli\u0161 dob\u0159e.<\/p>\n<p><b>Spr\u00e1vn\u011b, ale samoz\u0159ejm\u011b kdy\u017e se sna\u017e\u00edte, aby se v\u00e1s v\u0161ichni b\u00e1li t\u00edm, \u017ee s nimi \u0161patn\u011b zach\u00e1z\u00edte, riskujete, \u017ee je rozzlob\u00edte, a jejich hn\u011bv m\u016f\u017ee p\u0159ev\u00e1\u017eit nad strachem do t\u00e9 m\u00edry, \u017ee se v\u00e1m postav\u00ed, co\u017e Palestinci rozhodn\u011b ud\u011blali.<\/b><\/p>\n<p>Ano, paradoxem vlastn\u011b je, \u017ee \u0159\u00edk\u00e1, \u017ee jsme se sna\u017eili p\u0159ekonat antisemitismus t\u00edm, \u017ee jsme se sna\u017eili b\u00fdt milov\u00e1ni. Tak\u017ee te\u010f se budeme sna\u017eit antisemitismus p\u0159ekonat t\u00edm, \u017ee se budeme sna\u017eit b\u00fdt ob\u00e1van\u00ed.<\/p>\n<p><b>Hodn\u011b \u0161t\u011bst\u00ed.<\/b><\/p>\n<p>Jak to ud\u011bl\u00e1te: mus\u00edte se zamyslet, co se mu hon\u00ed hlavou. Jak si m\u016f\u017ee myslet, \u017ee antisemitismus p\u0159ekon\u00e1 t\u00edm, \u017ee se ho bude b\u00e1t? Jak jsem vysv\u011btlil v prvn\u00edm odstavci sv\u00e9ho \u010dl\u00e1nku, strach ze \u017did\u016f se doslova p\u0159ekl\u00e1d\u00e1 jako judeofobie. Phobos znamen\u00e1 v \u0159e\u010dtin\u011b b\u00e1t se. Pokud \u017did\u00e9 cht\u011b b\u00fdt ob\u00e1v\u00e1ni, vytvo\u0159\u00ed jen dal\u0161\u00ed judeofobii, co\u017e je v podstat\u011b to, \u010demu se (nespr\u00e1vn\u011b) \u0159\u00edk\u00e1 antisemitismus.<\/p>\n<p><b>Shmuley a dal\u0161\u00ed, kte\u0159\u00ed to \u0159\u00edkaj\u00ed, cituj\u00ed Machiavelliho a tak d\u00e1le, ve skute\u010dnosti nemluv\u00ed o tom, \u017ee by n\u011bco tak moc zm\u011bnili, proto\u017ee tvrd\u00fd tribalistick\u00fd prvek sv\u011btov\u00e9ho \u017eidovstva u\u017e del\u0161\u00ed dobu pracuje p\u0159es\u010das na tom, aby se ho sp\u00ed\u0161e b\u00e1li, ne\u017e aby ho milovali. Pod\u00edvejte se na to, jak ADL terorizuje lidi, kte\u0159\u00ed na internetov\u00fdch platform\u00e1ch vybo\u010d\u00ed z \u0159ady. Ka\u017ed\u00fd, kdo zpochybn\u00ed ofici\u00e1ln\u00ed \u017eidovskou verzi holocaustu (TM), bude terorizov\u00e1n a p\u0159ijde o pr\u00e1ci atd. A pak maj\u00ed JDL, Ligu na obranu \u017did\u016f, aby bombardovala lidi a zab\u00edjela je&#8230;<\/b><\/p>\n<p>Byl to Gilad Atzman, kdo \u0159ekl, \u017ee \u201e\u017eidovsk\u00e1 moc je moc, kter\u00e1 br\u00e1n\u00ed lidem mluvit o \u017eidovsk\u00e9 moci\u201c. Tak\u017ee to je moc strachu. Lid\u00e9 se tak boj\u00ed, \u017ee ani ne\u0159eknou, \u010deho se boj\u00ed. Za\u010d\u00edn\u00e1 to b\u00fdt opravdu \u0161\u00edlen\u00e9.<\/p>\n<p>Zaj\u00edmal by m\u011b v\u00e1\u0161 n\u00e1zor na RFK juniora. Ve sv\u00e9m \u010dl\u00e1nku se nakonec zmi\u0148uji o tom, \u017ee rab\u00edn Shmuley je poradcem Roberta Kennedyho juniora. N\u011bkte\u0159\u00ed lid\u00e9 si dokonce mysleli, \u017ee si ho vybere jako kandid\u00e1ta na viceprezidenta. Existuje zvl\u00e1\u0161tn\u00ed video, v n\u011bm\u017e rab\u00edn Shmuley p\u0159edstavuje Roberta Kennedyho mlad\u0161\u00edho a mluv\u00ed o tom, \u017ee jeho otce zavra\u017edil Palestinec, kter\u00fd nen\u00e1vid\u011bl Izrael. A pak Robert Kennedy mlad\u0161\u00ed, jeho syn, kter\u00fd p\u0159\u00edpad studoval a dob\u0159e v\u00ed, \u017ee jeho otce nezabil Sirhan Sirhan \u2013 a rozhodn\u011b ne proto, \u017ee by podporoval Izrael \u2013 jen sed\u00ed a poslouch\u00e1. A to v n\u011bm vyvol\u00e1v\u00e1 velmi zvl\u00e1\u0161tn\u00ed pocit, proto\u017ee mu p\u0159ed o\u010dima ur\u00e1\u017eej\u00ed pam\u00e1tku jeho vlastn\u00edho otce a on nic ne\u0159\u00edk\u00e1. Nechal rabiho \u0160muleje, aby o jeho vlastn\u00edm otci vypr\u00e1v\u011bl obrovskou le\u017e. Jedin\u00fd z\u00e1v\u011br, kter\u00fd m\u011b napad\u00e1, je, \u017ee Robert Kennedy Jr. m\u00e1 z rab\u00edna Shmuleye strach. M\u00e1m pocit, \u017ee v tomto videu se objevuje strach. Jin\u00e9 vysv\u011btlen\u00ed neexistuje.<\/p>\n<p>V\u00edte, jako karikatura \u017dida je dost d\u011bsiv\u00fd, proto\u017ee c\u00edt\u00edte, \u017ee je to opravdu bl\u00e1zen. Je to \u0161\u00edlenec. Sta\u010d\u00ed ho poslouchat a m\u00e1te pocit, \u017ee je \u00fapln\u011b \u0161\u00edlen\u00fd. Mysl\u00edm, \u017ee je posedl\u00fd \u010f\u00e1blem nebo Jahvem, v\u00edte, co\u017e je podle m\u011b v podstat\u011b tot\u00e9\u017e.<\/p>\n<p><b>Jo, m\u00e1 divnou atmosf\u00e9ru. A to n\u00e1s p\u0159iv\u00e1d\u00ed k post\u0159ehu, kter\u00fd vyslovil Ron Unz, a jsem si jist\u00fd, \u017ee ho vyslovili i jin\u00ed, ale Ron to ud\u011blal takov\u00fdm pam\u00e1tn\u00fdm zp\u016fsobem, kdy\u017e \u0159ekl, \u017ee \u017eidovsk\u00e1 komunita m\u00e1 men\u0161inu kamikadze, kte\u0159\u00ed jsou ochotni ze\u0161\u00edlet, aby se pokusili terorizovat kohokoli, kdo je vn\u00edm\u00e1n jako ohro\u017euj\u00edc\u00ed \u017eidovskou moc.<\/b><\/p>\n<p>No jo, ale je\u0161t\u011b jsem nevid\u011bl \u017eidovsk\u00e9ho extremistu, kter\u00fd by se vydal na sebevra\u017eednou misi, \u017ee ne? Byl tu Baruch Goldstein, chlap\u00edk, kter\u00fd zavra\u017edil 29 lid\u00ed v Hebronu.<\/p>\n<p><b>To je Ben Gavi\u0159\u016fv hrdina. Je zaj\u00edmav\u00e9, \u017ee Baruch Goldstein je hrdinou pro celou izraelskou pravici, v\u010detn\u011b Ben-Gvira. Maj\u00ed jeho plak\u00e1ty na zdech a tak d\u00e1le. A tak ti lid\u00e9 maj\u00ed v\u0161ichni tuto mentalitu. Jsou to bl\u00e1zni a velmi obdivuj\u00ed a ztoto\u017e\u0148uj\u00ed se s t\u00edm Goldsteinem, kter\u00fd se vydal na sebevra\u017eednou misi, aby zabil hromadu lid\u00ed, kte\u0159\u00ed se modlili.<\/b><\/p>\n<p>On vlastn\u011b ani nebyl na sebevra\u017eedn\u00e9 misi, proto\u017ee m\u011bl samopal a byl v me\u0161it\u011b, kde nikdo nebyl ozbrojen\u00fd. Pravd\u011bpodobn\u011b doufal, \u017ee se mu poda\u0159\u00ed ut\u00e9ct.<\/p>\n<p><b>Spr\u00e1vn\u011b. A p\u0159edpokl\u00e1d\u00e1m, \u017ee kdyby skon\u010dil v izraelsk\u00e9 vazb\u011b, nic hrozn\u00e9ho by se mu nestalo.<\/b><\/p>\n<p>Byl by na p\u00e1r let uv\u011bzn\u011bn a pak by se stal poslancem.<\/p>\n<p><b>Nejd\u0159\u00edv by \u0159ekli, \u017ee jeho kulky poch\u00e1zej\u00ed od palestinsk\u00fdch terorist\u016f. Pozd\u011bji by pak \u0159ekli: \u201eNo, vlastn\u011b ne, my p\u0159izn\u00e1v\u00e1me, \u017ee to bylo z Goldsteinovy zbran\u011b, ale mysl\u00edme si, \u017ee to byla nehoda.\u201c A pak by se to stalo. A nakonec, a\u017e by to cel\u00e9 utichlo, by mo\u017en\u00e1 p\u0159iznali, \u017ee to ud\u011blal on. \u201eNa p\u00e1r minut se zbl\u00e1znil, te\u010f u\u017e je mu l\u00edp.\u201c<\/b><\/p>\n<p><b>Existuje vzorec, kdy \u0161\u00edlen\u00ed kmenov\u00ed \u017did\u00e9 d\u011blaj\u00ed \u0161\u00edlen\u00e9 v\u011bci. Hodn\u011b z toho je zam\u011b\u0159eno na snahu terorizovat sv\u00e9 domn\u011bl\u00e9 nep\u0159\u00e1tele.<\/b><\/p>\n<p>Jo, a ne\u0159\u00edk\u00e1 se jim terorist\u00e9. Jak jste \u0159ekl, st\u00e1vaj\u00ed se z nich mu\u010dedn\u00edci. Hrob Barucha Goldsteina se stal poutn\u00edm m\u00edstem. A \u0159\u00edkalo se, \u017ee Jigal Amir, kter\u00fd byl kdysi ministrem v izraelsk\u00e9 vl\u00e1d\u011b, m\u011bl jeho plak\u00e1t naho\u0159e na stole. To je \u0161\u00edlen\u00e9. To je opravdu neuv\u011b\u0159iteln\u00e9. To znamen\u00e1, \u017ee toto sm\u00fd\u0161len\u00ed mo\u017en\u00e1 nen\u00ed \u00fapln\u011b dominantn\u00ed, ale ve skute\u010dnosti je v Izraeli velmi, velmi siln\u00e9. Tak\u017ee m\u00e1me co do \u010din\u011bn\u00ed se zem\u00ed, kter\u00e1 je opravdu \u0161\u00edlen\u00e1. Proto, v\u00edte, u\u017e d\u00e1vno jsem si za\u010dal uv\u011bdomovat, \u017ee kl\u00ed\u010dem k pochopen\u00ed Izraele je pochopen\u00ed psychopatie. Izrael je psychopatick\u00fd n\u00e1rod. S t\u00edm m\u00e1me co do \u010din\u011bn\u00ed.<\/p>\n<p>To, co se dnes d\u011bje, ukazuje, \u017ee se mohou chovat jako psychopat a jejich velk\u00fd tyran, Spojen\u00e9 st\u00e1ty, je zcela pod jejich vlivem, tak\u017ee je chr\u00e1n\u00ed p\u0159ed t\u00edm, aby je n\u011bkdo jin\u00fd potrestal.<\/p>\n<p><b>Je \u00fa\u017easn\u00e9, \u017ee modern\u00ed, v\u00fdznamn\u00fd n\u00e1rodn\u00ed st\u00e1t m\u016f\u017ee m\u00edt ve sv\u00e9 vl\u00e1d\u011b n\u011bkoho, kdo m\u011bl na zdi plak\u00e1t Barucha Goldsteina a kdo Barucha Goldsteina tak trochu uct\u00edv\u00e1, a \u017ee zem\u011b m\u016f\u017ee m\u00edt podstatnou \u010d\u00e1st sv\u00e9ho obyvatelstva, kter\u00e1 Barucha Goldsteina uct\u00edv\u00e1. P\u0159i\u0161el do me\u0161ity a zabil 29 lid\u00ed, kter\u00e9 p\u0159i modlitb\u011b st\u0159elil do zad.<\/b><\/p>\n<p><b>Dovedete si p\u0159edstavit, \u017ee by ve vl\u00e1d\u011b Joea Bidena byl n\u011bkdo, kdo by byl velk\u00fdm fanou\u0161kem Roberta Bowerse, st\u0159elce ze synagogy v Pittsburghu, kter\u00fd byl v roce 2018 odsouzen za zabit\u00ed 11 lid\u00ed, kdy\u017e ve\u0161el do synagogy a vyst\u0159\u00edlel ji? Robert Bowers je v podstat\u011b t\u0159etina Goldsteina. Oba ud\u011blali tot\u00e9\u017e. \u0160li do modlitebny a prost\u011b st\u0159\u00edleli do lid\u00ed. Kdybyste tady ve Spojen\u00fdch st\u00e1tech pat\u0159ili k lidem, kte\u0159\u00ed maj\u00ed o Robertu Bowersovi vysok\u00e9 m\u00edn\u011bn\u00ed, \u017ee to ud\u011blal, asi byste mu necht\u011bli d\u011blat p\u0159\u00edli\u0161 velkou reklamu. Je prost\u011b nep\u0159edstaviteln\u00e9, \u017ee by n\u011bkdo, kdo byl velk\u00fdm fanou\u0161kem Roberta Bowerse, st\u0159elce ze synagogy, skon\u010dil ve vl\u00e1d\u011b prezidenta Spojen\u00fdch st\u00e1t\u016f.<\/b><\/p>\n<p><b>Ale Izrael je zem\u011b, kde takto sm\u00fd\u0161l\u00ed obrovsk\u00e1 \u010d\u00e1st obyvatelstva. A to dokonce do t\u00e9 m\u00edry, \u017ee m\u00e1 n\u011bkoho ve vl\u00e1d\u011b \u2013 to je opravdu zar\u00e1\u017eej\u00edc\u00ed.<\/b><\/p>\n<div class=\"podcarou\">\n<p><a href=\"https:\/\/kevinbarrett.substack.com\/p\/laurent-guyenot-on-fear-of-the-jews\" target=\"_blank\" rel=\"external noopener\">Laurent Guy\u00e9not on \u201cFear of the Jews and the Jewish God of Terror\u201d<\/a> vy\u0161el 30.3.2024 na kevinbarrett.substack.com. P\u0159eklad\u00a0<a href=\"https:\/\/zvedavec.news\/komentare\/2024\/04\/10036-laurent-guyenot-o-strachu-ze-zidu-a-zidovskem-bohu-teroru.htm\">Zvedavec.org<\/a><\/p>\n<p>&nbsp;<\/p>\n<\/div>\n<\/section>\n","protected":false},"excerpt":{"rendered":"<p>Historik\u00a0Laurent Guy\u00e9not\u00a0hovo\u0159\u00ed o sv\u00e9m nov\u00e9m \u010dl\u00e1nku \u201eStrach z \u017did\u016f a \u017eidovsk\u00fd b\u016fh teroru\u201c. Za\u010d\u00edn\u00e1: \u201eJe&#8230;<\/p>\n","protected":false},"author":2,"featured_media":50971,"comment_status":"closed","ping_status":"closed","sticky":false,"template":"","format":"standard","meta":[],"categories":[7],"tags":[178,36,92],"_links":{"self":[{"href":"https:\/\/www.infokuryr.cz\/n\/wp-json\/wp\/v2\/posts\/50970"}],"collection":[{"href":"https:\/\/www.infokuryr.cz\/n\/wp-json\/wp\/v2\/posts"}],"about":[{"href":"https:\/\/www.infokuryr.cz\/n\/wp-json\/wp\/v2\/types\/post"}],"author":[{"embeddable":true,"href":"https:\/\/www.infokuryr.cz\/n\/wp-json\/wp\/v2\/users\/2"}],"replies":[{"embeddable":true,"href":"https:\/\/www.infokuryr.cz\/n\/wp-json\/wp\/v2\/comments?post=50970"}],"version-history":[{"count":1,"href":"https:\/\/www.infokuryr.cz\/n\/wp-json\/wp\/v2\/posts\/50970\/revisions"}],"predecessor-version":[{"id":50972,"href":"https:\/\/www.infokuryr.cz\/n\/wp-json\/wp\/v2\/posts\/50970\/revisions\/50972"}],"wp:featuredmedia":[{"embeddable":true,"href":"https:\/\/www.infokuryr.cz\/n\/wp-json\/wp\/v2\/media\/50971"}],"wp:attachment":[{"href":"https:\/\/www.infokuryr.cz\/n\/wp-json\/wp\/v2\/media?parent=50970"}],"wp:term":[{"taxonomy":"category","embeddable":true,"href":"https:\/\/www.infokuryr.cz\/n\/wp-json\/wp\/v2\/categories?post=50970"},{"taxonomy":"post_tag","embeddable":true,"href":"https:\/\/www.infokuryr.cz\/n\/wp-json\/wp\/v2\/tags?post=50970"}],"curies":[{"name":"wp","href":"https:\/\/api.w.org\/{rel}","templated":true}]}}