{"id":50968,"date":"2024-04-03T00:52:51","date_gmt":"2024-04-02T22:52:51","guid":{"rendered":"https:\/\/www.infokuryr.cz\/n\/?p=50968"},"modified":"2024-04-03T04:43:54","modified_gmt":"2024-04-03T02:43:54","slug":"brigadni-general-spion-koudelka-vypnul-v-ramci-operace-gladio-prakticky-neznamy-zpravodajsky-web-ukrajinskeho-oligarchy","status":"publish","type":"post","link":"https:\/\/www.infokuryr.cz\/n\/2024\/04\/03\/brigadni-general-spion-koudelka-vypnul-v-ramci-operace-gladio-prakticky-neznamy-zpravodajsky-web-ukrajinskeho-oligarchy\/","title":{"rendered":"Brig\u00e1dn\u00ed gener\u00e1l-\u0161pion Koudelka vypnul v r\u00e1mci Operace Gladio prakticky nezn\u00e1m\u00fd zpravodajsk\u00fd web ukrajinsk\u00e9ho oligarchy!"},"content":{"rendered":"<div id=\"fb-root\"><\/div>\n<h4>Brig\u00e1dn\u00ed gener\u00e1l-\u0161pion Koudelka vypnul v r\u00e1mci Operace Gladio prakticky nezn\u00e1m\u00fd zpravodajsk\u00fd web ukrajinsk\u00e9ho oligarchy! Ten pr\u00fd \u0161\u00ed\u0159il propagandu Kremlu t\u00edm, \u017ee zval k rozhovor\u016fm nejen \u010desk\u00e9 politiky, a ti prohla\u0161ovali, \u017ee cht\u011bj\u00ed m\u00edr na Ukrajin\u011b! Zpravodajsk\u00e1 hra s manu\u00e1lem Russiagate od CIA p\u0159ed volbami do EU Parlamentu je na sv\u011bt\u011b a my zn\u00e1me podrobnosti!<\/h4>\n<p>Minul\u00fd t\u00fdden ot\u0159\u00e1sl evropsk\u00fdmi medi\u00e1ln\u00edmi \u017eumpami skand\u00e1l \u00fadajn\u00e9ho rusk\u00e9ho zasahov\u00e1n\u00ed do evropsk\u00fdch voleb a v \u010dele t\u00e9to neuv\u011b\u0159iteln\u00e9 inscenace je op\u011bt \u0161\u00e9f \u010desk\u00e9 BIS a nyn\u00ed ji\u017e brig\u00e1dn\u00ed gener\u00e1l Michal Koudelka.\u00a0<strong>Jeho BIS pr\u00fd rozkryla t\u00e9m\u011b\u0159 nezn\u00e1m\u00fd a pr\u00fd dezinforma\u010dn\u00ed server Hlas Evropy (<em>Voice of Europe<\/em>) a vl\u00e1da Petra Fialy n\u00e1sledn\u011b na firmu provozuj\u00edc\u00ed web a na dv\u011b osoby uvalila \u010desk\u00e9 sankce.<\/strong><\/p>\n<p>Sou\u010dasn\u011b BIS tyto informace sd\u00edlela s dal\u0161\u00edmi tajn\u00fdmi slu\u017ebami evropsk\u00fdch st\u00e1t\u016f. Obvin\u011bn\u00ed jsou naprosto neuv\u011b\u0159iteln\u00e1 \u2013 Web pr\u00fd prov\u00e1d\u011bl rozhovory s \u010desk\u00fdmi a dal\u0161\u00edmi politiky z celkem 7 zem\u00ed EU, kte\u0159\u00ed v rozhovorech prohla\u0161ovali, \u017ee cht\u011bj\u00ed m\u00edr na Ukrajin\u011b! A n\u00e1sledn\u011b pr\u00fd za tyto rozhovory dost\u00e1vali politici zaplaceno!<\/p>\n<p>&nbsp;<\/p>\n<div id=\"rumble_v4khuki\">\n<div id=\"vid_v4khuki\" class=\"rumble_v4khuki-Rumble-cls\" tabindex=\"-1\">\n<div class=\"bigPlayUI ctp\"><div class='videoWrapper'>\r\n\t            <iframe src='https:\/\/rumble.com\/embed\/pj.v4khuki\/' frameborder='0' allowfullscreen><\/iframe>\r\n\t        <\/div><\/p>\n<div class=\"bigPlayUIInner ctp\"><\/div>\n<\/div>\n<\/div>\n<\/div>\n<p>&nbsp;<\/p>\n<p>BIS p\u0159itom neuvedla, jestli \u0161lo o autorsk\u00e9 honor\u00e1\u0159e, kter\u00e9 weby a redakce plat\u00ed politik\u016fm za tzv. exkluzivn\u00ed rozhovory v n\u011bkter\u00fdch p\u0159\u00edpadech, obvykle se to t\u00fdk\u00e1 b\u00fdval\u00fdch vysok\u00fdch politik\u016f, prezident\u016f, premi\u00e9r\u016f nebo ministr\u016f, kte\u0159\u00ed po skon\u010den\u00ed sv\u00fdch funkc\u00ed po\u0159\u00e1daj\u00ed placen\u00e9 p\u0159edn\u00e1\u0161ky a rovn\u011b\u017e placen\u00e9 rozhovory. A nen\u00ed v tom nic neleg\u00e1ln\u00edho. Protirusk\u00e1 hysterie dosahuje v \u010cesku vrcholu a je naprosto zjevn\u00e9, \u017ee nasazen\u00ed \u010desk\u00fdch voj\u00e1k\u016f na Ukrajin\u011b se bl\u00ed\u017e\u00ed opravdu vysok\u00fdm tempem. Lze to odvodit od m\u00edry fa\u0161izace poslanc\u016f a je to c\u00edtit z toho\u00a0<em>P\u0159\u00e1n\u00ed v\u00e1lky<\/em>\u00a0mezi poslanci. Poslanec za SPD Jaroslav Foldyna tuto fa\u0161izaci ji\u017e nevydr\u017eel a \u0159ekl to naplno na adresu Pir\u00e1t\u016f a dal\u0161\u00edch v\u00e1le\u010dn\u00fdch \u0161tv\u00e1\u010d\u016f, viz. video v\u00fd\u0161e.<\/p>\n<h6><span style=\"font-size: 18pt;\">Brig\u00e1dn\u00ed gener\u00e1l-\u0161pion Koudelka spustil dal\u0161\u00ed pokra\u010dov\u00e1n\u00ed Operace Gladio v Evrop\u011b<\/span><\/h6>\n<p>Nicm\u00e9n\u011b Koudelkova operace jede p\u0159esn\u011b podle not Operace Gladio a c\u00edlem nen\u00ed nic jin\u00e9ho, ne\u017e tzv. weaponizace m\u00e9di\u00ed proti opozi\u010dn\u00edm stran\u00e1m a opozi\u010dn\u00edm politik\u016fm p\u0159ed volbami do Evropsk\u00e9ho parlamentu.\u00a0<strong>Je to \u00fapln\u011b stejn\u00fd rukopis jako tzv. kauza\u00a0<em>Russiagate<\/em>\u00a0z konce roku 2016, se kterou p\u0159i\u0161la Demokratick\u00e1 strana a tvrdila, \u017ee prezident Trump byl zvolen s pomoc\u00ed rusk\u00fdch pen\u011bz<\/strong>, rusk\u00fdch operativc\u016f a rusk\u00fdch vlivov\u00fdch org\u00e1n\u016f. Americk\u00e9 soudy teprve ned\u00e1vno v\u0161echna obvin\u011bn\u00ed Trumpa odm\u00edtly jako nepodlo\u017een\u00e1 a vymy\u0161len\u00e1.<\/p>\n<p>Nicm\u00e9n\u011b \u00fapln\u011b to sam\u00e9 te\u010f spustil brig\u00e1dn\u00ed gener\u00e1l-\u0161pion Koudelka v \u010cR p\u0159ed volbami do EU parlamentu a v\u0161echna MSM m\u00e9dia te\u010f tvrd\u00ed, \u017ee Kreml plat\u00ed nejen \u010desk\u00e9 opozi\u010dn\u00ed politiky, nap\u0159. Jind\u0159icha Rajchla, ex-prezidenta V\u00e1clava Klause, Cyrila Svobodu jako b\u00fdval\u00e9ho ministra zahrani\u010d\u00ed a Ji\u0159\u00edho Paroubka, b\u00fdval\u00e9ho premi\u00e9ra, ale \u017ee plat\u00ed i zahrani\u010dn\u00ed politiky. Ti v\u0161ichni pr\u00fd ned\u00e1vno poskytli\u00a0<em>Voice of Europe<\/em>\u00a0rozhovory, ale v\u0161ichni odm\u00edtaj\u00ed, \u017ee by dostali za rozhovory jak\u00e9koliv honor\u00e1\u0159e\u00a0<strong>[<a href=\"https:\/\/href.li\/?https:\/\/www.irozhlas.cz\/zpravy-domov\/nesdilim-koudelkovo-paranoidni-videni-sveta-obhajuje-paroubek-rozhovor-pro_2403281712_hof\" target=\"_blank\" rel=\"nofollow noopener\">1<\/a>]<\/strong>.<\/p>\n<figure id=\"attachment_46417\" class=\"wp-caption aligncenter\" style=\"width: 842px;\"><a href=\"https:\/\/aeronet.news\/wp-content\/uploads\/KoudelkaBISmedalCIA.jpg\"><img decoding=\"async\" loading=\"lazy\" class=\"wp-image-46417 \" src=\"https:\/\/aeronet.news\/wp-content\/uploads\/KoudelkaBISmedalCIA.jpg\" sizes=\"(max-width: 901px) 100vw, 901px\" srcset=\"https:\/\/aeronet.news\/wp-content\/uploads\/KoudelkaBISmedalCIA.jpg 901w, https:\/\/aeronet.news\/wp-content\/uploads\/KoudelkaBISmedalCIA-300x200.jpg 300w, https:\/\/aeronet.news\/wp-content\/uploads\/KoudelkaBISmedalCIA-768x511.jpg 768w, https:\/\/aeronet.news\/wp-content\/uploads\/KoudelkaBISmedalCIA-700x466.jpg 700w, https:\/\/aeronet.news\/wp-content\/uploads\/KoudelkaBISmedalCIA-536x357.jpg 536w, https:\/\/aeronet.news\/wp-content\/uploads\/KoudelkaBISmedalCIA-725x483.jpg 725w\" alt=\"\" width=\"842\" height=\"561\" \/><\/a><figcaption class=\"wp-caption-text\">\u0158editel BIS Michal Koudelka ukazuje Tenetovu cenu za spolupr\u00e1ci, kterou obdr\u017eel v centr\u00e1le CIA v Langley v roce 2019 od tehdej\u0161\u00ed \u0159editelky CIA Giny Haspel<\/figcaption><\/figure>\n<p>Shr\u0148me si podstatu kauzy: minulou st\u0159edu \u010desk\u00e9 \u00fa\u0159ady na nejvy\u0161\u0161\u00ed \u00farovni (premi\u00e9r, ministerstvo zahrani\u010d\u00ed a \u010desk\u00e1 zpravodajsk\u00e1 slu\u017eba BIS) ozn\u00e1mily \u201csenza\u010dn\u00ed\u201d zpr\u00e1vu\u00a0<strong>[<a href=\"https:\/\/href.li\/?https:\/\/www.reuters.com\/world\/europe\/czechs-sanction-medvedchuk-website-over-pro-russian-eu-political-influence-2024-03-27\/\" target=\"_blank\" rel=\"nofollow noopener\">2<\/a>]<\/strong>, \u017ee Rusko prost\u0159ednictv\u00edm skromn\u00e9ho a prakticky nezn\u00e1m\u00e9ho \u010desk\u00e9ho webu\u00a0<em>Hlas Evropy<\/em>\u00a0zaji\u0161\u0165uje \u201c<em>\u0161\u00ed\u0159en\u00ed protievropsk\u00e9 propagandy<\/em>\u201d a \u2013 co\u017e je nejhor\u0161\u00ed! \u2013 pr\u00fd platilo pravicov\u00e9 evropsk\u00e9 politiky, aby si zajistilo vliv v Evropsk\u00e9m parlamentu! BIS neuvedla jedin\u00e9 jm\u00e9no, omezili se pouze na v\u00fd\u010det zem\u00ed, v nich\u017e si tito z\u00e1ke\u0159n\u00ed Rusov\u00e9 podle \u00fadaj\u016f BIS kupovali europoslance po cel\u00e9 Evrop\u011b.<\/p>\n<p>Podivnou shodou okolnost\u00ed se tento seznam skute\u010dn\u011b zcela shodoval se zem\u011bmi, kde strany, s nimi\u017e je evropsk\u00fd establishment nespokojen, vedou nebo se hl\u00e1s\u00ed k veden\u00ed v pr\u016fzkumech v p\u0159edve\u010der \u010dervnov\u00fdch voleb do Evropsk\u00e9ho parlamentu \u2013\u00a0<strong>N\u011bmecko, Francie, Polsko, Belgie, Nizozemsko a Ma\u010farsko!<\/strong>\u00a0Pane\u010dku, to je shoda n\u00e1hod!<\/p>\n<h6><span style=\"font-size: 18pt;\">BIS: \u010cesk\u00fd web odkoupen\u00fd ukrajinsk\u00fdm oligarchou \u0161\u00ed\u0159il ruskou propagandu v 7 zem\u00edch EU<\/span><\/h6>\n<p>Hned druh\u00fd den Agentura vnit\u0159n\u00ed bezpe\u010dnosti (polsk\u00e1 tajn\u00e1 slu\u017eba ABW) ozn\u00e1mila\u00a0<strong>[<a href=\"https:\/\/href.li\/?https:\/\/tvpworld.com\/76674110\/polish-services-strike-russian-spy-network\" target=\"_blank\" rel=\"nofollow noopener\">3<\/a>]<\/strong>, \u017ee na z\u00e1klad\u011b tipu od \u010desk\u00fdch koleg\u016f provedla domovn\u00ed prohl\u00eddky u opozi\u010dn\u00edch politik\u016f a p\u0159i razii zabavila \u201cobrovsk\u00e9\u201d \u010d\u00e1stky: Zjistili, \u017ee v t\u011bchto p\u0159\u00edpadech se jedn\u00e1 o 48,5 tis\u00edce eur a 36 tis\u00edc dolar\u016f.\u00a0<strong>Z \u010deho\u017e lze usuzovat, \u017ee Rusko si budouc\u00ed Evropsk\u00fd parlament koupilo doslova za almu\u017enu.<\/strong>\u00a0Koneckonc\u016f, kdy\u017e se Rusku pr\u00fd poda\u0159ilo zajistit Brexit za pouh\u00fdch 97 cent\u016f\u00a0<strong>[<a href=\"https:\/\/href.li\/?https:\/\/www.reuters.com\/article\/idUSKBN1E729Y\/\" target=\"_blank\" rel=\"nofollow noopener\">4<\/a>]<\/strong>, pro\u010d by Rusko pr\u016fm\u011brn\u00fd poslanec Evropsk\u00e9ho parlamentu nemohl st\u00e1t v\u00edce, ne?<\/p>\n<figure id=\"attachment_46537\" class=\"wp-caption aligncenter\" style=\"width: 805px;\"><a href=\"https:\/\/aeronet.news\/wp-content\/uploads\/KoudelkaCIAmedal.jpg\"><img decoding=\"async\" loading=\"lazy\" class=\"wp-image-46537 \" src=\"https:\/\/aeronet.news\/wp-content\/uploads\/KoudelkaCIAmedal.jpg\" sizes=\"(max-width: 800px) 100vw, 800px\" srcset=\"https:\/\/aeronet.news\/wp-content\/uploads\/KoudelkaCIAmedal.jpg 800w, https:\/\/aeronet.news\/wp-content\/uploads\/KoudelkaCIAmedal-300x191.jpg 300w, https:\/\/aeronet.news\/wp-content\/uploads\/KoudelkaCIAmedal-768x489.jpg 768w, https:\/\/aeronet.news\/wp-content\/uploads\/KoudelkaCIAmedal-700x445.jpg 700w, https:\/\/aeronet.news\/wp-content\/uploads\/KoudelkaCIAmedal-100x65.jpg 100w, https:\/\/aeronet.news\/wp-content\/uploads\/KoudelkaCIAmedal-561x357.jpg 561w, https:\/\/aeronet.news\/wp-content\/uploads\/KoudelkaCIAmedal-759x483.jpg 759w\" alt=\"\" width=\"805\" height=\"512\" \/><\/a><figcaption class=\"wp-caption-text\">Detail Tenetovy ceny za spolupr\u00e1ci<\/figcaption><\/figure>\n<p>A kdy\u017e se pod\u00edv\u00e1te na podstatu Koudelkovy senzace, tak je z\u0159ejm\u00e9, \u017ee je \u00fapln\u011b bezcenn\u00e1. Webov\u00e9 str\u00e1nky\u00a0<em>Hlasu Evropy<\/em>\u00a0toti\u017e vytvo\u0159ili \u010de\u0161t\u00ed ob\u010dan\u00e9 a fungovaly na naprosto leg\u00e1ln\u00ed b\u00e1zi, co\u017e uznaly i \u010desk\u00e9 \u00fa\u0159ady, kdy\u017e informovaly o sv\u00e9m \u201c<em>vy\u0161et\u0159ov\u00e1n\u00ed<\/em>\u201c.\u00a0<strong>V ur\u010dit\u00e9m okam\u017eiku byla str\u00e1nka prod\u00e1na medi\u00e1ln\u00ed agentu\u0159e \u00fadajn\u011b napojen\u00e9 na ukrajinsk\u00e9ho podnikatele Viktora Medved\u010duka.<\/strong><\/p>\n<p>Ten je zn\u00e1m\u00fd sv\u00fdmi prorusk\u00fdmi postoji a bl\u00edzk\u00fdmi vztahy s Vladimirem Putinem. Medved\u010duka z\u00e1padn\u00ed m\u00e9dia tradi\u010dn\u011b ozna\u010duj\u00ed za \u201c<em>oligarchu<\/em>\u201c, a\u010dkoli vzhledem k tomu, \u017ee byl nucen opustit Ukrajinu a ve\u0161ker\u00fd jeho majetek byl tamn\u00edmi \u201c<em>demokratick\u00fdmi<\/em>\u201d org\u00e1ny rozkraden, se na n\u011bj tento term\u00edn nyn\u00ed u\u017e sotva vztahuje. A i kdy\u017e je Ukrajinec p\u016fvodem z Dn\u011bpropetrovsku, tak se pr\u00fd jedn\u00e1 o zaru\u010den\u011b \u201c<em>ruskou stopu<\/em>\u201c!<\/p>\n<h6><span style=\"font-size: 18pt;\">Webov\u00e1 str\u00e1nka pr\u00fd vypl\u00e1cela honor\u00e1\u0159e politik\u016fm, kte\u0159\u00ed se vyjad\u0159ovali k m\u00edru na Ukrajin\u011b<\/span><\/h6>\n<p>A nejd\u016fle\u017eit\u011bj\u0161\u00ed je p\u0159ece obvin\u011bn\u00ed: zm\u00edn\u011bn\u00e1 webov\u00e1 str\u00e1nka \u00fadajn\u011b \u201c<em>platila evropsk\u00e9 politiky<\/em>\u201c. Ani komu platila, ani kolik, ani z jak\u00e9ho d\u016fvodu \u2013 nic z toho se neuv\u00e1d\u00ed. S nejv\u011bt\u0161\u00ed pravd\u011bpodobnost\u00ed, pokud n\u011bkomu n\u011bco webovka platila, \u0161lo o standardn\u00ed honor\u00e1\u0159e za publikace, za projevy, za exkluzivn\u00ed rozhovory a koment\u00e1\u0159e, a p\u0159\u00edpadn\u011b za \u00fa\u010dast na n\u011bkter\u00fdch akc\u00edch, co\u017e op\u011bt nen\u00ed z\u00e1konem zak\u00e1z\u00e1no, pokud jsou tyto p\u0159\u00edjmy \u0159\u00e1dn\u011b uvedeny v prohl\u00e1\u0161en\u00edch politik\u016f o zdroj\u00edch p\u0159\u00edjm\u016f. Na tom se p\u0159i\u017eivuje zna\u010dn\u00e1 \u010d\u00e1st poslanc\u016f r\u016fzn\u00fdch \u00farovn\u00ed ve v\u0161ech z\u00e1padn\u00edch zem\u00edch.<\/p>\n<figure id=\"attachment_59112\" class=\"wp-caption aligncenter\" style=\"width: 705px;\"><a href=\"https:\/\/aeronet.news\/wp-content\/uploads\/ViktorMedvedchukUAFeat.jpg\"><img decoding=\"async\" loading=\"lazy\" class=\"wp-image-59112 \" src=\"https:\/\/aeronet.news\/wp-content\/uploads\/ViktorMedvedchukUAFeat-1024x576.jpg\" sizes=\"(max-width: 700px) 100vw, 700px\" srcset=\"https:\/\/aeronet.news\/wp-content\/uploads\/ViktorMedvedchukUAFeat-1024x576.jpg 1024w, https:\/\/aeronet.news\/wp-content\/uploads\/ViktorMedvedchukUAFeat-300x169.jpg 300w, https:\/\/aeronet.news\/wp-content\/uploads\/ViktorMedvedchukUAFeat-768x432.jpg 768w, https:\/\/aeronet.news\/wp-content\/uploads\/ViktorMedvedchukUAFeat-700x394.jpg 700w, https:\/\/aeronet.news\/wp-content\/uploads\/ViktorMedvedchukUAFeat-635x357.jpg 635w, https:\/\/aeronet.news\/wp-content\/uploads\/ViktorMedvedchukUAFeat-859x483.jpg 859w, https:\/\/aeronet.news\/wp-content\/uploads\/ViktorMedvedchukUAFeat.jpg 1280w\" alt=\"\" width=\"705\" height=\"397\" \/><\/a><figcaption class=\"wp-caption-text\">Viktor Medved\u010duk, ukrajinsk\u00fd oligarcha zn\u00e1m\u00fd sv\u00fdmi prorusk\u00fdmi postoji<\/figcaption><\/figure>\n<p>Nap\u0159\u00edklad hlavn\u00edm zdrojem p\u0159\u00edjm\u016f Borise Johnsona v dob\u011b, kdy byl poslancem britsk\u00e9ho parlamentu, byly horentn\u011b placen\u00e9 honor\u00e1\u0159e za jeho sloupky v den\u00edku\u00a0<em>The Daily Telegraph<\/em>, co\u017e nikdo neskr\u00fdval.\u00a0<strong>Leg\u00e1lnost t\u011bchto plateb nebyla zpochybn\u011bna, p\u0159esto\u017ee byly zjevn\u011b nadm\u011brn\u00e9 a podez\u0159ele nadhodnocen\u00e9 [<a href=\"https:\/\/href.li\/?https:\/\/www.theguardian.com\/politics\/2018\/oct\/03\/daily-telegraph-rehires-boris-johnson-on-275000-salary\" target=\"_blank\" rel=\"nofollow noopener\">5<\/a>] ze strany vydavatele.<\/strong>\u00a0Z pohledu establishmentu to v\u0161ak byly ty \u201cspr\u00e1vn\u00e9\u201d sloupky, tak\u017ee z toho nikdo ned\u011blal skand\u00e1l. Ale za \u201c\u0161patn\u00e9\u201d n\u00e1zory, kter\u00e9 se rozch\u00e1zej\u00ed s n\u00e1zory elit, m\u016f\u017ee b\u00fdt \u010dlov\u011bk dnes ozna\u010den za \u201cplacen\u00e9ho agenta Kremlu\u201d, \u010deho\u017e jsme nyn\u00ed sv\u011bdky.<\/p>\n<h6><span style=\"font-size: 18pt;\">Britsk\u00fd IPSOS \u0161okoval evropsk\u00e9 apar\u00e1t\u010diky t\u00edm, \u017ee opozi\u010dn\u00ed, pravicov\u00e9 a proti-v\u00e1le\u010dn\u00e9 strany pos\u00edl\u00ed v Evropsk\u00e9m parlamentu<\/span><\/h6>\n<p>Zde stoj\u00ed za zvl\u00e1\u0161tn\u00ed pozornost skute\u010dnost, \u017ee\u00a0<em>\u201codhalen\u00ed<\/em>\u201d n\u00e1sledovalo t\u00e9m\u011b\u0159 bezprost\u0159edn\u011b po za\u010d\u00e1tku stra\u0161liv\u00e9 paniky, kter\u00e1 zachv\u00e1tila hlavn\u00ed m\u00e9dia v Evrop\u011b v souvislosti se zve\u0159ejn\u011bn\u00edm rozs\u00e1hl\u00e9ho pr\u016fzkumu\u00a0<strong>[<a href=\"https:\/\/href.li\/?https:\/\/www.ipsos.com\/sites\/default\/files\/ct\/news\/documents\/2024-03\/ipsos-euronews-european-election-projection-parlement-rapport.pdf\" target=\"_blank\" rel=\"nofollow noopener\">6<\/a>]<\/strong>\u00a0ve\u0159ejn\u00e9ho m\u00edn\u011bn\u00ed obyvatel kontinentu sociologickou spole\u010dnost\u00ed IPSOS.<\/p>\n<p>Z tohoto pr\u016fzkumu vyplynulo, \u017ee v\u00fdsledky \u010dervnov\u00fdch voleb do EU parlamentu dramaticky oslab\u00ed zastoupen\u00ed etablovan\u00fdch euro-liber\u00e1ln\u00edch stran v p\u0159\u00ed\u0161t\u00edm Evropsk\u00e9m parlamentu. Televizn\u00ed stanice Euronews, kter\u00e1 si pr\u016fzkum objednala, dosp\u011bla k d\u011bsiv\u00e9mu z\u00e1v\u011bru:\u00a0<strong>\u201c<em>Znamen\u00e1 to, \u017ee poprv\u00e9 v historii bude m\u00edt pravicov\u00e1 koalice zahrnuj\u00edc\u00ed krajn\u00ed pravici potenci\u00e1l p\u0159evz\u00edt kontrolu nad parlamentem!<\/em>\u201c<\/strong><\/p>\n<figure id=\"attachment_36630\" class=\"wp-caption aligncenter\" style=\"width: 709px;\"><a href=\"https:\/\/aeronet.news\/wp-content\/uploads\/Boris-Johnson-0209.jpg\"><img decoding=\"async\" loading=\"lazy\" class=\"wp-image-36630 \" src=\"https:\/\/aeronet.news\/wp-content\/uploads\/Boris-Johnson-0209-1024x682.jpg\" sizes=\"(max-width: 700px) 100vw, 700px\" srcset=\"https:\/\/aeronet.news\/wp-content\/uploads\/Boris-Johnson-0209-1024x682.jpg 1024w, https:\/\/aeronet.news\/wp-content\/uploads\/Boris-Johnson-0209-300x200.jpg 300w, https:\/\/aeronet.news\/wp-content\/uploads\/Boris-Johnson-0209-768x512.jpg 768w, https:\/\/aeronet.news\/wp-content\/uploads\/Boris-Johnson-0209-700x467.jpg 700w, https:\/\/aeronet.news\/wp-content\/uploads\/Boris-Johnson-0209-536x357.jpg 536w, https:\/\/aeronet.news\/wp-content\/uploads\/Boris-Johnson-0209-725x483.jpg 725w\" alt=\"\" width=\"709\" height=\"473\" \/><\/a><figcaption class=\"wp-caption-text\">Boris Johnson jako poslanec parlamentu bral podez\u0159ele obrovsk\u00e9 honor\u00e1\u0159e za \u010dl\u00e1nky pro The Herald Tribune, ale nikomu to nep\u0159ipadalo podivn\u00e9<\/figcaption><\/figure>\n<p>A jen o n\u011bkolik dn\u00ed pozd\u011bji zve\u0159ejnily \u010desk\u00e9 \u00fa\u0159ady Koudelkovu senzaci a p\u0159edlo\u017eily seznam pr\u00fd ovlivn\u011bn\u00fdch zem\u00ed, kter\u00fd se pln\u011b shoduje se zem\u011bmi, kde IPSOS odhalil prudk\u00fd n\u00e1r\u016fst popularity anti-establishmentov\u00fdch stran! A hned n\u00e1sleduj\u00edc\u00ed den za\u010d\u00edn\u00e1 v t\u011bchto zem\u00edch zjevn\u011b koordinovan\u00e1 kampa\u0148 \u0161ikany pr\u00e1v\u011b t\u011bch nesyst\u00e9mov\u00fdch stran, kter\u00e9 vedou v pr\u016fzkumech a v\u00e1lcuj\u00ed euroliber\u00e1ly. Nap\u0159\u00edklad belgick\u00fd premi\u00e9r Alexandre De Croix den po ozn\u00e1men\u00ed Prahy prohl\u00e1sil\u00a0<strong>[<a href=\"https:\/\/href.li\/?https:\/\/www.politico.eu\/article\/russia-disinformation-propaganda-members-of-european-parliament-belgium-alexander-de-croo\/\" target=\"_blank\" rel=\"nofollow noopener\">7<\/a>]<\/strong>, \u017ee zpravodajsk\u00e9 slu\u017eby jeho zem\u011b ji\u017e \u00fazce spolupracuj\u00ed s \u010desk\u00fdmi kolegy na zni\u010den\u00ed \u201c<em>rusk\u00e9 propagandistick\u00e9 s\u00edt\u011b<\/em>\u201c. Jak operativn\u00ed!<\/p>\n<h6><span style=\"font-size: 18pt;\">Evropsk\u00e9 elity se d\u011bs\u00ed\u00a0<em>orbanizace<\/em>\u00a0Evropsk\u00e9ho parlamentu po volb\u00e1ch<\/span><\/h6>\n<p>Konkr\u00e9tn\u00ed jm\u00e9na \u201c<em>rusk\u00fdch agent\u016f<\/em>\u201d ale tak\u00e9 neuvedl, ov\u0161em pr\u016fzkumy\u00a0<strong>[<a href=\"https:\/\/href.li\/?https:\/\/www.thetimes.co.uk\/article\/hormonal-voters-could-hand-hard-right-victory-eu-chief-fears-783p5g7r5\" target=\"_blank\" rel=\"nofollow noopener\">8<\/a>]<\/strong>\u00a0ve\u0159ejn\u00e9ho m\u00edn\u011bn\u00ed uk\u00e1zaly:\u00a0<strong>\u201c<em>V Belgii by se krajn\u011b pravicov\u00e1, nacionalistick\u00e1 a separatistick\u00e1 strana Vl\u00e1msk\u00fd z\u00e1jem neboli Vlaams Belang mohla na konci \u010dervnov\u00fdch voleb st\u00e1t nejv\u011bt\u0161\u00ed stranou v zemi, co\u017e by mohlo vyvolat \u00fastavn\u00ed krizi.<\/em>\u201c<\/strong><\/p>\n<p>Jak p\u0159\u00edhodn\u00e1 doba k obvin\u011bn\u00ed z \u201c<em>p\u0159ij\u00edm\u00e1n\u00ed pen\u011bz z Ruska<\/em>\u201d pr\u00e1v\u011b v t\u00e9to chv\u00edli, \u017ee? Pane\u010dku, tolik n\u00e1hod najednou, a\u017e se to \u010dlov\u011bku nechce v\u011b\u0159it, \u017ee by to byly jen n\u00e1hody. V sousedn\u00edm Nizozemsku, kde syst\u00e9mov\u00e9 strany ji\u017e prohr\u00e1ly podzimn\u00ed parlamentn\u00ed volby a zaost\u00e1vaj\u00ed v pr\u016fzkumech ve volb\u00e1ch do Evropsk\u00e9ho parlamentu, se otev\u0159en\u011b uk\u00e1zalo prstem na stranu\u00a0<em>F\u00f3rum pro demokracii<\/em>\u00a0(FVD), kter\u00e1 prosazuje sta\u017een\u00ed podpory Ukrajin\u011b.<\/p>\n<figure id=\"attachment_55777\" class=\"wp-caption aligncenter\" style=\"width: 711px;\"><a href=\"https:\/\/aeronet.news\/wp-content\/uploads\/OrbanQatarEconForumFT.jpg\"><img decoding=\"async\" loading=\"lazy\" class=\"wp-image-55777 \" src=\"https:\/\/aeronet.news\/wp-content\/uploads\/OrbanQatarEconForumFT-1024x576.jpg\" sizes=\"(max-width: 700px) 100vw, 700px\" srcset=\"https:\/\/aeronet.news\/wp-content\/uploads\/OrbanQatarEconForumFT-1024x576.jpg 1024w, https:\/\/aeronet.news\/wp-content\/uploads\/OrbanQatarEconForumFT-300x169.jpg 300w, https:\/\/aeronet.news\/wp-content\/uploads\/OrbanQatarEconForumFT-768x432.jpg 768w, https:\/\/aeronet.news\/wp-content\/uploads\/OrbanQatarEconForumFT-700x394.jpg 700w, https:\/\/aeronet.news\/wp-content\/uploads\/OrbanQatarEconForumFT-635x357.jpg 635w, https:\/\/aeronet.news\/wp-content\/uploads\/OrbanQatarEconForumFT-859x483.jpg 859w, https:\/\/aeronet.news\/wp-content\/uploads\/OrbanQatarEconForumFT.jpg 1280w\" alt=\"\" width=\"711\" height=\"400\" \/><\/a><figcaption class=\"wp-caption-text\">Evropsk\u00e9 elity se boj\u00ed vlivu Viktora Orb\u00e1na na nov\u00fd Evropsk\u00fd parlament po volb\u00e1ch<\/figcaption><\/figure>\n<p>Noviny NRC, prezentuj\u00edc\u00ed\u00a0<strong>[<a href=\"https:\/\/href.li\/?https:\/\/www.nrc.nl\/nieuws\/2024\/03\/28\/omstreden-pro-russische-website-voice-of-europe-was-ook-podium-voor-fvd-prominenten-a4194539\" target=\"_blank\" rel=\"nofollow noopener\">9<\/a>]<\/strong>\u00a0\u010deskou \u201csenzaci\u201d, dokonce nazvaly sv\u016fj \u010dl\u00e1nek \u201c<em>Hlas Evropy \u2013 p\u00f3dium pro FVD<\/em>\u201c. \u010cl\u00e1nek p\u0159ipomn\u011bl, \u017ee dva l\u00edd\u0159i t\u00e9to strany loni poskytli rozhovor \u010desk\u00e9mu webu, kde vyzvali (jak\u00e1 to no\u010dn\u00ed m\u016fra!) k m\u00edru na Ukrajin\u011b! Tolik tedy k obvin\u011bn\u00ed. A v\u016fbec nevad\u00ed, \u017ee p\u0159edstavitel\u00e9 strany reagovali slovy: \u201c<em>Chceme m\u00edr. Za p\u0159ed\u00e1n\u00ed tohoto poselstv\u00ed nepot\u0159ebujeme \u017e\u00e1dnou \u00faplatu!<\/em>\u201c. A tato hysterie nyn\u00ed panuje prakticky ve v\u0161ech zem\u00edch, kter\u00e9 Petr Fiala vyjmenoval, kde pr\u00fd\u00a0<em>Voice of Europe<\/em>\u00a0\u0161\u00ed\u0159il svoji \u00fadajnou vlivovou propagandu.<\/p>\n<p>A ne\u0161lo by vlastn\u011b o nic, kdybychom mluvili jen o hysterii v m\u00e9di\u00edch. Jen\u017ee\u00a0<strong>tady u\u017e mluv\u00edme o domovn\u00edch prohl\u00eddk\u00e1ch v domech opozi\u010dn\u00edch politik\u016f, o vy\u0161et\u0159ov\u00e1n\u00ed opozi\u010dn\u00edch l\u00eddr\u016f, o zapojen\u00ed speci\u00e1ln\u00edch slu\u017eeb.<\/strong>\u00a0Jin\u00fdmi slovy, z\u00e1sah proti opozici v evropsk\u00fdch zem\u00edch dosahuje syst\u00e9mov\u00e9 \u00farovn\u011b! A to v\u0161e se odehr\u00e1v\u00e1 vlastn\u011b uprost\u0159ed volebn\u00ed kampan\u011b do EU parlamentu.<\/p>\n<p><strong>Nem\u011blo by n\u00e1s p\u0159ekvapovat, \u017ee p\u0159ed ka\u017ed\u00fdmi volbami na Z\u00e1pad\u011b se z ni\u010deho nic zrod\u00ed dal\u0161\u00ed\u00a0<em>Russiagate<\/em>, kter\u00e1 obvykle skon\u010d\u00ed t\u00e9m\u011b\u0159 okam\u017eit\u011b po uzav\u0159en\u00ed volebn\u00edch m\u00edstnost\u00ed.<\/strong>\u00a0S nejv\u011bt\u0161\u00ed pravd\u011bpodobnost\u00ed se tak stane i po volb\u00e1ch do Evropsk\u00e9ho parlamentu. A jako obvykle se nikdo z bojovn\u00edk\u016f proti \u201crusk\u00e9 hrozb\u011b\u201d nebude zodpov\u00eddat ze sv\u00fdch primitivn\u00edch l\u017e\u00ed.<\/p>\n<h6><span style=\"font-size: 18pt;\">Nositel Tenetovy ceny CIA a brig\u00e1dn\u00ed gener\u00e1l-\u0161pion op\u011bt zasahuje p\u0159ed volbami s c\u00edlem o\u017eivit Russiagate v Evrop\u011b<\/span><\/h6>\n<p>Je naprosto nepochybn\u00e9, \u017ee jde o sou\u010d\u00e1st\u00a0<em>Operace Gladio<\/em>\u00a0podle dispozic CIA, ale s ur\u010dit\u00fdmi modifikacemi na evropsk\u00e9 pom\u011bry. Domovn\u00ed prohl\u00eddky u opozi\u010dn\u00edch politik\u016f v Polsku jsou alarmuj\u00edc\u00ed a zat\u00edm jde podle v\u0161eho jen o pilotn\u00ed vla\u0161tovku, v podstat\u011b o zji\u0161t\u011bn\u00ed reakce ve\u0159ejnosti na takov\u00fd z\u00e1sah. Kdokoliv se dnes vyj\u00e1d\u0159\u00ed pro m\u00edr na Ukrajin\u011b, je okam\u017eit\u011b on\u00e1lepkov\u00e1n jako agent Kremlu. A jak se zd\u00e1, ta n\u00e1lepka u\u017e nesta\u010d\u00ed a v Polsku ji\u017e prob\u00edhaj\u00ed domovn\u00ed razie.<\/p>\n<p><strong>Je pouze ot\u00e1zkou \u010dasu, ne\u017e ty razie doraz\u00ed i do \u010cR a budou prob\u00edhat domovn\u00ed prohl\u00eddky u Jind\u0159icha Rajchla, u V\u00e1clava Klause, u Tomia Okamury nebo u Jaroslava Foldyny<\/strong>, p\u0159i\u010dem\u017e se budou hledat pen\u00edze v hotovosti, kter\u00e9 si t\u0159eba politik dr\u017e\u00ed doma jako \u017eeleznou rezervu pro p\u0159\u00edpad krachu banky nebo v\u00fdpadku platebn\u00edch syst\u00e9m\u016f, ale BIS okam\u017eit\u011b prohl\u00e1s\u00ed, \u017ee m\u00e1 podez\u0159en\u00ed, \u017ee jde o pen\u00edze z Kremlu.<\/p>\n<figure id=\"attachment_59113\" class=\"wp-caption aligncenter\" style=\"width: 759px;\"><a href=\"https:\/\/aeronet.news\/wp-content\/uploads\/KoudelkaPavelDekret.jpg\"><img decoding=\"async\" loading=\"lazy\" class=\"wp-image-59113 \" src=\"https:\/\/aeronet.news\/wp-content\/uploads\/KoudelkaPavelDekret-1024x538.jpg\" sizes=\"(max-width: 700px) 100vw, 700px\" srcset=\"https:\/\/aeronet.news\/wp-content\/uploads\/KoudelkaPavelDekret-1024x538.jpg 1024w, https:\/\/aeronet.news\/wp-content\/uploads\/KoudelkaPavelDekret-300x158.jpg 300w, https:\/\/aeronet.news\/wp-content\/uploads\/KoudelkaPavelDekret-768x403.jpg 768w, https:\/\/aeronet.news\/wp-content\/uploads\/KoudelkaPavelDekret-700x368.jpg 700w, https:\/\/aeronet.news\/wp-content\/uploads\/KoudelkaPavelDekret-680x357.jpg 680w, https:\/\/aeronet.news\/wp-content\/uploads\/KoudelkaPavelDekret-920x483.jpg 920w, https:\/\/aeronet.news\/wp-content\/uploads\/KoudelkaPavelDekret.jpg 1280w\" alt=\"\" width=\"759\" height=\"399\" \/><\/a><figcaption class=\"wp-caption-text\">Prezident Petr Pavel jmenoval Michala Koudelku brig\u00e1dn\u00edm gener\u00e1lem<\/figcaption><\/figure>\n<p>Tohle u\u017e nejsou jenom ne\u0161kodn\u00e9 n\u00e1lepky z m\u00e9di\u00ed, to je fa\u0161ismus a teror nam\u00ed\u0159en\u00fd proti opozici, kter\u00e1 nevyzn\u00e1v\u00e1 v\u00e1le\u010dnou politiku vl\u00e1dy a evropsk\u00fdch elit. Prost\u011b vid\u00edme snahu o likvidaci protiv\u00e1le\u010dn\u00e9 opozice v Evrop\u011b pod z\u00e1minkou, \u017ee tuto opozici vytvo\u0159il a zaplatil Kreml. Brig\u00e1dn\u00ed gener\u00e1l-\u0161pion je velice nebezpe\u010dn\u00fd, proto\u017ee to nen\u00ed poprv\u00e9.<\/p>\n<p>Nejprve zat\u00e1hl \u010ceskou republiku na seznam nep\u0159\u00e1telsk\u00fdch zem\u00ed Ruska\u00a0<strong>[<a href=\"https:\/\/aeronet.news\/cesko-na-seznamu-nepratelskych-zemi-ruske-federace-je-potvrzenim-bezprecedentniho-lokajstvi-ceske-vlady-k-samozvanym-panum-sveta-z-usa-proc-se-nakonec-na-seznam-dostaly-jen-dve-zeme\/\">10<\/a>]<\/strong>\u00a0v d\u016fsledku zpravodajsk\u00fdch her\u00a0<em>Vrb\u011btice<\/em>\u00a0a\u00a0<em>Ricin<\/em>\u00a0v r\u00e1mci \u0161irok\u00e9 operace Gladio v letech 2020 a 2021, a nyn\u00ed je to \u00fatok na opozi\u010dn\u00ed strany a jejich l\u00eddry nejen v \u010cR, ale i v dal\u0161\u00edch 6 zem\u00edch EU, kde p\u0159ed volbami do EU parlamentu protiv\u00e1le\u010dn\u00e1 opozice v\u00e1lcuje pr\u016fzkumy! Nejedn\u00e1 se tud\u00ed\u017e o nic jin\u00e9ho ne\u017e o tzv. aktivn\u00ed opat\u0159en\u00ed (AO) Koudelkovy st\u00e1tn\u00ed bezpe\u010dnosti s p\u0159esahem do 6 evropsk\u00fdch st\u00e1t\u016f. Koudelk\u016fv \u0159\u00edd\u00edc\u00ed d\u016fstojn\u00edk v Langley bude jist\u011b spokojen.<\/p>\n<p><a href=\"https:\/\/aeronet.news\/brigadni-general-spion-koudelka-vypnul-v-ramci-operace-gladio-prakticky-neznamy-zpravodajsky-web-ukrajinskeho-oligarchy-ten-pry-siril-propagandu-kremlu-tim-ze-zval-k-rozhovorum-nejen-ceske-politiky\/\">-VK- \u0160\u00e9fredaktor AE News<\/a><\/p>\n<p>&nbsp;<\/p>\n<p><a href=\"https:\/\/stranapro.cz\/\"><img decoding=\"async\" loading=\"lazy\" class=\"wp-image-40286 aligncenter\" src=\"http:\/\/www.infokuryr.cz\/n\/wp-content\/uploads\/2023\/11\/12pro-300x87.png\" alt=\"\" width=\"890\" height=\"258\" srcset=\"https:\/\/www.infokuryr.cz\/n\/wp-content\/uploads\/2023\/11\/12pro-300x87.png 300w, https:\/\/www.infokuryr.cz\/n\/wp-content\/uploads\/2023\/11\/12pro.png 366w\" sizes=\"(max-width: 890px) 100vw, 890px\" \/><\/a><\/p>\n<p>&nbsp;<\/p>\n<p>&nbsp;<\/p>\n","protected":false},"excerpt":{"rendered":"<p>Brig\u00e1dn\u00ed gener\u00e1l-\u0161pion Koudelka vypnul v r\u00e1mci Operace Gladio prakticky nezn\u00e1m\u00fd zpravodajsk\u00fd web ukrajinsk\u00e9ho oligarchy! Ten&#8230;<\/p>\n","protected":false},"author":2,"featured_media":50969,"comment_status":"closed","ping_status":"closed","sticky":false,"template":"","format":"standard","meta":[],"categories":[6],"tags":[146,187,7025,20],"_links":{"self":[{"href":"https:\/\/www.infokuryr.cz\/n\/wp-json\/wp\/v2\/posts\/50968"}],"collection":[{"href":"https:\/\/www.infokuryr.cz\/n\/wp-json\/wp\/v2\/posts"}],"about":[{"href":"https:\/\/www.infokuryr.cz\/n\/wp-json\/wp\/v2\/types\/post"}],"author":[{"embeddable":true,"href":"https:\/\/www.infokuryr.cz\/n\/wp-json\/wp\/v2\/users\/2"}],"replies":[{"embeddable":true,"href":"https:\/\/www.infokuryr.cz\/n\/wp-json\/wp\/v2\/comments?post=50968"}],"version-history":[{"count":0,"href":"https:\/\/www.infokuryr.cz\/n\/wp-json\/wp\/v2\/posts\/50968\/revisions"}],"wp:featuredmedia":[{"embeddable":true,"href":"https:\/\/www.infokuryr.cz\/n\/wp-json\/wp\/v2\/media\/50969"}],"wp:attachment":[{"href":"https:\/\/www.infokuryr.cz\/n\/wp-json\/wp\/v2\/media?parent=50968"}],"wp:term":[{"taxonomy":"category","embeddable":true,"href":"https:\/\/www.infokuryr.cz\/n\/wp-json\/wp\/v2\/categories?post=50968"},{"taxonomy":"post_tag","embeddable":true,"href":"https:\/\/www.infokuryr.cz\/n\/wp-json\/wp\/v2\/tags?post=50968"}],"curies":[{"name":"wp","href":"https:\/\/api.w.org\/{rel}","templated":true}]}}