{"id":50966,"date":"2024-04-03T04:39:18","date_gmt":"2024-04-03T02:39:18","guid":{"rendered":"https:\/\/www.infokuryr.cz\/n\/?p=50966"},"modified":"2024-04-03T04:39:18","modified_gmt":"2024-04-03T02:39:18","slug":"media-taji-vysledky-voleb-na-ukrajine-proc","status":"publish","type":"post","link":"https:\/\/www.infokuryr.cz\/n\/2024\/04\/03\/media-taji-vysledky-voleb-na-ukrajine-proc\/","title":{"rendered":"Media taj\u00ed v\u00fdsledky voleb na Ukrajin\u011b. Pro\u010d?!"},"content":{"rendered":"<div id=\"fb-root\"><\/div>\n<p><strong>Podle ukrajinsk\u00e9 \u00fastavy m\u011bly o v\u00edkendu prob\u011bhnout\u00a0<a href=\"https:\/\/en.wikipedia.org\/wiki\/Next_Ukrainian_presidential_election\">ukrajinsk\u00e9 prezidentsk\u00e9 volby<\/a>. Asi se div\u00edte, \u017ee?! Media, kter\u00e1 jsou pln\u00e1 zpr\u00e1v z Ukrajiny, o nich ml\u010d\u00ed. Pro\u010d?!<\/strong><\/p>\n<p>Prezident <strong>Zelensk\u00fd m\u011bl obhajovat svoji politiku<\/strong>\u00a0od zvolen\u00ed v roce 2019. j<strong>eho politka je natolik \u00fasp\u011b\u0161n\u00e1, \u017ee se rad\u011bji rozhodl leto\u0161n\u00ed volby zru\u0161it \u2013 pr\u00fd nen\u00ed mezi lidmi <a href=\"https:\/\/edition.cnn.com\/2024\/03\/30\/europe\/ukraine-election-zelensky-intl\/index.html\">chu\u0165 j\u00edt k volb\u00e1m<\/a>!<\/strong>!!. \u00a8Musel by se pr\u00fd zru\u0161it v\u00fdjime\u010dn\u00fd stav a to se Zelensk\u00e9mu a jeho suit\u011b nechce. P\u0159itom v\u00e1le\u010dn\u00fd konflikt je omezen pouze na v\u00fdchod zem\u011b a po\u0159\u00e1d\u00e1n\u00ed voleb ve zbytku zem\u011b nic nebr\u00e1n\u00ed! <strong>To je ta prav\u00e1 liber\u00e1ln\u00ed demokracie! Pro\u010d se p\u00e1rat s volbami, v\u017edy\u0165 u\u017e te\u010f vl\u00e1dnou ti nejlep\u0161\u00ed a vyvolen\u00ed! \u00dad\u011bl Ukrajinc\u016f je je um\u00edrat v ciz\u00ed v\u00e1lce, volit u\u017e je re\u017eim nenech\u00e1. Je\u0161t\u011b by mohli d\u011blat pot\u00ed\u017ee a kdo pak m\u00e1 ty volby fal\u0161ovat?!<\/strong><\/p>\n<p>Dovedete si p\u0159edstavit ten \u0159ev, kdyby se n\u011bco i jen vzd\u00e1len\u011b podobn\u00e9ho d\u011blo v Rusku, Ma\u010farsku apod.\u2026.?! V <strong>p\u0159\u00edpad\u011b Ukrajiny je ale ticho po p\u011b\u0161in\u011b. Ministr v zahrani\u010d\u00ed Lipavsk\u00fd ml\u010d\u00ed, ml\u010d\u00ed i \u201eteta z Vinohrad\u201c alias min. obrany J. \u010cernochov\u00e1. ml\u010d\u00ed premi\u00e9r Fiala, ml\u010d\u00ed ofici\u00e1ln\u00ed media a v\u00e1le\u010dn\u00ed aktivist\u00e9.<\/strong><\/p>\n<p><strong>Kdy\u017e se pod\u00edv\u00e1me na liber\u00e1ln\u011b demokratick\u00e9 volby v Evrop\u011b a v USA, tak je to vlastn\u011b jedno. Maj\u00ed se volby fal\u0161ovat, nebo rovnou zru\u0161it?! Je to \u201ep\u011b\u0161ky, jako za vozem\u201c\u2026.!<\/strong><\/p>\n<p><a href=\"https:\/\/ceskavec.com\/2024\/04\/media-taji-vysledky-voleb-na-ukrajine-proc\">A. Fisher<\/a><\/p>\n<p>&nbsp;<\/p>\n","protected":false},"excerpt":{"rendered":"<p>Podle ukrajinsk\u00e9 \u00fastavy m\u011bly o v\u00edkendu prob\u011bhnout\u00a0ukrajinsk\u00e9 prezidentsk\u00e9 volby. Asi se div\u00edte, \u017ee?! Media, kter\u00e1&#8230;<\/p>\n","protected":false},"author":2,"featured_media":50967,"comment_status":"closed","ping_status":"closed","sticky":false,"template":"","format":"standard","meta":[],"categories":[7],"tags":[26,27,1000],"_links":{"self":[{"href":"https:\/\/www.infokuryr.cz\/n\/wp-json\/wp\/v2\/posts\/50966"}],"collection":[{"href":"https:\/\/www.infokuryr.cz\/n\/wp-json\/wp\/v2\/posts"}],"about":[{"href":"https:\/\/www.infokuryr.cz\/n\/wp-json\/wp\/v2\/types\/post"}],"author":[{"embeddable":true,"href":"https:\/\/www.infokuryr.cz\/n\/wp-json\/wp\/v2\/users\/2"}],"replies":[{"embeddable":true,"href":"https:\/\/www.infokuryr.cz\/n\/wp-json\/wp\/v2\/comments?post=50966"}],"version-history":[{"count":0,"href":"https:\/\/www.infokuryr.cz\/n\/wp-json\/wp\/v2\/posts\/50966\/revisions"}],"wp:featuredmedia":[{"embeddable":true,"href":"https:\/\/www.infokuryr.cz\/n\/wp-json\/wp\/v2\/media\/50967"}],"wp:attachment":[{"href":"https:\/\/www.infokuryr.cz\/n\/wp-json\/wp\/v2\/media?parent=50966"}],"wp:term":[{"taxonomy":"category","embeddable":true,"href":"https:\/\/www.infokuryr.cz\/n\/wp-json\/wp\/v2\/categories?post=50966"},{"taxonomy":"post_tag","embeddable":true,"href":"https:\/\/www.infokuryr.cz\/n\/wp-json\/wp\/v2\/tags?post=50966"}],"curies":[{"name":"wp","href":"https:\/\/api.w.org\/{rel}","templated":true}]}}