{"id":50964,"date":"2024-04-03T00:52:53","date_gmt":"2024-04-02T22:52:53","guid":{"rendered":"https:\/\/www.infokuryr.cz\/n\/?p=50964"},"modified":"2024-04-02T19:43:44","modified_gmt":"2024-04-02T17:43:44","slug":"v-nemecku-se-masove-zapaluji-auta-s-ukrajinskymi-spz","status":"publish","type":"post","link":"https:\/\/www.infokuryr.cz\/n\/2024\/04\/03\/v-nemecku-se-masove-zapaluji-auta-s-ukrajinskymi-spz\/","title":{"rendered":"V N\u011bmecku se masov\u011b zapaluj\u00ed auta s ukrajinsk\u00fdmi SPZ"},"content":{"rendered":"<div id=\"fb-root\"><\/div>\n<p class=\"lead\"><strong>Nezn\u00e1m\u00ed lid\u00e9 zap\u00e1lili t\u0159i auta s ukrajinsk\u00fdmi pozn\u00e1vac\u00edmi zna\u010dkami najednou v n\u011bmeck\u00e9m m\u011bst\u011b Nordhausen ve spolkov\u00e9 zemi Durynsko, uvedla televize MDR s odvol\u00e1n\u00edm na org\u00e1ny \u010dinn\u00e9 v trestn\u00edm \u0159\u00edzen\u00ed.<\/strong><\/p>\n<p><span>V\u0161echny t\u0159i po\u0161kozen\u00e9 vozy m\u011bly ukrajinsk\u00e9 pozn\u00e1vac\u00ed zna\u010dky. Podle org\u00e1n\u016f \u010dinn\u00fdch v trestn\u00edm \u0159\u00edzen\u00ed se \u0161koda zp\u016fsoben\u00e1 \u017eh\u00e1\u0159stv\u00edm odhaduje na 30 000 eur. (750.000,-K\u010d)<\/span><\/p>\n<p><em>&#8222;Vzhledem k tomu, \u017ee auta byla bl\u00edzko sebe, policie se domn\u00edv\u00e1, \u017ee v\u0161echna t\u0159i auta zap\u00e1lila stejn\u00e1 skupina \u00fato\u010dn\u00edk\u016f,&#8220; <span class=\"after-quote\">\u00a0&#8211; poznamenal televizn\u00ed kan\u00e1l.<\/span><\/em><\/p>\n<p><span>V sou\u010dasn\u00e9 dob\u011b str\u00e1\u017eci z\u00e1kona p\u00e1traj\u00ed po sv\u011bdc\u00edch trojn\u00e1sobn\u00e9ho \u017eh\u00e1\u0159stv\u00ed, ke kter\u00e9mu do\u0161lo na hlavn\u00ed ulici m\u011bsta. Policie pozd\u011bji tak\u00e9 objevila oho\u0159elou dod\u00e1vku s ukrajinsk\u00fdmi zna\u010dkami aut ve m\u011bst\u011b Schlotheim, kter\u00e9 se rovn\u011b\u017e nach\u00e1z\u00ed v Durynsku. Policie nedok\u00e1zala potvrdit ani vyvr\u00e1tit souvislost mezi zap\u00e1len\u00edm dod\u00e1vky a t\u0159emi auty v Nordhausenu. Org\u00e1ny \u010dinn\u00e9 v trestn\u00edm \u0159\u00edzen\u00ed zd\u016fraznily, \u017ee okolnosti ka\u017ed\u00e9ho z incident\u016f jsou v sou\u010dasn\u00e9 dob\u011b zji\u0161\u0165ov\u00e1ny.<\/span><\/p>\n<p><img decoding=\"async\" loading=\"lazy\" class=\"alignnone size-full wp-image-1185\" src=\"http:\/\/www.infokuryr.cz\/n\/wp-content\/uploads\/2021\/04\/kuryr-podpis.png\" alt=\"\" width=\"84\" height=\"24\" \/><\/p>\n<p>&nbsp;<\/p>\n","protected":false},"excerpt":{"rendered":"<p>Nezn\u00e1m\u00ed lid\u00e9 zap\u00e1lili t\u0159i auta s ukrajinsk\u00fdmi pozn\u00e1vac\u00edmi zna\u010dkami najednou v n\u011bmeck\u00e9m m\u011bst\u011b Nordhausen ve&#8230;<\/p>\n","protected":false},"author":2,"featured_media":50965,"comment_status":"closed","ping_status":"closed","sticky":false,"template":"","format":"standard","meta":[],"categories":[7],"tags":[2074,84,1635,2802],"_links":{"self":[{"href":"https:\/\/www.infokuryr.cz\/n\/wp-json\/wp\/v2\/posts\/50964"}],"collection":[{"href":"https:\/\/www.infokuryr.cz\/n\/wp-json\/wp\/v2\/posts"}],"about":[{"href":"https:\/\/www.infokuryr.cz\/n\/wp-json\/wp\/v2\/types\/post"}],"author":[{"embeddable":true,"href":"https:\/\/www.infokuryr.cz\/n\/wp-json\/wp\/v2\/users\/2"}],"replies":[{"embeddable":true,"href":"https:\/\/www.infokuryr.cz\/n\/wp-json\/wp\/v2\/comments?post=50964"}],"version-history":[{"count":0,"href":"https:\/\/www.infokuryr.cz\/n\/wp-json\/wp\/v2\/posts\/50964\/revisions"}],"wp:featuredmedia":[{"embeddable":true,"href":"https:\/\/www.infokuryr.cz\/n\/wp-json\/wp\/v2\/media\/50965"}],"wp:attachment":[{"href":"https:\/\/www.infokuryr.cz\/n\/wp-json\/wp\/v2\/media?parent=50964"}],"wp:term":[{"taxonomy":"category","embeddable":true,"href":"https:\/\/www.infokuryr.cz\/n\/wp-json\/wp\/v2\/categories?post=50964"},{"taxonomy":"post_tag","embeddable":true,"href":"https:\/\/www.infokuryr.cz\/n\/wp-json\/wp\/v2\/tags?post=50964"}],"curies":[{"name":"wp","href":"https:\/\/api.w.org\/{rel}","templated":true}]}}