{"id":5089,"date":"2021-09-30T06:12:50","date_gmt":"2021-09-30T04:12:50","guid":{"rendered":"http:\/\/www.infokuryr.cz\/n\/?p=5089"},"modified":"2021-09-30T06:12:50","modified_gmt":"2021-09-30T04:12:50","slug":"zapadni-diplomacie-doprosovani-se-teroristu","status":"publish","type":"post","link":"https:\/\/www.infokuryr.cz\/n\/2021\/09\/30\/zapadni-diplomacie-doprosovani-se-teroristu\/","title":{"rendered":"Z\u00e1padn\u00ed diplomacie: Dopro\u0161ov\u00e1n\u00ed se terorist\u016f"},"content":{"rendered":"<div id=\"fb-root\"><\/div>\n<p>N\u011bmeck\u00e1 arm\u00e1da vznikl\u00e1 v dob\u011b studen\u00e9 v\u00e1lky b\u00fdvala p\u00e1te\u0159\u00ed sil NATO v Evrop\u011b. Dnes je to&#8230; &#8222;kvazihumanit\u00e1rn\u00ed organizace, n\u011bco jako ozbrojen\u00ed L\u00e9ka\u0159i bez hranic.&#8220;<\/p>\n<p>Ameri\u010dt\u00ed p\u0159edstavitel\u00e9 \u2013 asi dosud m\u00e1lo pon\u00ed\u017een\u00ed \u2013 se pokusili z\u00edskat od T\u00e1lib\u00e1nu z\u00e1ruky, \u017ee v\u00fdm\u011bnou za pomoc neza\u00fato\u010d\u00ed na americkou ambas\u00e1du v K\u00e1bulu.<\/p>\n<p>Afgh\u00e1nsk\u00e9 feministky spol\u00e9haly na solidaritu sv\u00fdch n\u011bmeck\u00fdch kolegy\u0148. Ale n\u011bme\u010dt\u00ed Zelen\u00ed jsou z\u0159ejm\u011b p\u0159\u00edli\u0161 zanepr\u00e1zdn\u011bni vymaz\u00e1v\u00e1n\u00edm politik\u016f z ofici\u00e1ln\u00edch fotografi\u00ed za \u00fa\u010delem vlastn\u00ed feministick\u00e9 propagandy. Dob\u0159e, a co takov\u00e1 \u0161v\u00e9dsk\u00e1 arm\u00e1da? Ta byla zanepr\u00e1zdn\u011bna m\u00e1v\u00e1n\u00edm duhovou vlajkou LGBT.<\/p>\n<p>Americk\u00e1 arm\u00e1da se ve West Pointu zat\u00edm zab\u00fdv\u00e1 v\u00fdukou &#8222;kritick\u00e9 rasov\u00e9 teorie&#8220;. Na z\u00e1padn\u00ed front\u011b klid&#8230;.<\/p>\n<p>V takzvan\u00e9m &#8222;svobodn\u00e9m sv\u011bt\u011b&#8220; p\u0159etrv\u00e1v\u00e1 siln\u00e1 pachu\u0165 zrady.<\/p>\n<div class=\"article_body itemprop_articlebody\">\n<p>Ayaan Hirsi Ali\u00a0<a href=\"https:\/\/unherd.com\/2021\/08\/bidens-most-heartless-betrayal\/\" target=\"_blank\" rel=\"noopener\">napsala<\/a>: &#8222;To, \u010deho jsme byli sv\u011bdky tento t\u00fdden v Afgh\u00e1nist\u00e1nu, je p\u0159elomov\u00fd moment \u00fapadku Z\u00e1padu. Amerika se rad\u011bji star\u00e1 o spr\u00e1vn\u00e9 pou\u017e\u00edv\u00e1n\u00ed osobn\u00edch z\u00e1jmen (on \/ ona) ne\u017e o osud afgh\u00e1nsk\u00fdch \u017een.&#8220;<\/p>\n<p>M\u016f\u017eete to vid\u011bt na reakci z\u00e1padn\u00edch diplomat\u016f na dobyt\u00ed K\u00e1bulu T\u00e1lib\u00e1nem bez jedin\u00e9ho v\u00fdst\u0159elu \u2013 T\u00e1lib\u00e1n p\u0159ijel do hlavn\u00edho m\u011bsta jako skupina turist\u016f.<\/p>\n<p>Je\u0161t\u011b p\u0159edt\u00edm, ne\u017e T\u00e1lib\u00e1n ovl\u00e1dl cel\u00fd Afgh\u00e1nist\u00e1n,\u00a0<a href=\"https:\/\/www.reuters.com\/world\/asia-pacific\/eu-foreign-policy-chief-urges-afghan-government-work-with-taliban-2021-08-12\/\" target=\"_blank\" rel=\"noopener\">zap\u0159\u00edsahal<\/a>\u00a0neohro\u017een\u00fd \u0161\u00e9f evropsk\u00e9 zahrani\u010dn\u00ed politiky Josep Borrell Afgh\u00e1nce, aby se s T\u00e1lib\u00e1nem dohodli. &#8222;Afgh\u00e1nsk\u00e1 vl\u00e1da by m\u011bla s T\u00e1lib\u00e1nem vyjedn\u00e1vat a dos\u00e1hnout v\u0161eobecn\u00e9 dohody.&#8220;<\/p>\n<p>Ten sam\u00fd den, co tiskov\u00e1 agentura\u00a0<i>Associated Press<\/i>\u00a0(AP)\u00a0<a href=\"https:\/\/apnews.com\/article\/religion-taliban-7ab054c063e4ea1c14be9e4811f42982\" target=\"_blank\" rel=\"noopener\">ohla\u0161ovala<\/a>, co \u010dek\u00e1 miliony afgh\u00e1nsk\u00fdch \u017een, byly v parku v K\u00e1bulu \u2013 kter\u00fd je nyn\u00ed \u00fato\u010di\u0161t\u011bm uprchl\u00edk\u016f \u2013 d\u00edvky vracej\u00edc\u00ed se dom\u016f chyt\u00e1ny a bi\u010dov\u00e1ny za&#8230; to, \u017ee maj\u00ed na nohou obut\u00e9 sand\u00e1ly. Objevuj\u00ed se zpr\u00e1vy o \u017een\u00e1ch zn\u00e1siln\u011bn\u00fdch, prodan\u00fdch terorist\u016fm jako sexu\u00e1ln\u00ed otrokyn\u011b, zavra\u017ed\u011bn\u00fdch za neno\u0161en\u00ed burky, s vyp\u00edchnut\u00fdma o\u010dima. Ji\u017e dvan\u00e1ctilet\u00e9 d\u00edvky jsou systematicky loveny\u00a0<a href=\"https:\/\/www.the-sun.com\/news\/3448281\/taliban-grabbing-girls-sex-slaves\/\" target=\"_blank\" rel=\"noopener\">ve sv\u00fdch domovech<\/a>\u00a0a &#8222;odvl\u00e9k\u00e1ny jako sexu\u00e1ln\u00ed otrokyn\u011b&#8220; nebo p\u0159inuceny se vd\u00e1t za bojovn\u00edky teroristick\u00fdch skupin. Tiskov\u00e1 agentura\u00a0<i>AP<\/i>\u00a0<a href=\"https:\/\/www.reuters.com\/world\/asia-pacific\/eu-foreign-policy-chief-urges-afghan-government-work-with-taliban-2021-08-12\/\" target=\"_blank\" rel=\"noopener\">dodala<\/a>:<\/p>\n<blockquote><p>&#8222;Borrell varoval, \u017ee pokud se T\u00e1lib\u00e1n chop\u00ed moci n\u00e1sil\u00edm a obnov\u00ed Isl\u00e1msk\u00fd emir\u00e1t, tak jej mezin\u00e1rodn\u00ed komunita neuzn\u00e1 a bude \u010delit izolaci, nedostatku mezin\u00e1rodn\u00ed podpory a vyhl\u00eddce na pokra\u010duj\u00edc\u00ed konflikt a nestabilitu v Afgh\u00e1nist\u00e1nu.&#8220;<\/p><\/blockquote>\n<p>A pokud si mysl\u00edte, \u017ee T\u00e1lib\u00e1n je pro Z\u00e1pad nep\u0159\u00edtelem, tak jste na omylu. Nep\u0159\u00edtel? N\u00e1\u010deln\u00edk britsk\u00e9ho gener\u00e1ln\u00edho \u0161t\u00e1bu gener\u00e1l sir Nick Carter\u00a0<a href=\"https:\/\/twitter.com\/SkyNews\/status\/1427899515282116612\" target=\"_blank\" rel=\"noopener\">\u0159ekl<\/a>: &#8222;J\u00e1 si mysl\u00edm, \u017ee bychom slovo nep\u0159\u00edtel m\u011bli pou\u017e\u00edvat opatrn\u011b.&#8220; Vysv\u011btlil, \u017ee T\u00e1lib\u00e1n &#8222;usiluje o inkluzivn\u00ed Afgh\u00e1nist\u00e1n&#8220; \u2013 to jsou jasn\u00e1 slova kapitulace. Francouzsk\u00e1 vl\u00e1da se zat\u00edm sna\u017e\u00ed\u00a0<a href=\"https:\/\/www.huffingtonpost.fr\/entry\/afghanistan-le-drian-pose-les-conditions-pour-que-la-france-reconnaisse-les-talibans_fr_611d531ae4b0e5b5d8e5bb1c\" target=\"_blank\" rel=\"noopener\">naj\u00edt<\/a>\u00a0cestu &#8222;jak re\u017eim T\u00e1lib\u00e1nu ofici\u00e1ln\u011b uznat.&#8220;<\/p>\n<p>&#8222;Pokud vy zavedete pr\u00e1vo \u0161ar\u00eda, tak v\u00e1m u\u017e nebudeme pos\u00edlat pen\u00edze,&#8220;\u00a0<a href=\"https:\/\/www.politico.eu\/article\/german-foreign-minister-germany-refuse-aid-afghanistan-enforcement-sharia-law-taliban-takeover\/\" target=\"_blank\" rel=\"noopener\">\u0159ekl<\/a>\u00a0n\u011bmeck\u00fd ministr zahrani\u010d\u00ed Heiko Maas, kter\u00fd se tak\u00e9 sna\u017eil T\u00e1lib\u00e1n vystra\u0161it. O \u0161est t\u00fddn\u016f d\u0159\u00edve pronesl Maas v Bundestagu hrdinn\u00fd projev na t\u00e9ma hroz\u00edc\u00edho &#8222;spo\u0159\u00e1dan\u00e9ho odchodu vojsk NATO z Afgh\u00e1nist\u00e1nu&#8220;, co\u017e se t\u00fdkalo i jednotek n\u011bmeck\u00e9ho Bundeswehru um\u00edst\u011bn\u00fdch ve m\u011bst\u011b Kund\u00faz, kter\u00e9 bylo o n\u011bkolik dn\u00ed pozd\u011bji dobyto T\u00e1lib\u00e1nem. Maas \u0159ekl, \u017ee Bundeswehr &#8222;dos\u00e1hl v Afgh\u00e1nist\u00e1nu v\u00fdjime\u010dn\u00fdch v\u00fdsledk\u016f.&#8220; Ach ano, skute\u010dn\u011b v\u00fdjime\u010dn\u00fdch&#8230;.<\/p>\n<p>N\u011bmeck\u00e1 arm\u00e1da vznikl\u00e1 v dob\u011b studen\u00e9 v\u00e1lky b\u00fdvala p\u00e1te\u0159\u00ed sil NATO v Evrop\u011b. Dnes je to z vojensk\u00e9ho hlediska m\u011bkk\u00fd podb\u0159i\u0161ek Evropy.\u00a0<a href=\"https:\/\/www.politico.eu\/article\/german-military-bundeswehr-defense-budget\/\" target=\"_blank\" rel=\"noopener\">Dnes<\/a>\u00a0je to &#8222;kvazihumanit\u00e1rn\u00ed organizace, n\u011bco jako ozbrojen\u00ed L\u00e9ka\u0159i bez hranic.&#8220; N\u011bmeck\u00fd ministr zahrani\u010d\u00ed\u00a0<a href=\"https:\/\/www.reuters.com\/world\/asia-pacific\/future-aid-kabul-will-be-linked-democratic-standards-germany-says-2021-04-29\/\" target=\"_blank\" rel=\"noopener\">varoval<\/a>\u00a0T\u00e1lib\u00e1n u\u017e koncem srpna, \u017ee &#8222;jak\u00e1koliv podpora z\u00e1le\u017e\u00ed na demokratick\u00fdch standardech.&#8220; N\u011bmeck\u00e9 vyhr\u016f\u017eky zjevn\u011b nezap\u016fsobily, afgh\u00e1n\u0161t\u00ed mud\u017eahed\u00edni se vydali na pochod na K\u00e1bul a vra\u017edili p\u0159itom \u017eeny, voj\u00e1ky, tlumo\u010dn\u00edky, novin\u00e1\u0159e a b\u00e1sn\u00edky.<\/p>\n<p>Dnes st\u00e1le m\u00e9n\u011b churchillovsk\u00e1 Brit\u00e1nie \u00fasty sv\u00e9ho ministra obrany Bena Wallace v den\u00edku\u00a0<i>Telegraph<\/i>\u00a0<a href=\"https:\/\/www.telegraph.co.uk\/news\/2021\/07\/13\/britain-will-work-taliban-take-terrorist-balaclava-enter-afghan\/\" target=\"_blank\" rel=\"noopener\">ozn\u00e1mila<\/a>, \u017ee &#8222;pokud se T\u00e1lib\u00e1n znovu chop\u00ed moci, tak s n\u00edm bude spolupracovat.&#8220;<\/p>\n<p><a href=\"https:\/\/www.nytimes.com\/2021\/08\/12\/us\/politics\/taliban-afghanistan-us-embassy.html\" target=\"_blank\" rel=\"noopener\">Podle<\/a>\u00a0den\u00edku\u00a0<i>New York Times<\/i>\u00a0vze\u0161el od Bidenovy administrativy podivn\u00fd po\u017eadavek. Ameri\u010dt\u00ed p\u0159edstavitel\u00e9 \u2013 asi dosud m\u00e1lo pon\u00ed\u017een\u00ed \u2013 se pokusili z\u00edskat od T\u00e1lib\u00e1nu z\u00e1ruky, \u017ee v\u00fdm\u011bnou za pomoc neza\u00fato\u010d\u00ed na americkou ambas\u00e1du v K\u00e1bulu. Americk\u00fd zvl\u00e1\u0161tn\u00ed zmocn\u011bnec pro usm\u00ed\u0159en\u00ed v Afgh\u00e1nist\u00e1nu Zalmay Khalilzad &#8222;douf\u00e1, \u017ee p\u0159esv\u011bd\u010d\u00ed velitele T\u00e1lib\u00e1nu, \u017ee pokud si chce T\u00e1lib\u00e1n zachovat nad\u011bji, \u017ee v budoucnu jako sou\u010d\u00e1st afgh\u00e1nsk\u00e9 vl\u00e1dy obdr\u017e\u00ed od USA finan\u010dn\u00ed a dal\u0161\u00ed podporu, tak mus\u00ed velvyslanectv\u00ed USA z\u016fstat v bezpe\u010d\u00ed.<\/p>\n<p>Pape\u017e Franti\u0161ek zase\u00a0<a href=\"https:\/\/www.reuters.com\/world\/pope-urges-dialogue-afghanistan-so-people-can-live-peace-security-2021-08-15\/\" target=\"_blank\" rel=\"noopener\">nab\u00e1d\u00e1<\/a>\u00a0k &#8222;dialogu&#8220; se stejn\u00fdmi lidmi, kte\u0159\u00ed\u00a0<a href=\"https:\/\/www.bbc.com\/news\/world-asia-35909677\" target=\"_blank\" rel=\"noopener\">vyhodili<\/a>\u00a0do vzduchu d\u011btsk\u00e9 h\u0159i\u0161t\u011b v L\u00e1hauru a zavra\u017edili 70 k\u0159es\u0165an\u016f \u2013 v\u010detn\u011b mnoha d\u011bt\u00ed \u2013 a\u00a0<a href=\"https:\/\/www.nytimes.com\/2013\/09\/24\/world\/asia\/pakistan-christians-demand-protection-after-church-bombing.html\" target=\"_blank\" rel=\"noopener\">odp\u00e1lili bombu<\/a>\u00a0v kostele v P\u00e9\u0161\u00e1varu, kde zavra\u017edili dal\u0161\u00edch 106 lid\u00ed.<\/p>\n<p>&#8222;<a href=\"https:\/\/apnews.com\/article\/canada-0ee0b7a4e046258609d6c3d5e52159c2\" target=\"_blank\" rel=\"noopener\">Kanada<\/a>\u00a0zav\u00edr\u00e1 svoje velvyslanectv\u00ed v K\u00e1bulu.&#8220; &#8222;<a href=\"https:\/\/www.reuters.com\/world\/europe\/germany-reduce-embassy-staff-kabul-fly-out-staff-helpers-2021-08-13\/\" target=\"_blank\" rel=\"noopener\">N\u011bmecko<\/a>\u00a0omezuje provoz sv\u00e9ho velvyslanectv\u00ed v K\u00e1bulu.&#8220; &#8222;<a href=\"https:\/\/federalnewsnetwork.com\/world-news\/2021\/08\/the-latest-denmark-to-shut-kabul-embassy-urges-danes-leave\/\" target=\"_blank\" rel=\"noopener\">D\u00e1nsko<\/a>\u00a0zav\u00edr\u00e1 svoje velvyslanectv\u00ed v K\u00e1bulu.&#8220; &#8222;<a href=\"https:\/\/www.barrons.com\/news\/spain-starts-repatriating-personnel-citizens-from-kabul-embassy-01628887507?tesla=y\" target=\"_blank\" rel=\"noopener\">\u0160pan\u011blsko<\/a>\u00a0za\u010d\u00edn\u00e1 repatriovat zam\u011bstnance sv\u00e9ho velvyslanectv\u00ed v K\u00e1bulu.&#8220; &#8222;<a href=\"https:\/\/nltimes.nl\/2021\/08\/13\/netherlands-preparing-evacuation-embassy-kabul\" target=\"_blank\" rel=\"noopener\">Nizozemsko<\/a>\u00a0p\u0159ipravuje evakuaci sv\u00e9ho velvyslanectv\u00ed v K\u00e1bulu.&#8220; &#8222;<a href=\"https:\/\/www.washingtonpost.com\/world\/britain-to-send-troops-to-kabul-to-help-uk-nationals-leave\/2021\/08\/12\/a2fb3cf0-fbaf-11eb-911c-524bc8b68f17_story.html\" target=\"_blank\" rel=\"noopener\">Spojen\u00e9 kr\u00e1lovstv\u00ed<\/a>\u00a0vys\u00edl\u00e1 600 voj\u00e1k\u016f, aby zabezpe\u010dili evakuaci lid\u00ed z K\u00e1bulu.&#8220; &#8222;<a href=\"https:\/\/www.reuters.com\/world\/asia-pacific\/denmark-norway-shut-embassies-afghanistan-evacuate-staff-2021-08-13\/\" target=\"_blank\" rel=\"noopener\">Norsko<\/a>\u00a0zav\u00edr\u00e1 sv\u00e9 velvyslanectv\u00ed v K\u00e1bulu.&#8220; To je litanie \u00fastupu Z\u00e1padu.<\/p>\n<p>&#8222;Pros\u00edm V\u00e1s neuzn\u00e1vejte T\u00e1lib\u00e1n,&#8220;\u00a0<a href=\"https:\/\/www.washingtonpost.com\/nation\/2021\/08\/18\/afghan-journalist-nato-taliban\/\" target=\"_blank\" rel=\"noopener\">zap\u0159\u00edsahala<\/a>\u00a0sv\u011btov\u00e9 l\u00eddry se slzami v o\u010d\u00edch afgh\u00e1nsk\u00e1 novin\u00e1\u0159ka Lailuma Sadid na tiskov\u00e9 konferenci s gener\u00e1ln\u00edm tajemn\u00edkem NATO Jensem Stoltenbergem. Premi\u00e9rka Nov\u00e9ho Z\u00e9landu Jacinda Ardern m\u00e1 jin\u00e9 priority \u2013 &#8222;<a href=\"https:\/\/www.reuters.com\/world\/asia-pacific\/new-zealand-plans-evacuate-some-afghan-nationals-pm-ardern-says-2021-08-16\/\" target=\"_blank\" rel=\"noopener\">apelovala<\/a>&#8220; na T\u00e1lib\u00e1n aby &#8222;respektoval lidsk\u00e1 pr\u00e1va&#8220;. &#8222;Pom\u016f\u017eeme T\u00e1lib\u00e1nu a on zveleb\u00ed Afgh\u00e1nist\u00e1n,&#8220;\u00a0<a href=\"https:\/\/www.welt.de\/politik\/deutschland\/article233112677\/Mit-Bedingungen-Linke-will-Taliban-Hilfsangebote-machen.html\" target=\"_blank\" rel=\"noopener\">prohl\u00e1sil<\/a>\u00a0charismatick\u00fd l\u00eddr n\u011bmeck\u00e9 strany Die Linke Gregor Gysi.&#8220; &#8222;Pro\u010d nem\u016f\u017eeme na\u0161i nab\u00eddku pomoci T\u00e1lib\u00e1nu podm\u00ednit po\u017eadavky ohledn\u011b afgh\u00e1nsk\u00fdch \u017een?&#8220;<\/p>\n<p>Zvl\u00e1\u0161tn\u00ed fond pro t\u0159i miliony d\u00edvek vyhozen\u00fdch ze \u0161kol? Afgh\u00e1nsk\u00e9 feministky spol\u00e9haly na solidaritu sv\u00fdch n\u011bmeck\u00fdch kolegy\u0148. Ale n\u011bme\u010dt\u00ed Zelen\u00ed jsou z\u0159ejm\u011b p\u0159\u00edli\u0161 zanepr\u00e1zdn\u011bni\u00a0<a href=\"https:\/\/www.independent.co.uk\/news\/german-greens-criticized-for-cropping-men-out-of-picture-green-party-greens-berlin-union-twitter-b1897522.html\" target=\"_blank\" rel=\"noopener\">vymaz\u00e1v\u00e1n\u00edm<\/a>\u00a0politik\u016f z ofici\u00e1ln\u00edch fotografi\u00ed za \u00fa\u010delem vlastn\u00ed feministick\u00e9 propagandy. Dob\u0159e, a co takov\u00e1 \u0161v\u00e9dsk\u00e1 arm\u00e1da? Ta byla\u00a0<a href=\"https:\/\/www.rt.com\/news\/530834-sweden-army-rainbow-flag\/\" target=\"_blank\" rel=\"noopener\">zanepr\u00e1zdn\u011bna<\/a>\u00a0m\u00e1v\u00e1n\u00edm duhovou vlajkou LGBT. Dob\u0159e, a co australsk\u00e1 arm\u00e1da? Ta bojuje prost\u0159ednictv\u00edm Fotoshopu, a\u00a0<a href=\"https:\/\/www.theage.com.au\/politics\/federal\/wrong-morally-official-photo-of-ben-roberts-smith-was-altered-to-hide-crusader-s-cross-20210726-p58cvu.html\" target=\"_blank\" rel=\"noopener\">ma\u017ee<\/a>\u00a0v\u00e1le\u010dn\u00fd k\u0159\u00ed\u017e z ofici\u00e1ln\u00edch fotek sv\u00e9ho nejv\u00edce vyznamenan\u00e9ho voj\u00e1ka. T\u00e1lib\u00e1n z nich m\u00e1 asi radost.\u00a0<a href=\"https:\/\/www.reuters.com\/article\/us-afghan-taliban-idUSISL29938020080306\" target=\"_blank\" rel=\"noopener\">Vyhl\u00e1sil<\/a>\u00a0p\u0159ece otev\u0159en\u011b v\u00e1lku &#8222;k\u0159i\u017e\u00e1k\u016fm&#8220;. Americk\u00e1 arm\u00e1da se ve West Pointu zat\u00edm zab\u00fdv\u00e1\u00a0<a href=\"https:\/\/nypost.com\/2021\/06\/23\/gen-mark-milley-defends-teaching-critical-race-theory-at-west-point\/\" target=\"_blank\" rel=\"noopener\">v\u00fdukou<\/a>\u00a0&#8222;kritick\u00e9 rasov\u00e9 teorie&#8220;. Na z\u00e1padn\u00ed front\u011b klid&#8230;.<\/p>\n<p>&#8222;Uka\u017ete n\u00e1m, \u017ee jste se zm\u011bnili,&#8220;\u00a0<a href=\"https:\/\/www.politico.com\/newsletters\/global-translations\/2021\/08\/20\/allies-to-taliban-show-us-you-changed-494064\" target=\"_blank\" rel=\"noopener\">\u0159\u00edkaj\u00ed<\/a>\u00a0z\u00e1padn\u00ed zem\u011b T\u00e1lib\u00e1nu. T\u00e1lib\u00e1n se ale v\u016fbec nezm\u011bnil. T\u00e1lib\u00e1n nyn\u00ed ve \u0161kol\u00e1ch ru\u0161\u00ed v\u00fduku ve sm\u00ed\u0161en\u00fdch t\u0159\u00edd\u00e1ch, kter\u00e9 pova\u017euje za &#8222;<a href=\"https:\/\/pledgetimes.com\/men-and-women-separated-in-the-universities-of-herat-the-first-fatwa-of-the-taliban-since-the-return-to-power\/\" target=\"_blank\" rel=\"noopener\">zdroj v\u0161eho zla<\/a>&#8222;. Den\u00edk\u00a0<i>Washington Post<\/i>\u00a0<a href=\"https:\/\/www.washingtonpost.com\/world\/interactive\/2021\/videos-afghanistan-kabul-taliban-arrival\/\" target=\"_blank\" rel=\"noopener\">informoval<\/a>, \u017ee z afgh\u00e1nsk\u00fdch kav\u00e1ren zmizela hudba. Den\u00edk\u00a0<i>New York Times<\/i>\u00a0<a href=\"https:\/\/www.nytimes.com\/2021\/08\/20\/arts\/music\/taliban-music-afghanistan-school.html\" target=\"_blank\" rel=\"noopener\">zjistil<\/a>, \u017ee Afgh\u00e1nsk\u00fd hudebn\u00ed institut bude po letech, kdy se v n\u011bm vzd\u011bl\u00e1valy \u017eeny, zru\u0161en. Z obchod\u016f hlavn\u00edho m\u011bsta tv\u00e1\u0159e \u017een u\u017e\u00a0<a href=\"https:\/\/www.businessinsider.com\/kabul-salon-posters-women-painted-over-taliban-arrival-2021-8?r=US&amp;IR=T\" target=\"_blank\" rel=\"noopener\">zmizely<\/a>. Afgh\u00e1nsk\u00fd novin\u00e1\u0159 v K\u00e1bulu\u00a0<a href=\"https:\/\/www.outlookindia.com\/website\/story\/sports-news-dont-show-muscles-grow-beard-taliban-shuts-down-gyms-in-kabul\/391888\" target=\"_blank\" rel=\"noopener\">\u0159ekl<\/a>\u00a0\u010dasopisu\u00a0<i>Outlook<\/i>, \u017ee T\u00e1lib\u00e1n pronikl i do posiloven: &#8222;Neukazujte sv\u00e9 svaly, zakryjte sv\u00e9 t\u011blo a nechte si nar\u016fst plnovous&#8230;.&#8220; Ob\u011btmi Isl\u00e1msk\u00e9ho emir\u00e1tu Afgh\u00e1nist\u00e1n se ji\u017e stali i novin\u00e1\u0159i.<\/p>\n<p>Rodinn\u00fd p\u0159\u00edslu\u0161n\u00edk novin\u00e1\u0159e st\u00e1tn\u00ed n\u011bmeck\u00e9 rozhlasov\u00e9 stanice\u00a0<i>Deutsche Welle<\/i>\u00a0byl\u00a0<a href=\"https:\/\/www.theguardian.com\/world\/2021\/aug\/20\/relative-deutsche-welle-journalist-killed-taliban-german-broadcaster-afghans-media\" target=\"_blank\" rel=\"noopener\">zavra\u017ed\u011bn<\/a>\u00a0a stra\u0161n\u00e9mu teroru \u010del\u00ed v Afgh\u00e1nist\u00e1nu i k\u0159es\u0165an\u00e9. K\u0159es\u0165ansk\u00e1 satelitn\u00ed televize\u00a0<i>SAT-7<\/i>\u00a0<a href=\"https:\/\/www.denisonforum.org\/columns\/daily-article\/the-taliban-are-killing-christians-with-bibles-on-their-cellphones\/\" target=\"_blank\" rel=\"noopener\">informovala<\/a>: &#8222;Doslechli jsme se ze spolehliv\u00fdch zdroj\u016f, \u017ee bojovn\u00edci T\u00e1lib\u00e1nu kontroluj\u00ed mobiln\u00ed telefony, a kdy\u017e v nich najdou sta\u017eenou Bibli, tak majitele mobilu okam\u017eit\u011b zavra\u017ed\u00ed.&#8220; T\u00e1lib\u00e1n\u00a0<a href=\"https:\/\/nypost.com\/2021\/08\/20\/fleeing-americans-beaten-by-taliban-in-kabul-def-sec-austin-tells-congress\/\" target=\"_blank\" rel=\"noopener\">pron\u00e1sleduje<\/a>\u00a0tak\u00e9 Ameri\u010dany. Zpravodajsk\u00e9 a bezpe\u010dnostn\u00ed slu\u017eby se nyn\u00ed ob\u00e1vaj\u00ed zopakov\u00e1n\u00ed sc\u00e9n\u00e1\u0159e, kter\u00fd prob\u011bhl v \u00cdr\u00e1nu v roce 1979, kdy byli ameri\u010dt\u00ed diplomat\u00e9 dr\u017eeni jako rukojm\u00ed.<\/p>\n<p>&#8222;T\u00e1lib\u00e1ne, sv\u011bt t\u011b pozoruje,&#8220;\u00a0<a href=\"https:\/\/www.sfgate.com\/national-politics\/article\/Nancy-Pelosi-Afghanistan-Taliban-tweet-statement-16389817.php\" target=\"_blank\" rel=\"noopener\">varovala<\/a>\u00a0T\u00e1lib\u00e1n ve\u0159ejn\u011b neohro\u017een\u00e1 bojovnice Nancy Pelosi, kdy\u017e ministerstvo zahrani\u010d\u00ed USA ofici\u00e1ln\u011b\u00a0<a href=\"https:\/\/www.foxnews.com\/politics\/anthony-blinken-speaks-on-the-fall-of-kabul\" target=\"_blank\" rel=\"noopener\">po\u017e\u00e1dalo<\/a>\u00a0T\u00e1lib\u00e1n, aby zformoval &#8222;inkluzivn\u00ed vl\u00e1du&#8220;, jako kdyby mluvila o &#8222;bezpe\u010dn\u00e9m prostoru&#8220; v jednom z t\u011bch \u0161\u00edlen\u00fdch americk\u00fdch kampus\u016f.<\/p>\n<p>P\u0159edstavitel evropsk\u00e9 zahrani\u010dn\u00ed politiky Josep Borrell p\u0159i\u0161el po p\u00e1du K\u00e1bulu s jin\u00fdm n\u00e1padem: pot\u00e9, co se vl\u00e1da afgh\u00e1nsk\u00e9 jednoty uk\u00e1zala jako ne\u017eivotaschopn\u00e1,\u00a0<a href=\"https:\/\/www.politico.eu\/article\/borrell-calls-for-dialogue-with-talibans-they-have-won\/\" target=\"_blank\" rel=\"noopener\">vyzval<\/a>\u00a0Borrell T\u00e1lib\u00e1n k &#8222;dialogu&#8220;.<\/p>\n<p>B\u00fdval\u00fd \u0159eck\u00fd ministr zahrani\u010d\u00ed Janis Varufakis ve stejnou dobu americkou por\u00e1\u017eku\u00a0<a href=\"https:\/\/twitter.com\/yanisvaroufakis\/status\/1427012544523296774\" target=\"_blank\" rel=\"noopener\">oslavoval<\/a>:<\/p>\n<blockquote><p>&#8222;Tento den byli nav\u017edy pora\u017eeni imperialisti\u010dt\u00ed liber\u00e1ln\u00ed neoconi, DiEM25 souc\u00edt\u00ed s \u017eenami v Afgh\u00e1nist\u00e1nu. Na\u0161e solidarita asi pro n\u011b m\u00e1lo znamen\u00e1, ale je to to jedin\u00e9, co jim zat\u00edm m\u016f\u017eeme nab\u00eddnout. Dr\u017ete se, sestry!&#8220; (Pozn\u00e1mka p\u0159ekladatele:\u00a0<a href=\"https:\/\/cs.wikipedia.org\/wiki\/Democracy_in_Europe_Movement_2025\" target=\"_blank\" rel=\"noopener\">DiEM25<\/a>\u00a0je panevropsk\u00e9 pokrokov\u00e9 hnut\u00ed, kter\u00e9 se sna\u017e\u00ed demokratizovat Evropu d\u0159\u00edv, ne\u017e se rozpadne. Jeho program se jmenuje Green New Deal pro Evropu.)<\/p><\/blockquote>\n<p>Mluv\u010d\u00ed n\u011bmeck\u00e9ho ministerstva obrany\u00a0<a href=\"https:\/\/twitter.com\/matt_meeta\/status\/1426855637254873096?s=20\" target=\"_blank\" rel=\"noopener\">mluvil<\/a>\u00a0o odpov\u011bdnosti N\u011bmecka dostat sv\u00e9 afgh\u00e1nsk\u00e9 spolupracovn\u00edky z K\u00e1bulu: &#8222;My jsme je nenutili s n\u00e1mi spolupracovat.&#8220; To je vrchol mor\u00e1ln\u00edho \u00fapadku. Nejup\u0159\u00edmn\u011bj\u0161\u00ed byl b\u00fdval\u00fd britsk\u00fd velvyslanec v K\u00e1bulu Nick Kay, kter\u00fd v rozhovoru s\u00a0<i>BBC<\/i>\u00a0<a href=\"https:\/\/twitter.com\/janemerrick23\/status\/1426853152750542849\" target=\"_blank\" rel=\"noopener\">p\u0159iznal<\/a>: &#8222;Z ostudy jsme si u\u0161ili kab\u00e1t.&#8220;<\/p>\n<p>Zat\u00edmco dobyt\u00ed K\u00e1bulu bude pro radik\u00e1ln\u00ed isl\u00e1m po cel\u00e9m sv\u011bt\u011b velk\u00fdm povzbuzen\u00edm, tak v takzvan\u00e9m &#8222;svobodn\u00e9m sv\u011bt\u011b&#8220; p\u0159etrv\u00e1v\u00e1 siln\u00e1 pachu\u0165 zrady. Jak\u00a0<a href=\"https:\/\/www.forbes.com\/sites\/markjoyella\/2021\/08\/15\/taliban-tells-cnns-clarissa-ward-islamic-law-will-come-not-just-to-afghanistan-but-all-over-the-world\/\" target=\"_blank\" rel=\"noopener\">\u0159ekl<\/a>\u00a0jeden velitel T\u00e1lib\u00e1nu minul\u00fd t\u00fdden televizn\u00ed stanici\u00a0<i>CNN<\/i>: &#8222;Jednoho dne mud\u017eahed\u00edni zv\u00edt\u011bz\u00ed a pr\u00e1vo \u0161ar\u00eda ovl\u00e1dne nejen Afgh\u00e1nist\u00e1n, ale cel\u00fd sv\u011bt.&#8220;<\/p>\n<p>Jen po\u010dkejte Z\u00e1pa\u010f\u00e1ci, je\u0161t\u011b budete koukat!<\/p>\n<p><strong>Giulio Meotti<\/strong> <i>je kulturn\u00ed redaktor den\u00edku Il Foglio, italsk\u00fd novin\u00e1\u0159 a spisovatel.<\/i><\/p>\n<\/div>\n<div class=\"no_print\">\n<div class=\"subscribe-title\"><a href=\"https:\/\/cs.gatestoneinstitute.org\/17793\/doprosovani-teroristu\">ZDROJ<\/a><\/div>\n<\/div>\n","protected":false},"excerpt":{"rendered":"<p>N\u011bmeck\u00e1 arm\u00e1da vznikl\u00e1 v dob\u011b studen\u00e9 v\u00e1lky b\u00fdvala p\u00e1te\u0159\u00ed sil NATO v Evrop\u011b. Dnes je&#8230;<\/p>\n","protected":false},"author":2,"featured_media":4192,"comment_status":"closed","ping_status":"closed","sticky":false,"template":"","format":"standard","meta":[],"categories":[7],"tags":[283,29,835],"_links":{"self":[{"href":"https:\/\/www.infokuryr.cz\/n\/wp-json\/wp\/v2\/posts\/5089"}],"collection":[{"href":"https:\/\/www.infokuryr.cz\/n\/wp-json\/wp\/v2\/posts"}],"about":[{"href":"https:\/\/www.infokuryr.cz\/n\/wp-json\/wp\/v2\/types\/post"}],"author":[{"embeddable":true,"href":"https:\/\/www.infokuryr.cz\/n\/wp-json\/wp\/v2\/users\/2"}],"replies":[{"embeddable":true,"href":"https:\/\/www.infokuryr.cz\/n\/wp-json\/wp\/v2\/comments?post=5089"}],"version-history":[{"count":0,"href":"https:\/\/www.infokuryr.cz\/n\/wp-json\/wp\/v2\/posts\/5089\/revisions"}],"wp:featuredmedia":[{"embeddable":true,"href":"https:\/\/www.infokuryr.cz\/n\/wp-json\/wp\/v2\/media\/4192"}],"wp:attachment":[{"href":"https:\/\/www.infokuryr.cz\/n\/wp-json\/wp\/v2\/media?parent=5089"}],"wp:term":[{"taxonomy":"category","embeddable":true,"href":"https:\/\/www.infokuryr.cz\/n\/wp-json\/wp\/v2\/categories?post=5089"},{"taxonomy":"post_tag","embeddable":true,"href":"https:\/\/www.infokuryr.cz\/n\/wp-json\/wp\/v2\/tags?post=5089"}],"curies":[{"name":"wp","href":"https:\/\/api.w.org\/{rel}","templated":true}]}}