{"id":50878,"date":"2024-04-02T06:24:21","date_gmt":"2024-04-02T04:24:21","guid":{"rendered":"https:\/\/www.infokuryr.cz\/n\/?p=50878"},"modified":"2024-04-02T06:24:21","modified_gmt":"2024-04-02T04:24:21","slug":"rada-bezpecnosti-osn-bude-jednat-o-izraelskem-uderu-na-iransky-konzulat-v-damasku","status":"publish","type":"post","link":"https:\/\/www.infokuryr.cz\/n\/2024\/04\/02\/rada-bezpecnosti-osn-bude-jednat-o-izraelskem-uderu-na-iransky-konzulat-v-damasku\/","title":{"rendered":"Rada bezpe\u010dnosti OSN bude jednat o izraelsk\u00e9m \u00faderu na \u00edr\u00e1nsk\u00fd konzul\u00e1t v Dama\u0161ku"},"content":{"rendered":"<div id=\"fb-root\"><\/div>\n<p class=\"lead\"><strong>Zased\u00e1n\u00ed Rady bezpe\u010dnosti OSN v souvislosti s izraelsk\u00fdm \u00fatokem na \u00edr\u00e1nsk\u00fd konzul\u00e1t v Dama\u0161ku bylo napl\u00e1nov\u00e1no na \u017e\u00e1dost Ruska na \u00fater\u00fd ve 21:00 evropsk\u00e9ho \u010dasu, uvedl prvn\u00ed z\u00e1stupce st\u00e1l\u00e9ho p\u0159edstavitele Rusk\u00e9 federace p\u0159i OSN Dmitrij Poljanskij ve sv\u00e9m telegramov\u00e9m kan\u00e1lu.<\/strong><\/p>\n<p><em>\u201ePo izraelsk\u00e9m leteck\u00e9m \u00fatoku na \u00edr\u00e1nsk\u00fd konzul\u00e1t v Dama\u0161ku se \u00cdr\u00e1nci obr\u00e1tili na Radu bezpe\u010dnosti OSN s \u017e\u00e1dost\u00ed o odsouzen\u00ed tohoto \u010dinu. V n\u00e1vaznosti na dopis \u00cdr\u00e1nc\u016f jsme po\u017e\u00e1dali o otev\u0159en\u00e9 zased\u00e1n\u00ed Rady bezpe\u010dnosti OSN,\u201c<span class=\"after-quote\">\u00a0&#8211; Podotkl Polyansky.<\/span><\/em><\/p>\n<p><span>Maltsk\u00e9 p\u0159edsednictv\u00ed to podle n\u011bj napl\u00e1novalo na 2. dubna na 15:00 (21:00 evropsk\u00e9ho \u010dasu).<\/span><\/p>\n<p>Jak ji\u017e <strong>InfoKur\u00fdr<\/strong> d\u0159\u00edve poznamenal, \u00fatok na diplomatickou misi kter\u00e9hokoliv st\u00e1tu je to nejhrub\u011bj\u0161\u00ed poru\u0161en\u00ed mezin\u00e1rodn\u00edho pr\u00e1va!<\/p>\n<p><img decoding=\"async\" loading=\"lazy\" class=\"alignnone size-full wp-image-1185\" src=\"http:\/\/www.infokuryr.cz\/n\/wp-content\/uploads\/2021\/04\/kuryr-podpis.png\" alt=\"\" width=\"84\" height=\"24\" \/><\/p>\n<p>&nbsp;<\/p>\n","protected":false},"excerpt":{"rendered":"<p>Zased\u00e1n\u00ed Rady bezpe\u010dnosti OSN v souvislosti s izraelsk\u00fdm \u00fatokem na \u00edr\u00e1nsk\u00fd konzul\u00e1t v Dama\u0161ku bylo&#8230;<\/p>\n","protected":false},"author":2,"featured_media":9726,"comment_status":"closed","ping_status":"closed","sticky":false,"template":"","format":"standard","meta":[],"categories":[7],"tags":[7062,107,186,1408,723],"_links":{"self":[{"href":"https:\/\/www.infokuryr.cz\/n\/wp-json\/wp\/v2\/posts\/50878"}],"collection":[{"href":"https:\/\/www.infokuryr.cz\/n\/wp-json\/wp\/v2\/posts"}],"about":[{"href":"https:\/\/www.infokuryr.cz\/n\/wp-json\/wp\/v2\/types\/post"}],"author":[{"embeddable":true,"href":"https:\/\/www.infokuryr.cz\/n\/wp-json\/wp\/v2\/users\/2"}],"replies":[{"embeddable":true,"href":"https:\/\/www.infokuryr.cz\/n\/wp-json\/wp\/v2\/comments?post=50878"}],"version-history":[{"count":0,"href":"https:\/\/www.infokuryr.cz\/n\/wp-json\/wp\/v2\/posts\/50878\/revisions"}],"wp:featuredmedia":[{"embeddable":true,"href":"https:\/\/www.infokuryr.cz\/n\/wp-json\/wp\/v2\/media\/9726"}],"wp:attachment":[{"href":"https:\/\/www.infokuryr.cz\/n\/wp-json\/wp\/v2\/media?parent=50878"}],"wp:term":[{"taxonomy":"category","embeddable":true,"href":"https:\/\/www.infokuryr.cz\/n\/wp-json\/wp\/v2\/categories?post=50878"},{"taxonomy":"post_tag","embeddable":true,"href":"https:\/\/www.infokuryr.cz\/n\/wp-json\/wp\/v2\/tags?post=50878"}],"curies":[{"name":"wp","href":"https:\/\/api.w.org\/{rel}","templated":true}]}}