{"id":50876,"date":"2024-04-02T05:52:21","date_gmt":"2024-04-02T03:52:21","guid":{"rendered":"https:\/\/www.infokuryr.cz\/n\/?p=50876"},"modified":"2024-04-02T05:52:21","modified_gmt":"2024-04-02T03:52:21","slug":"teheran-slibuje-ze-pomsti-zavrazdene-generaly","status":"publish","type":"post","link":"https:\/\/www.infokuryr.cz\/n\/2024\/04\/02\/teheran-slibuje-ze-pomsti-zavrazdene-generaly\/","title":{"rendered":"Teher\u00e1n slibuje, \u017ee pomst\u00ed zavra\u017ed\u011bn\u00e9 gener\u00e1ly"},"content":{"rendered":"<div id=\"fb-root\"><\/div>\n<p><span style=\"font-size: 18pt;\"><strong>\u00cdr\u00e1n p\u0159ijme \u201eprotiopat\u0159en\u00ed\u201c proti USA a Izraeli kv\u016fli ned\u00e1vn\u00e9mu n\u00e1letu v S\u00fdrii<\/strong><\/span><\/p>\n<p><span>\u00cdr\u00e1n sl\u00edbil odvetu proti Izraeli a USA v reakci na n\u00e1let v S\u00fdrii, kter\u00fd zabil skupinu vysok\u00fdch velitel\u016f Teher\u00e1nu.<\/span><\/p>\n<p><span>Sbor gard isl\u00e1msk\u00e9 revoluce (IRGC) potvrdil, \u017ee sedm d\u016fstojn\u00edk\u016f, v\u010detn\u011b brig\u00e1dn\u00edch gener\u00e1l\u016f Mohammada Rezy Zahediho a Mohammada Hadiho Had\u017eiho Rahimiho, bylo v pond\u011bl\u00ed zabito p\u0159i n\u00e1letu na budovu \u00edr\u00e1nsk\u00e9ho konzul\u00e1tu v Dama\u0161ku. Zahedi byl vysok\u00fdm velitelem sil Quds \u2013 jednotky IRGC pov\u011b\u0159en\u00e9 operacemi v z\u00e1mo\u0159\u00ed \u2013 a Rahimi byl jeho z\u00e1stupcem.<\/span><\/p>\n<p><span>P\u0159edstavitel\u00e9 S\u00fdrie a \u00cdr\u00e1nu obvinili z \u00fatoku Izrael.\u00a0<\/span><em><span>&#8222;\u00cdr\u00e1nsk\u00e1 isl\u00e1msk\u00e1 republika, i kdy\u017e si vyhrazuje pr\u00e1vo podniknout protiopat\u0159en\u00ed, rozhoduje o typu reakce a potrest\u00e1n\u00ed agresora,&#8220;<\/span><\/em><span>\u00a0uvedl mluv\u010d\u00ed ministerstva zahrani\u010d\u00ed Nasser Kanaani v prohl\u00e1\u0161en\u00ed citovan\u00e9m tiskovou agenturou IRNA.<\/span><\/p>\n<p><span>Ministr zahrani\u010d\u00ed Hossein Amir-Abdollahian varoval na X (d\u0159\u00edve Twitter), \u017ee bl\u00edzk\u00fd spojenec Izraele USA\u00a0<\/span><em><span>\u201emus\u00ed n\u00e9st odpov\u011bdnost\u201c.<\/span><\/em><\/p>\n<p><span>Izrael st\u00e1vku nekomentoval. Izraelsk\u00e1 vl\u00e1da jen z\u0159\u00eddka ve\u0159ejn\u011b uzn\u00e1v\u00e1 n\u00e1lety v S\u00fdrii, kter\u00e9 Dama\u0161ek opakovan\u011b odsuzuje jako poru\u0161en\u00ed sv\u00e9 suverenity.<\/span><\/p>\n<p><span>Izraelsk\u00e1 vl\u00e1da obvinila \u00cdr\u00e1n ze zosnov\u00e1n\u00ed smrt\u00edc\u00edho \u00fatoku na izraelsk\u00e9 ob\u010dany ze 7. \u0159\u00edjna, kter\u00fd odstartoval pokra\u010duj\u00edc\u00ed v\u00e1lku s palestinskou militantn\u00ed skupinou Hamas. Minul\u00fd m\u011bs\u00edc izraelsk\u00e9 obrann\u00e9 s\u00edly (IDF) zas\u00e1hly v Libanonu to, co \u0159\u00edkali, \u017ee jsou to militanti napojen\u00ed na \u00cdr\u00e1n.<\/span><\/p>\n<p><span>Teher\u00e1n se zav\u00e1zal pokra\u010dovat v podpo\u0159e Hamasu a dal\u0161\u00edch palestinsk\u00fdch skupin, ale trval na tom, \u017ee se Ham\u00e1s rozhodl napadnout izraelsk\u00e9 \u00fazem\u00ed s\u00e1m.<\/span><\/p>\n<p><img decoding=\"async\" loading=\"lazy\" class=\"alignnone size-full wp-image-1185\" src=\"http:\/\/www.infokuryr.cz\/n\/wp-content\/uploads\/2021\/04\/kuryr-podpis.png\" alt=\"\" width=\"84\" height=\"24\" \/><\/p>\n<p>&nbsp;<\/p>\n","protected":false},"excerpt":{"rendered":"<p>\u00cdr\u00e1n p\u0159ijme \u201eprotiopat\u0159en\u00ed\u201c proti USA a Izraeli kv\u016fli ned\u00e1vn\u00e9mu n\u00e1letu v S\u00fdrii \u00cdr\u00e1n sl\u00edbil odvetu&#8230;<\/p>\n","protected":false},"author":2,"featured_media":50877,"comment_status":"closed","ping_status":"closed","sticky":false,"template":"","format":"standard","meta":[],"categories":[7],"tags":[1110,38,107,37,1731],"_links":{"self":[{"href":"https:\/\/www.infokuryr.cz\/n\/wp-json\/wp\/v2\/posts\/50876"}],"collection":[{"href":"https:\/\/www.infokuryr.cz\/n\/wp-json\/wp\/v2\/posts"}],"about":[{"href":"https:\/\/www.infokuryr.cz\/n\/wp-json\/wp\/v2\/types\/post"}],"author":[{"embeddable":true,"href":"https:\/\/www.infokuryr.cz\/n\/wp-json\/wp\/v2\/users\/2"}],"replies":[{"embeddable":true,"href":"https:\/\/www.infokuryr.cz\/n\/wp-json\/wp\/v2\/comments?post=50876"}],"version-history":[{"count":0,"href":"https:\/\/www.infokuryr.cz\/n\/wp-json\/wp\/v2\/posts\/50876\/revisions"}],"wp:featuredmedia":[{"embeddable":true,"href":"https:\/\/www.infokuryr.cz\/n\/wp-json\/wp\/v2\/media\/50877"}],"wp:attachment":[{"href":"https:\/\/www.infokuryr.cz\/n\/wp-json\/wp\/v2\/media?parent=50876"}],"wp:term":[{"taxonomy":"category","embeddable":true,"href":"https:\/\/www.infokuryr.cz\/n\/wp-json\/wp\/v2\/categories?post=50876"},{"taxonomy":"post_tag","embeddable":true,"href":"https:\/\/www.infokuryr.cz\/n\/wp-json\/wp\/v2\/tags?post=50876"}],"curies":[{"name":"wp","href":"https:\/\/api.w.org\/{rel}","templated":true}]}}