{"id":50874,"date":"2024-04-02T05:49:40","date_gmt":"2024-04-02T03:49:40","guid":{"rendered":"https:\/\/www.infokuryr.cz\/n\/?p=50874"},"modified":"2024-04-02T05:49:40","modified_gmt":"2024-04-02T03:49:40","slug":"biden-popira-vyhlaseni-transgender-day-of-visibility-na-velikonocni-nedeli","status":"publish","type":"post","link":"https:\/\/www.infokuryr.cz\/n\/2024\/04\/02\/biden-popira-vyhlaseni-transgender-day-of-visibility-na-velikonocni-nedeli\/","title":{"rendered":"Biden pop\u00edr\u00e1 vyhl\u00e1\u0161en\u00ed Transgender Day of Visibility na Velikono\u010dn\u00ed ned\u011bli"},"content":{"rendered":"<div id=\"fb-root\"><\/div>\n<p><span style=\"font-size: 18pt;\"><strong>Zd\u00e1lo se, \u017ee americk\u00fd prezident se od vysoce kontroverzn\u00edho kroku jen den pot\u00e9, co jej u\u010dinil, distancoval<\/strong><\/span><\/p>\n<p><span>Americk\u00fd prezident Joe Biden odm\u00edtl kritiku jeho ka\u017edoro\u010dn\u00edho vyhl\u00e1\u0161en\u00ed 31. b\u0159ezna jako Transgender Visibility Day, kter\u00fd se letos kryje s Velikono\u010dn\u00ed ned\u011bl\u00ed. Prezidentovy nejednozna\u010dn\u00e9 pozn\u00e1mky k t\u00e9to z\u00e1le\u017eitosti v\u0161ak jeho kritici vn\u00edmali jako jednozna\u010dn\u00e9 pop\u0159en\u00ed kroku, kter\u00fd u\u010dinil jen den p\u0159edt\u00edm.<\/span><\/p>\n<p><span>Na Bidena v t\u00e9to v\u011bci nal\u00e9hali novin\u00e1\u0159i a ptali se ho na kritiku, kterou vyj\u00e1d\u0159il republik\u00e1nsk\u00fd p\u0159edseda Sn\u011bmovny reprezentant\u016f Mike Johnson, kter\u00fd tento krok ozna\u010dil za\u00a0<\/span><em><span>\u201epobu\u0159uj\u00edc\u00ed a odporn\u00e9\u201c tahy bo\u0159\u00edc\u00ed tradice.<\/span><\/em><\/p>\n<p><span>Prezident uvedl, \u017ee \u0159e\u010dn\u00edk byl o t\u00e9to z\u00e1le\u017eitosti\u00a0<\/span><em><span>\u201ed\u016fkladn\u011b neinformov\u00e1n\u201c<\/span><\/em><span>\u00a0, co\u017e se zd\u00e1lo jako jednozna\u010dn\u00e9 pop\u0159en\u00ed n\u00e1sledn\u00e9 ot\u00e1zky, jak p\u0159esn\u011b byl Johnson\u00a0<\/span><em><span>\u201eneinformov\u00e1n\u201c.<\/span><\/em><\/p>\n<p><span style=\"font-size: 18pt;\"><strong><em>To jsem neud\u011blal.<\/em><\/strong><\/span><\/p>\n<p><span>Tyto pozn\u00e1mky znovu podn\u00edtily kritiku, kdy\u017e se Johnson obr\u00e1til na X (d\u0159\u00edve Twitter), aby si z prezidenta d\u011blal legraci a zve\u0159ejnil sn\u00edmek obrazovky Bidenova prohl\u00e1\u0161en\u00ed 31. b\u0159ezna za Den viditelnosti transgender\u016f.<\/span><\/p>\n<p><strong><em>&#8222;To jsi ty, Joe Bidene?&#8220;<\/em>\u00a0napsal mluv\u010d\u00ed.<\/strong><\/p>\n<div class=\"rtcode\">\n<div class=\"twitter-tweet twitter-tweet-rendered\"><iframe id=\"twitter-widget-0\" class=\"\" title=\"P\u0159\u00edsp\u011bvek X\" src=\"https:\/\/platform.twitter.com\/embed\/Tweet.html?creatorScreenName=RT_com&amp;dnt=false&amp;embedId=twitter-widget-0&amp;features=eyJ0ZndfdGltZWxpbmVfbGlzdCI6eyJidWNrZXQiOltdLCJ2ZXJzaW9uIjpudWxsfSwidGZ3X2ZvbGxvd2VyX2NvdW50X3N1bnNldCI6eyJidWNrZXQiOnRydWUsInZlcnNpb24iOm51bGx9LCJ0ZndfdHdlZXRfZWRpdF9iYWNrZW5kIjp7ImJ1Y2tldCI6Im9uIiwidmVyc2lvbiI6bnVsbH0sInRmd19yZWZzcmNfc2Vzc2lvbiI6eyJidWNrZXQiOiJvbiIsInZlcnNpb24iOm51bGx9LCJ0ZndfZm9zbnJfc29mdF9pbnRlcnZlbnRpb25zX2VuYWJsZWQiOnsiYnVja2V0Ijoib24iLCJ2ZXJzaW9uIjpudWxsfSwidGZ3X21peGVkX21lZGlhXzE1ODk3Ijp7ImJ1Y2tldCI6InRyZWF0bWVudCIsInZlcnNpb24iOm51bGx9LCJ0ZndfZXhwZXJpbWVudHNfY29va2llX2V4cGlyYXRpb24iOnsiYnVja2V0IjoxMjA5NjAwLCJ2ZXJzaW9uIjpudWxsfSwidGZ3X3Nob3dfYmlyZHdhdGNoX3Bpdm90c19lbmFibGVkIjp7ImJ1Y2tldCI6Im9uIiwidmVyc2lvbiI6bnVsbH0sInRmd19kdXBsaWNhdGVfc2NyaWJlc190b19zZXR0aW5ncyI6eyJidWNrZXQiOiJvbiIsInZlcnNpb24iOm51bGx9LCJ0ZndfdXNlX3Byb2ZpbGVfaW1hZ2Vfc2hhcGVfZW5hYmxlZCI6eyJidWNrZXQiOiJvbiIsInZlcnNpb24iOm51bGx9LCJ0ZndfdmlkZW9faGxzX2R5bmFtaWNfbWFuaWZlc3RzXzE1MDgyIjp7ImJ1Y2tldCI6InRydWVfYml0cmF0ZSIsInZlcnNpb24iOm51bGx9LCJ0ZndfbGVnYWN5X3RpbWVsaW5lX3N1bnNldCI6eyJidWNrZXQiOnRydWUsInZlcnNpb24iOm51bGx9LCJ0ZndfdHdlZXRfZWRpdF9mcm9udGVuZCI6eyJidWNrZXQiOiJvbiIsInZlcnNpb24iOm51bGx9fQ%3D%3D&amp;frame=false&amp;hideCard=false&amp;hideThread=false&amp;id=1774842923659493497&amp;lang=cs&amp;origin=https%3A%2F%2Fswentr.site%2Fnews%2F595258-biden-transgender-easter-denial%2F&amp;sessionId=984b585be00208349bdb8e00f71d884234a673f0&amp;siteScreenName=RT_com&amp;theme=light&amp;widgetsVersion=2615f7e52b7e0%3A1702314776716&amp;width=550px\" frameborder=\"0\" scrolling=\"no\" allowfullscreen=\"allowfullscreen\" data-tweet-id=\"1774842923659493497\" data-mce-fragment=\"1\"><\/iframe><\/div>\n<\/div>\n<p><span>N\u011bkte\u0159\u00ed si ale prezidentovy v\u00fdroky p\u0159elo\u017eili jako snahu vysv\u011btlit, \u017ee to nebyl on, kdo tradici zavedl, sp\u00ed\u0161e ne\u017e pop\u0159en\u00ed vlastn\u00edho kroku.<\/span><\/p>\n<p><span>Vyhl\u00e1\u0161en\u00ed se datuje do roku 2009, kdy jej tehdej\u0161\u00ed prezident Barak Obama p\u0159edstavil kr\u00e1tce po sv\u00e9m n\u00e1stupu do \u00fa\u0159adu a ozna\u010dil 31. b\u0159ezen za den transgenderov\u00e9 viditelnosti. Datum se v p\u0159\u00ed\u0161t\u00edch desetilet\u00edch nebude shodovat s velikono\u010dn\u00ed ned\u011bl\u00ed.<\/span><\/p>\n<p><span>Zd\u00e1lo se, \u017ee tento postoj podporuje i B\u00edl\u00fd d\u016fm, p\u0159i\u010dem\u017e tiskov\u00e1 mluv\u010d\u00ed Karine Jean-Pierre trvala na tom, \u017ee jak\u00fdkoli odpor v\u016f\u010di prezidentovu kroku je\u00a0<\/span><em><span>\u201edezinformace\u201c.<\/span><\/em><\/p>\n<p><em><span>&#8222;Jsem tak p\u0159ekvapen\u00e1 dezinformacemi, kter\u00e9 se kolem toho objevily, a chci b\u00fdt velmi jasn\u00e1: ka\u017ed\u00fd rok, posledn\u00edch n\u011bkolik let, 31. b\u0159ezna, je ozna\u010den Den viditelnosti transgender\u016f,&#8220;<\/span><\/em><span>\u00a0uvedla a dodala, \u017ee povaha situace byla evidentn\u00ed\u00a0<\/span><em><span>\u201epro lidi, kte\u0159\u00ed rozum\u00ed kalend\u00e1\u0159i a jak funguje\u201c.<\/span><\/em><\/p>\n<p><em><span>\u201eVelikonoce p\u0159ipadaj\u00ed na r\u016fzn\u00e9 ned\u011ble, spr\u00e1vn\u011b, ka\u017ed\u00fd rok, a letos se shodovaly s Dnem transgenderov\u00e9 viditelnosti. A to je prost\u00fd fakt. To se stalo. To je m\u00edsto, kde jsme,\u201c<\/span><\/em><span>\u00a0vysv\u011btlila.<\/span><\/p>\n<p><span>P\u0159esto af\u00e9ra vyvolala bou\u0159i kritiky ze strany p\u0159edn\u00edch k\u0159es\u0165an\u016f i konzervativc\u016f, kter\u00e1 se je\u0161t\u011b v\u00edce zhor\u0161ila skute\u010dnost\u00ed, \u017ee se Bidenova administrativa rozhodla zak\u00e1zat d\u011btem \u00fa\u010dastn\u00edc\u00edm se sout\u011b\u017ee o n\u00e1vrh Easter Egg pou\u017e\u00edvat n\u00e1vrhy s n\u00e1bo\u017eenskou t\u00e9matikou.<\/span><\/p>\n<p><span style=\"font-size: 10pt;\"><em><strong>\u00davodn\u00ed fotografie:<\/strong> Americk\u00fd prezident Joe Biden promluvil k host\u016fm b\u011bhem velikono\u010dn\u00edho smot\u00e1n\u00ed vaj\u00ed\u010dek v B\u00edl\u00e9m dom\u011b ve Washingtonu, DC, 01. dubna 2024.\u00a0\u00a9\u00a0\u00a0Getty Images \/ Chip Somodevilla<\/em><\/span><\/p>\n<p><img decoding=\"async\" loading=\"lazy\" class=\"alignnone size-full wp-image-1185\" src=\"http:\/\/www.infokuryr.cz\/n\/wp-content\/uploads\/2021\/04\/kuryr-podpis.png\" alt=\"\" width=\"84\" height=\"24\" \/><\/p>\n<p>&nbsp;<\/p>\n","protected":false},"excerpt":{"rendered":"<p>Zd\u00e1lo se, \u017ee americk\u00fd prezident se od vysoce kontroverzn\u00edho kroku jen den pot\u00e9, co jej&#8230;<\/p>\n","protected":false},"author":2,"featured_media":50875,"comment_status":"closed","ping_status":"closed","sticky":false,"template":"","format":"standard","meta":[],"categories":[7],"tags":[72,811,774],"_links":{"self":[{"href":"https:\/\/www.infokuryr.cz\/n\/wp-json\/wp\/v2\/posts\/50874"}],"collection":[{"href":"https:\/\/www.infokuryr.cz\/n\/wp-json\/wp\/v2\/posts"}],"about":[{"href":"https:\/\/www.infokuryr.cz\/n\/wp-json\/wp\/v2\/types\/post"}],"author":[{"embeddable":true,"href":"https:\/\/www.infokuryr.cz\/n\/wp-json\/wp\/v2\/users\/2"}],"replies":[{"embeddable":true,"href":"https:\/\/www.infokuryr.cz\/n\/wp-json\/wp\/v2\/comments?post=50874"}],"version-history":[{"count":0,"href":"https:\/\/www.infokuryr.cz\/n\/wp-json\/wp\/v2\/posts\/50874\/revisions"}],"wp:featuredmedia":[{"embeddable":true,"href":"https:\/\/www.infokuryr.cz\/n\/wp-json\/wp\/v2\/media\/50875"}],"wp:attachment":[{"href":"https:\/\/www.infokuryr.cz\/n\/wp-json\/wp\/v2\/media?parent=50874"}],"wp:term":[{"taxonomy":"category","embeddable":true,"href":"https:\/\/www.infokuryr.cz\/n\/wp-json\/wp\/v2\/categories?post=50874"},{"taxonomy":"post_tag","embeddable":true,"href":"https:\/\/www.infokuryr.cz\/n\/wp-json\/wp\/v2\/tags?post=50874"}],"curies":[{"name":"wp","href":"https:\/\/api.w.org\/{rel}","templated":true}]}}