{"id":5087,"date":"2021-09-30T05:50:31","date_gmt":"2021-09-30T03:50:31","guid":{"rendered":"http:\/\/www.infokuryr.cz\/n\/?p=5087"},"modified":"2021-09-30T05:50:31","modified_gmt":"2021-09-30T03:50:31","slug":"komisarka-pro-imigraci-na-polsko-beloruske-hranici-v-koncich","status":"publish","type":"post","link":"https:\/\/www.infokuryr.cz\/n\/2021\/09\/30\/komisarka-pro-imigraci-na-polsko-beloruske-hranici-v-koncich\/","title":{"rendered":"Komisa\u0159ka pro imigraci na polsko-b\u011blorusk\u00e9 hranici v konc\u00edch"},"content":{"rendered":"<div id=\"fb-root\"><\/div>\n<p>Kdy\u017e si evrop\u0161t\u00ed \u00fa\u0159edn\u00edci mnuli ruce nad sankcemi proti B\u011blorusku, netu\u0161ili, \u017ee Luka\u0161enko je bude l\u00e9\u010dit jejich vlastn\u00ed medic\u00ednou. Imigranty a nabub\u0159el\u00fdmi lidsk\u00fdmi pr\u00e1vy. A dostal je, kde je cht\u011bl m\u00edt. Imigrantsk\u00e1 lidsk\u00e1 pr\u00e1va neplat\u00ed, kdy\u017e (na v\u00fdzvu Merkelov\u00e9, kter\u00e1 ji st\u00e1le neodvolala) imigrant\u016fm uprostran\u00ed cestu do Evropy B\u011blorusko.<\/p>\n<p>Komisa\u0159ka EU pro imigraci Ylva Johansson je z toho rozdvojen\u00e1. U\u017e ale seznala, podle sv\u00fdch slov, \u017ee imigrace destabilizuje Evropu. Alespo\u0148 tedy ta skrz B\u011blorusko. A kdov\u00ed jesli ne i ta p\u0159es It\u00e1lii, \u0160pan\u011blsko, \u0158ecko a Francii. Na to se t\u0159eba je\u0161t\u011b p\u0159ijde.<\/p>\n<p>Ka\u017edop\u00e1dn\u011b\u00a0varovala, \u017ee na polsko-b\u011blorusk\u00e9 hranici zem\u0159elo ji\u017e 5 imigrant\u016f, na druhou stranu imigrantsko-lidskopr\u00e1vn\u00edho osla Luka\u0161enkovi taky d\u011blat nem\u016f\u017ee. A tak prohl\u00e1sila, \u017ee imigranti na hranici EU nesm\u00ed um\u00edrat, \u017ee se v\u0161echny zem\u011b maj\u00ed zam\u011b\u0159it na p\u0159evad\u011b\u010de ileg\u00e1l\u016f, a \u017ee vysoc\u00ed b\u011bloru\u0161t\u00ed \u00fa\u0159edn\u00edci nebudou moci do EU.<\/p>\n<p>Paradoxn\u00ed je, \u017ee Evropu a jej\u00ed st\u00e1ty do imigrace po\u0161\u0165uchuj\u00ed a za \u00fabyt\u011b lidsk\u00fdch pr\u00e1v kritizuj\u00ed ji\u017e po l\u00e9ta Bol\u00edvarsk\u00e1 Venezuela a Bruselsk\u00e1 EU, arabsk\u00e9 zem\u011b (v OSN), Turecko, a v posledn\u00ed dob\u011b pak B\u011blorusko a Rusko. A nyn\u00ed komisa\u0159ka EU p\u0159ich\u00e1z\u00ed na to, \u017ee to je destabiliza\u010dn\u00ed&#8230;<\/p>\n<p><a href=\"https:\/\/www.rp.pl\/polityka\/art18965871-komisarz-o-sytuacji-na-granicy-polski-ludzie-nie-moga-ginac-na-granicach-ue\">ZDROJ<\/a><\/p>\n<p>&nbsp;<\/p>\n","protected":false},"excerpt":{"rendered":"<p>Kdy\u017e si evrop\u0161t\u00ed \u00fa\u0159edn\u00edci mnuli ruce nad sankcemi proti B\u011blorusku, netu\u0161ili, \u017ee Luka\u0161enko je bude&#8230;<\/p>\n","protected":false},"author":2,"featured_media":3736,"comment_status":"closed","ping_status":"closed","sticky":false,"template":"","format":"standard","meta":[],"categories":[7],"tags":[150,41,119],"_links":{"self":[{"href":"https:\/\/www.infokuryr.cz\/n\/wp-json\/wp\/v2\/posts\/5087"}],"collection":[{"href":"https:\/\/www.infokuryr.cz\/n\/wp-json\/wp\/v2\/posts"}],"about":[{"href":"https:\/\/www.infokuryr.cz\/n\/wp-json\/wp\/v2\/types\/post"}],"author":[{"embeddable":true,"href":"https:\/\/www.infokuryr.cz\/n\/wp-json\/wp\/v2\/users\/2"}],"replies":[{"embeddable":true,"href":"https:\/\/www.infokuryr.cz\/n\/wp-json\/wp\/v2\/comments?post=5087"}],"version-history":[{"count":0,"href":"https:\/\/www.infokuryr.cz\/n\/wp-json\/wp\/v2\/posts\/5087\/revisions"}],"wp:featuredmedia":[{"embeddable":true,"href":"https:\/\/www.infokuryr.cz\/n\/wp-json\/wp\/v2\/media\/3736"}],"wp:attachment":[{"href":"https:\/\/www.infokuryr.cz\/n\/wp-json\/wp\/v2\/media?parent=5087"}],"wp:term":[{"taxonomy":"category","embeddable":true,"href":"https:\/\/www.infokuryr.cz\/n\/wp-json\/wp\/v2\/categories?post=5087"},{"taxonomy":"post_tag","embeddable":true,"href":"https:\/\/www.infokuryr.cz\/n\/wp-json\/wp\/v2\/tags?post=5087"}],"curies":[{"name":"wp","href":"https:\/\/api.w.org\/{rel}","templated":true}]}}