{"id":5085,"date":"2021-09-30T05:47:41","date_gmt":"2021-09-30T03:47:41","guid":{"rendered":"http:\/\/www.infokuryr.cz\/n\/?p=5085"},"modified":"2021-09-30T05:47:41","modified_gmt":"2021-09-30T03:47:41","slug":"jsem-praktikujici-krestan-a-prolife-a-pro-rodinu-rekl-foxnews-polsky-prezident","status":"publish","type":"post","link":"https:\/\/www.infokuryr.cz\/n\/2021\/09\/30\/jsem-praktikujici-krestan-a-prolife-a-pro-rodinu-rekl-foxnews-polsky-prezident\/","title":{"rendered":"Jsem praktikuj\u00edc\u00ed k\u0159es\u0165an, a prolife a pro rodinu! \u0159ekl FoxNews polsk\u00fd prezident"},"content":{"rendered":"<div id=\"fb-root\"><\/div>\n<p>Jsem k\u0159es\u0165an, praktikuj\u00edc\u00ed k\u0159es\u0165an a modl\u00edm se. Jsem pro-life a pro rodinu, uvedl k polsk\u00e9mu programu na podporu tradi\u010dn\u00edch rodin polsk\u00fd prezident Duda na americk\u00e9 TV FoxNews. Rodina je z \u00dastavy svazek mu\u017ee a \u017eeny, aby bylo jasno, p\u0159ipomenul polsk\u00fd prezident. A rodina je fundamentem ka\u017ed\u00e9ho n\u00e1roda, pokra\u010doval.<\/p>\n<p><span>Duda vysv\u011btlil, \u017ee jeho politika zahrnovala p\u0159\u00edm\u00e9 financov\u00e1n\u00ed rodin o dal\u0161\u00edch 130 $ m\u011bs\u00ed\u010dn\u011b na d\u00edt\u011b a tak\u00e9 dal\u0161\u00ed financov\u00e1n\u00ed \u0161koln\u00edch pot\u0159eb. <\/span><span>Je\u0161t\u011b d\u016fle\u017eit\u011bj\u0161\u00ed je, \u017ee zd\u016fraznil sv\u00e9 vlastn\u00ed pro-life a pro-rodinn\u00e9 p\u0159esv\u011bd\u010den\u00ed.<\/span><\/p>\n<p><a href=\"https:\/\/www.foxnews.com\/media\/polish-president-andrzej-duda-family-foundation-every-nation\">ZDROJ<\/a><\/p>\n<p>&nbsp;<\/p>\n<p>&nbsp;<\/p>\n","protected":false},"excerpt":{"rendered":"<p>Jsem k\u0159es\u0165an, praktikuj\u00edc\u00ed k\u0159es\u0165an a modl\u00edm se. Jsem pro-life a pro rodinu, uvedl k polsk\u00e9mu&#8230;<\/p>\n","protected":false},"author":2,"featured_media":5086,"comment_status":"closed","ping_status":"closed","sticky":false,"template":"","format":"standard","meta":[],"categories":[7],"tags":[1267,31],"_links":{"self":[{"href":"https:\/\/www.infokuryr.cz\/n\/wp-json\/wp\/v2\/posts\/5085"}],"collection":[{"href":"https:\/\/www.infokuryr.cz\/n\/wp-json\/wp\/v2\/posts"}],"about":[{"href":"https:\/\/www.infokuryr.cz\/n\/wp-json\/wp\/v2\/types\/post"}],"author":[{"embeddable":true,"href":"https:\/\/www.infokuryr.cz\/n\/wp-json\/wp\/v2\/users\/2"}],"replies":[{"embeddable":true,"href":"https:\/\/www.infokuryr.cz\/n\/wp-json\/wp\/v2\/comments?post=5085"}],"version-history":[{"count":0,"href":"https:\/\/www.infokuryr.cz\/n\/wp-json\/wp\/v2\/posts\/5085\/revisions"}],"wp:featuredmedia":[{"embeddable":true,"href":"https:\/\/www.infokuryr.cz\/n\/wp-json\/wp\/v2\/media\/5086"}],"wp:attachment":[{"href":"https:\/\/www.infokuryr.cz\/n\/wp-json\/wp\/v2\/media?parent=5085"}],"wp:term":[{"taxonomy":"category","embeddable":true,"href":"https:\/\/www.infokuryr.cz\/n\/wp-json\/wp\/v2\/categories?post=5085"},{"taxonomy":"post_tag","embeddable":true,"href":"https:\/\/www.infokuryr.cz\/n\/wp-json\/wp\/v2\/tags?post=5085"}],"curies":[{"name":"wp","href":"https:\/\/api.w.org\/{rel}","templated":true}]}}