{"id":5083,"date":"2021-09-30T05:39:26","date_gmt":"2021-09-30T03:39:26","guid":{"rendered":"http:\/\/www.infokuryr.cz\/n\/?p=5083"},"modified":"2021-09-30T05:39:26","modified_gmt":"2021-09-30T03:39:26","slug":"premier-orban-madarsko-samo-rozhoduje-od-koho-a-jakym-zpusobem-bude-nakupovat-plyn","status":"publish","type":"post","link":"https:\/\/www.infokuryr.cz\/n\/2021\/09\/30\/premier-orban-madarsko-samo-rozhoduje-od-koho-a-jakym-zpusobem-bude-nakupovat-plyn\/","title":{"rendered":"Premi\u00e9r Orb\u00e1n: Ma\u010farsko samo rozhoduje, od koho a jak\u00fdm zp\u016fsobem bude nakupovat plyn"},"content":{"rendered":"<div id=\"fb-root\"><\/div>\n<p><strong>Ma\u010farsko je suver\u00e9nn\u00ed zem\u011b a sama rozhoduje, od koho bude plyn nakupovat a jak\u00fdm zp\u016fsobem ho p\u0159eb\u00edrat; vol\u00ed k z\u00edsk\u00e1v\u00e1n\u00ed plynu tu cestu, kter\u00e1 je bezpe\u010dn\u011bj\u0161\u00ed, prohl\u00e1sil ve st\u0159edu ma\u010farsk\u00fd premi\u00e9r Viktor Orb\u00e1n na tiskov\u00e9 konferenci v \u00dast\u00ed nad Labem.<\/strong><\/p>\n<p>\u201eMa\u010farsko je suver\u00e9nn\u00ed zem\u011b, my sami rozhodujeme, od koho budeme plyn nakupovat, a sami rozhodujeme, jak\u00fdm zp\u016fsobem jej budeme p\u0159eb\u00edrat. Vol\u00edme si trasu, kter\u00e1 n\u00e1m zajist\u00ed nejv\u011bt\u0161\u00ed bezpe\u010dnost. A nikdo n\u00e1m v tom nem\u016f\u017ee radit,\u201c \u0159ekl Orb\u00e1n, kter\u00fd je na n\u00e1v\u0161t\u011bv\u011b v \u010cesk\u00e9 republice, a odpov\u011bd\u011bl tak na novin\u00e1\u0159ovu ot\u00e1zku v souvislosti s reakc\u00ed Kyjeva na uzav\u0159en\u00ed nov\u00e9 dohody mezi Gazpromem a Ma\u010farskem o dod\u00e1vk\u00e1ch plynu do t\u00e9to zem\u011b.<\/p>\n<p>Ma\u010farsko a Gazprom\u00a0podepsaly v pond\u011bl\u00ed novou smlouvu. Jde o dod\u00e1vky 4,5 miliardy krychlov\u00fdch metr\u016f plynu do Ma\u010farska ro\u010dn\u011b po dobu p\u0159\u00ed\u0161t\u00edch 15 let. Z toho 3,5 miliardy metr\u016f krychlov\u00fdch plynu ro\u010dn\u011b bude dod\u00e1no p\u0159es Srbsko a 1 miliarda &#8211; p\u0159es Rakousko. Dohoda, kter\u00e1 vstoup\u00ed v platnost 1. \u0159\u00edjna, po\u010d\u00edt\u00e1 s mo\u017enost\u00ed zm\u011bny podm\u00ednek po 10 letech.<\/p>\n<p><strong>Ukrajina se obr\u00e1t\u00ed na Evropskou komisi kv\u016fli smlouv\u011b o plynu mezi Ruskem a Ma\u010farskem<\/strong><\/p>\n<p>Kyjev\u00a0se obr\u00e1t\u00ed na Evropskou komisi kv\u016fli smlouv\u011b Ma\u010farska s Ruskou federac\u00ed ohledn\u011b dod\u00e1vky plynu, obch\u00e1zej\u00edc\u00ed Ukrajinu, prohl\u00e1silo ukrajinsk\u00e9 ministerstvo zahrani\u010d\u00ed.<\/p>\n<p>P\u0159edt\u00edm uvedlo, \u017ee Kyjev je zklam\u00e1n rozhodnut\u00edm Ma\u010farska podepsat novou dlouhodobou smlouvu s Gazpromem na dod\u00e1vku plynu, obch\u00e1zej\u00edc\u00ed Ukrajinu, a domn\u00edv\u00e1 se, \u017ee po\u0161kozuje bilater\u00e1ln\u00ed ukrajinsko-ma\u010farsk\u00e9 vztahy.<\/p>\n<p>\u201eUkrajinsk\u00e1 strana rovn\u011b\u017e po\u017e\u00e1d\u00e1 Evropskou komisi, aby posoudila, zda nov\u00e1 ma\u010farsko-rusk\u00e1 dohoda o plynu odpov\u00edd\u00e1 evropsk\u00e9 energetick\u00e9 legislativ\u011b,\u201c uvedlo ministerstvo zahrani\u010dn\u00edch v\u011bc\u00ed ve sv\u00e9m prohl\u00e1\u0161en\u00ed.<\/p>\n<p>Ministr zahrani\u010dn\u00edch v\u011bc\u00ed a zahrani\u010dn\u00edch ekonomick\u00fdch vztah\u016f Ma\u010farska P\u00e9ter Szijj\u00e1rt\u00f3 ji\u017e d\u0159\u00edve novin\u00e1\u0159\u016fm \u0159ekl, \u017ee p\u0159edseda p\u0159edstavenstva Gazpromu Alexej Miller p\u0159ijede v pond\u011bl\u00ed do Budape\u0161ti podepsat novou smlouvu o dod\u00e1vk\u00e1ch plynu. Jde o dod\u00e1vky do Ma\u010farska v rozsahu 4,5 miliardy krychlov\u00fdch metr\u016f plynu ro\u010dn\u011b v pr\u016fb\u011bhu p\u0159\u00ed\u0161t\u00edch 15 let. Z toho 3,5 miliardy metr\u016f krychlov\u00fdch plynu bude proch\u00e1zet p\u0159es Srbsko a 1 miliarda p\u0159es Rakousko.<\/p>\n<p>Nap\u011bt\u00ed ve vztaz\u00edch mezi Ukrajinou a Ma\u010farskem vzniklo v roce 2020 na pozad\u00ed diskus\u00ed o ukrajinsk\u00e9m z\u00e1kon\u011b o vzd\u011bl\u00e1v\u00e1n\u00ed, kter\u00fd v\u00fdrazn\u011b omezuje mo\u017enosti v\u00fduky v jazyc\u00edch n\u00e1rodnostn\u00edch men\u0161in.<\/p>\n<p><a href=\"https:\/\/cz.sputniknews.com\/20210929\/premier-orban-madarsko-samo-rozhoduje-od-koho-a-jakym-zpusobem-bude-nakupovat-plyn--16001287.html\">ZDROJ<\/a><\/p>\n<p>&nbsp;<\/p>\n","protected":false},"excerpt":{"rendered":"<p>Ma\u010farsko je suver\u00e9nn\u00ed zem\u011b a sama rozhoduje, od koho bude plyn nakupovat a jak\u00fdm zp\u016fsobem&#8230;<\/p>\n","protected":false},"author":2,"featured_media":1927,"comment_status":"closed","ping_status":"closed","sticky":false,"template":"","format":"standard","meta":[],"categories":[7],"tags":[78,1008,26,778],"_links":{"self":[{"href":"https:\/\/www.infokuryr.cz\/n\/wp-json\/wp\/v2\/posts\/5083"}],"collection":[{"href":"https:\/\/www.infokuryr.cz\/n\/wp-json\/wp\/v2\/posts"}],"about":[{"href":"https:\/\/www.infokuryr.cz\/n\/wp-json\/wp\/v2\/types\/post"}],"author":[{"embeddable":true,"href":"https:\/\/www.infokuryr.cz\/n\/wp-json\/wp\/v2\/users\/2"}],"replies":[{"embeddable":true,"href":"https:\/\/www.infokuryr.cz\/n\/wp-json\/wp\/v2\/comments?post=5083"}],"version-history":[{"count":0,"href":"https:\/\/www.infokuryr.cz\/n\/wp-json\/wp\/v2\/posts\/5083\/revisions"}],"wp:featuredmedia":[{"embeddable":true,"href":"https:\/\/www.infokuryr.cz\/n\/wp-json\/wp\/v2\/media\/1927"}],"wp:attachment":[{"href":"https:\/\/www.infokuryr.cz\/n\/wp-json\/wp\/v2\/media?parent=5083"}],"wp:term":[{"taxonomy":"category","embeddable":true,"href":"https:\/\/www.infokuryr.cz\/n\/wp-json\/wp\/v2\/categories?post=5083"},{"taxonomy":"post_tag","embeddable":true,"href":"https:\/\/www.infokuryr.cz\/n\/wp-json\/wp\/v2\/tags?post=5083"}],"curies":[{"name":"wp","href":"https:\/\/api.w.org\/{rel}","templated":true}]}}