{"id":50822,"date":"2024-04-02T00:37:25","date_gmt":"2024-04-01T22:37:25","guid":{"rendered":"https:\/\/www.infokuryr.cz\/n\/?p=50822"},"modified":"2024-04-01T19:08:32","modified_gmt":"2024-04-01T17:08:32","slug":"ucitelstvi-netahne-plat-a-nebo-postaveni-ve-spolecnosti","status":"publish","type":"post","link":"https:\/\/www.infokuryr.cz\/n\/2024\/04\/02\/ucitelstvi-netahne-plat-a-nebo-postaveni-ve-spolecnosti\/","title":{"rendered":"U\u010ditelstv\u00ed net\u00e1hne? Plat a nebo postaven\u00ed ve spole\u010dnosti?"},"content":{"rendered":"<div id=\"fb-root\"><\/div>\n<p><strong>Narazil jsem na zpr\u00e1vu \u2013 \u010dl\u00e1nek: \u201e\u010cesk\u00fdm dev\u00e1\u0165\u00e1k\u016fm se do u\u010ditelstv\u00ed moc nechce\u201c, kde byl zm\u00edn\u011bn\u00fd pr\u016fzkum v evropsk\u00fdch st\u00e1tech, jeho\u017e n\u00e1pln\u00ed byl m.j. z\u00e1jem o u\u010ditelskou profesi z celkov\u00e9 mno\u017einy jin\u00fdch. Proti evropsk\u00e9mu pr\u016fm\u011bru 4,5% je \u010cR se sv\u00fdm 2,7% pon\u011bkud n\u00ed\u017ee. Pokud nelze srovn\u00e1vat a hodnotit, co k takov\u00e9mu vyj\u00e1d\u0159en\u00ed patn\u00e1ctilet\u00e9 vedlo, jsou takov\u00e1 hol\u00e1 \u010d\u00edsla m\u00e1lo vypov\u00eddaj\u00edc\u00ed.<\/strong><\/p>\n<p>P\u0159i pohledu na zm\u011bny v na\u0161em \u0161kolstv\u00ed je v\u016fbec \u00fasp\u011bch, \u017ee t\u011bch 2,7% projevilo z\u00e1jem. D\u00e1t po\u0159\u00e1dnou h\u016fl do ruky \u0159editel\u016fm a jejich z\u00e1stupc\u016fm v podob\u011b t\u00e9m\u011b\u0159 neomezen\u00fdch pravomoc\u00ed m\u00e1 jedin\u00fd v\u00fdsledek: ztr\u00e1ta iniciativy u\u010ditel\u016f skoro ve v\u0161ech sm\u011brech, v\u00fdroba \u201ekejvaj\u00edc\u00edch vovc\u00ed\u201c a p\u0159\u00edpadn\u011b nepohodln\u00e9 pom\u011brn\u011b lehce ze \u0161koly vzd\u00e1lit.<\/p>\n<p>P\u0159ede\u0161l\u00fd (dle m\u00e9ho negativn\u00ed) krok v na\u0161em \u0161kolstv\u00ed zvan\u00fd inkluze \u2013 zru\u0161en\u00ed zvl\u00e1\u0161tn\u00edch \u0161kol (t\u0159\u00edd) nejen sn\u00ed\u017eilo celkovou \u00farove\u0148 v\u00fduky, ale i zv\u00fd\u0161ilo n\u00e1roky na u\u010ditele na udr\u017een\u00ed k\u00e1zn\u011b, co\u017e samoz\u0159ejm\u011b je v\u011bt\u0161\u00ed zat\u00ed\u017een\u00ed nervov\u00e9 soustavy. Kdy\u017e pominu tento efekt, je nejv\u011bt\u0161\u00edm m\u00ednusem men\u0161\u00ed rozv\u00edjen\u00ed talentu nadan\u00fdch d\u011bt\u00ed; v\u0161ichni nemohou do menzy. Ale rovn\u011b\u017e ztr\u00e1ta speci\u00e1ln\u00ed metodiky pro probl\u00e9mov\u00e9 \u017e\u00e1ky je poslalo je\u0161t\u011b n\u00ed\u017ee a n\u011bkde se p\u0159idru\u017eil daleko v\u011bt\u0161\u00ed pocit m\u00e9n\u011bcennosti, jsa b\u00fdt na chvostu t\u0159\u00eddy.<\/p>\n<p><a href=\"https:\/\/stranapro.cz\/\"><img decoding=\"async\" loading=\"lazy\" class=\"aligncenter\" src=\"http:\/\/www.infokuryr.cz\/n\/wp-content\/uploads\/2023\/11\/11pro-300x79.png\" alt=\"\" width=\"642\" height=\"169\" \/><\/a><\/p>\n<p>N\u011bkte\u0159\u00ed rodi\u010de, pokud jim to dovoluje jejich profese, se sna\u017e\u00ed z\u00edskat povolen\u00ed k dom\u00e1c\u00ed v\u00fduce, ale pr\u00e1v\u011b \u010dasto u t\u011bch probl\u00e9mov\u00fdch \u017e\u00e1k\u016f je ment\u00e1ln\u00ed a znalostn\u00ed \u00farove\u0148 rodi\u010d\u016f \u2013 no, \u0159ekn\u011bme n\u00edzk\u00e1, tak\u017ee to jako \u0159e\u0161en\u00ed nep\u0159ipad\u00e1 v \u00favahu.<\/p>\n<p>Rovn\u011b\u017e klesaj\u00edc\u00ed po\u010det u\u010ditelsk\u00fdch m\u00edst ru\u0161en\u00edm t\u0159\u00edd a nebo dokonce \u0161kol, kter\u00fd m\u00e1 za n\u00e1sledek navy\u0161ov\u00e1n\u00ed po\u010dtu \u017e\u00e1k\u016f ve t\u0159\u00edd\u011b, \u00farovni v\u00fduky nep\u0159id\u00e1. S t\u00edm \u00fazce souvis\u00ed klesaj\u00edc\u00ed natalita, kter\u00e1 je s otazn\u00edkem pro\u010d? Odpov\u011bd\u00ed m\u016f\u017ee b\u00fdt st\u00e1rnut\u00ed \u201eHus\u00e1kov\u00fdch d\u011bt\u00ed\u201c, tedy p\u0159\u00edpadn\u00fdch rodi\u010dek, ale i \u010dasto zmi\u0148ovan\u00e1 n\u00edzk\u00e1 podpora rodin s d\u011btmi. Syst\u00e9m vede \u0159adu u\u010ditel\u016f k praxi \u2013 odu\u010dit a rychle ze \u0161koly pry\u010d. N\u011bjak\u00e9 teplo lidsk\u00e9ho slova, tolik pot\u0159ebn\u00e9 p\u0159i formov\u00e1n\u00ed mlad\u00fdch du\u0161\u00ed, u nich nem\u00e1 prostor, jak uniknout ven.<\/p>\n<p>Nev\u00edm, ve kter\u00e9 \u201e\u010darovn\u00e9 kuchyni\u201c se zm\u011bny ve \u0161kolstv\u00ed va\u0159\u00ed, ale obecn\u00e1 pov\u011bdomost mezi lidmi, kdy\u017e p\u0159ijde \u0159e\u010d na \u0161kolstv\u00ed, je nej\u010dast\u011bj\u0161\u00ed reakc\u00ed kroucen\u00ed hlavou. M.j. jednou z p\u0159\u00ed\u010din je tak\u00e9 nav\u00fd\u0161en\u00e1 administrativa \u2013 pap\u00edrov\u00e1n\u00ed. Ale jinak, v\u00edm, \u201eml\u00e1d\u00ed vp\u0159ed\u201c, ale kdyby se vytvo\u0159il n\u011bkolikasethlav\u00fd\u00a0 poradn\u00ed sbor ze star\u0161\u00edch u\u010ditel\u016f p\u0159ed d\u016fchodem a nebo ji\u017e p\u00e1r let v d\u016fchodu, mysl\u00edm, \u017ee by to byl, tedy ne v\u0161ev\u011bdouc\u00ed, ale p\u0159esto siln\u00fd a podn\u011btn\u00fd hlas k organizaci z\u00e1kladn\u00edho \u0161kolstv\u00ed v \u010cR.<\/p>\n<p><strong><em><a href=\"https:\/\/vasevec.info\/blogy\/ucitelstvi-netahne-plat-nebo-postaveni-ve-spolecnosti\">Miroslav Kulhav\u00fd<\/a><\/em><\/strong><br \/>\n<em>Jsem d\u016fchodce, kter\u00fd neztratil z\u00e1jem o d\u011bn\u00ed doma i v zahrani\u010d\u00ed.<\/em><\/p>\n<p>&nbsp;<\/p>\n","protected":false},"excerpt":{"rendered":"<p>Narazil jsem na zpr\u00e1vu \u2013 \u010dl\u00e1nek: \u201e\u010cesk\u00fdm dev\u00e1\u0165\u00e1k\u016fm se do u\u010ditelstv\u00ed moc nechce\u201c, kde byl&#8230;<\/p>\n","protected":false},"author":2,"featured_media":706,"comment_status":"closed","ping_status":"closed","sticky":false,"template":"","format":"standard","meta":[],"categories":[6],"tags":[1503,7063,121,1536],"_links":{"self":[{"href":"https:\/\/www.infokuryr.cz\/n\/wp-json\/wp\/v2\/posts\/50822"}],"collection":[{"href":"https:\/\/www.infokuryr.cz\/n\/wp-json\/wp\/v2\/posts"}],"about":[{"href":"https:\/\/www.infokuryr.cz\/n\/wp-json\/wp\/v2\/types\/post"}],"author":[{"embeddable":true,"href":"https:\/\/www.infokuryr.cz\/n\/wp-json\/wp\/v2\/users\/2"}],"replies":[{"embeddable":true,"href":"https:\/\/www.infokuryr.cz\/n\/wp-json\/wp\/v2\/comments?post=50822"}],"version-history":[{"count":0,"href":"https:\/\/www.infokuryr.cz\/n\/wp-json\/wp\/v2\/posts\/50822\/revisions"}],"wp:featuredmedia":[{"embeddable":true,"href":"https:\/\/www.infokuryr.cz\/n\/wp-json\/wp\/v2\/media\/706"}],"wp:attachment":[{"href":"https:\/\/www.infokuryr.cz\/n\/wp-json\/wp\/v2\/media?parent=50822"}],"wp:term":[{"taxonomy":"category","embeddable":true,"href":"https:\/\/www.infokuryr.cz\/n\/wp-json\/wp\/v2\/categories?post=50822"},{"taxonomy":"post_tag","embeddable":true,"href":"https:\/\/www.infokuryr.cz\/n\/wp-json\/wp\/v2\/tags?post=50822"}],"curies":[{"name":"wp","href":"https:\/\/api.w.org\/{rel}","templated":true}]}}