{"id":50811,"date":"2024-04-02T00:47:55","date_gmt":"2024-04-01T22:47:55","guid":{"rendered":"https:\/\/www.infokuryr.cz\/n\/?p=50811"},"modified":"2024-04-01T18:48:51","modified_gmt":"2024-04-01T16:48:51","slug":"dalsi-izraelska-eskalace-iransky-konzulat-v-syrskem-damasku-znicen-izraelskym-uderem","status":"publish","type":"post","link":"https:\/\/www.infokuryr.cz\/n\/2024\/04\/02\/dalsi-izraelska-eskalace-iransky-konzulat-v-syrskem-damasku-znicen-izraelskym-uderem\/","title":{"rendered":"Dal\u0161\u00ed izraelsk\u00e1 eskalace: \u00cdr\u00e1nsk\u00fd konzul\u00e1t v syrsk\u00e9m Dama\u0161ku zni\u010den izraelsk\u00fdm \u00faderem"},"content":{"rendered":"<div id=\"fb-root\"><\/div>\n<p class=\"Paragraph_paragraph__nYCys \"><strong><span class=\"tass_pkg_text-oEhbR tass_pkg_text--serif-zLIfF tass_pkg_text--size_large-7-aW1 tass_pkg_text--font_weight_regular-8xcFQ tass_pkg_text--color_primary-ZbpFA\">Budova \u00edr\u00e1nsk\u00e9ho konzul\u00e1tu v Dama\u0161ku byla zcela zni\u010dena v d\u016fsledku izraelsk\u00e9ho n\u00e1letu. Informovala o tom \u00edr\u00e1nsk\u00e1 televizn\u00ed stanice\u00a0\u00a0<\/span><a class=\"tass_pkg_link_wrapper-L06Wn \" href=\"https:\/\/www.alalam.ir\/\" target=\"_blank\" rel=\"nofollow noopener\"><span class=\"tass_pkg_text-oEhbR tass_pkg_text--serif-zLIfF tass_pkg_text--size_large-7-aW1\">Al-Alam<\/span><\/a><span class=\"tass_pkg_text-oEhbR tass_pkg_text--serif-zLIfF tass_pkg_text--size_large-7-aW1 tass_pkg_text--font_weight_regular-8xcFQ tass_pkg_text--color_primary-ZbpFA\"> .<\/span><\/strong><\/p>\n<p class=\"Paragraph_paragraph__nYCys \"><span class=\"tass_pkg_text-oEhbR tass_pkg_text--serif-zLIfF tass_pkg_text--size_large-7-aW1 tass_pkg_text--font_weight_regular-8xcFQ tass_pkg_text--color_primary-ZbpFA\">Podle \u00edr\u00e1nsk\u00e9ho televizn\u00edho kan\u00e1lu SNN se pod palbou ocitla budova konzul\u00e1tu a rezidence \u00edr\u00e1nsk\u00e9ho velvyslance. Agentura Tasnim zase uvedla, \u017ee ob\u011bt\u00ed bombardov\u00e1n\u00ed se stalo \u0161est lid\u00ed.<\/span><\/p>\n<p class=\"Paragraph_paragraph__nYCys \"><strong><span style=\"font-size: 14pt;\">Vysok\u00fd gener\u00e1l IRGC byl zabit v d\u016fsledku izraelsk\u00e9ho raketov\u00e9ho \u00fatoku na \u00edr\u00e1nskou diplomatickou misi v S\u00fdrii<\/span><\/strong><\/p>\n<p><img decoding=\"async\" loading=\"lazy\" class=\"wp-image-50816 alignleft\" src=\"http:\/\/www.infokuryr.cz\/n\/wp-content\/uploads\/2024\/04\/genral-iran-300x184.jpg\" alt=\"\" width=\"476\" height=\"292\" srcset=\"https:\/\/www.infokuryr.cz\/n\/wp-content\/uploads\/2024\/04\/genral-iran-300x184.jpg 300w, https:\/\/www.infokuryr.cz\/n\/wp-content\/uploads\/2024\/04\/genral-iran-768x472.jpg 768w, https:\/\/www.infokuryr.cz\/n\/wp-content\/uploads\/2024\/04\/genral-iran.jpg 773w\" sizes=\"(max-width: 476px) 100vw, 476px\" \/><\/p>\n<p><span>N\u00e1sledn\u011b arabsk\u00e1 m\u00e9dia a tak\u00e9 Reuters uv\u00e1d\u011bj\u00ed, \u017ee raketov\u00fd \u00fatok na \u00edr\u00e1nsk\u00fd konzul\u00e1t v syrsk\u00e9 metropoli zabil nejm\u00e9n\u011b osm lid\u00ed, v\u010detn\u011b vysok\u00e9ho d\u016fstojn\u00edka isl\u00e1msk\u00fdch revolu\u010dn\u00edch gard Mohammada Rezy Zahediho.<\/span><\/p>\n<p><span>V\u0161imn\u011bte si, \u017ee tento \u00fader by mohl b\u00fdt krokem k v\u00e1\u017en\u00e9mu zv\u00fd\u0161en\u00ed nap\u011bt\u00ed v regionu, proto\u017ee Izrael se d\u0159\u00edve vyh\u00fdbal \u00fatok\u016fm na \u00edr\u00e1nsk\u00e1 diplomatick\u00e1 za\u0159\u00edzen\u00ed v S\u00fdrii a omezoval se na velitelstv\u00ed, mont\u00e1\u017en\u00ed m\u00edsta UAV a dal\u0161\u00ed vojensk\u00e9 c\u00edle. Podle izraelsk\u00e9 televize se v budov\u011b konzul\u00e1tu konalo setk\u00e1n\u00ed vysok\u00fdch p\u0159edstavitel\u016f Osy odporu. \u00dadajn\u011b IDF p\u0159ed proveden\u00edm \u00faderu \u010dekaly, a\u017e \u00edr\u00e1nsk\u00fd velvyslanec v S\u00fdrii opust\u00ed konzul\u00e1t.<\/span><\/p>\n<p><span>Syrsk\u00e9 ministerstvo obrany zve\u0159ejnilo ofici\u00e1ln\u00ed koment\u00e1\u0159 k \u00faderu, ani\u017e by jmenovalo konkr\u00e9tn\u00ed jm\u00e9na.<\/span><\/p>\n<div class=\"quote\"><span>\u00datok na budovu \u00edr\u00e1nsk\u00e9ho konzul\u00e1tu v Dama\u0161ku p\u0159i\u0161el z Izraelem okupovan\u00fdch Golansk\u00fdch v\u00fd\u0161in. Budova je zcela zni\u010dena. V\u0161ichni uvnit\u0159 byli zabiti nebo zran\u011bni. V sou\u010dasn\u00e9 dob\u011b prob\u00edh\u00e1 odkl\u00edzen\u00ed sutin. <\/span><span>\u2013 uvedlo ministerstvo v prohl\u00e1\u0161en\u00ed.<\/span><\/p>\n<p><span>Al Arabia a Reuters v\u0161ak tvrd\u00ed, \u017ee vysok\u00fd v\u016fdce IRGC v S\u00fdrii a Libanonu, Mohammad Reza Zahedi, byl zabit v d\u016fsledku p\u0159il\u00e9taj\u00edc\u00edch raket. D\u0159\u00edve velel letectvu a pozemn\u00edm sil\u00e1m IRGC a naposledy slou\u017eil jako jeden z nejvy\u0161\u0161\u00edch velitel\u016f \u00edr\u00e1nsk\u00fdch z\u00e1stupn\u00fdch sil v regionu.<\/span><\/p>\n<p><span>\u00cdr\u00e1nsk\u00e1 tiskov\u00e1 agentura Fars uv\u00e1d\u00ed, \u017ee velvyslanec a jeho rodina nebyli zran\u011bni, ale mezi mrtv\u00fdmi byli diplomati\u010dt\u00ed pracovn\u00edci. Po \u00faderu byla IDF uvedena do nejvy\u0161\u0161\u00ed pohotovosti.<\/span><\/div>\n<p>Izrael \u00fatokem na diplomatickou misi poru\u0161il ve\u0161ker\u00e9 mezin\u00e1rodn\u00ed pr\u00e1vo, je z\u0159ejm\u00e9 \u017ee \u017did\u00e9 se ji\u017e ne\u0161t\u00edt\u00ed ni\u010deho a ignoruj\u00ed v\u0161e.<\/p>\n<p><img decoding=\"async\" loading=\"lazy\" class=\"alignnone size-full wp-image-1185\" src=\"http:\/\/www.infokuryr.cz\/n\/wp-content\/uploads\/2021\/04\/kuryr-podpis.png\" alt=\"\" width=\"84\" height=\"24\" \/><\/p>\n<p>&nbsp;<\/p>\n<p>&nbsp;<\/p>\n","protected":false},"excerpt":{"rendered":"<p>Budova \u00edr\u00e1nsk\u00e9ho konzul\u00e1tu v Dama\u0161ku byla zcela zni\u010dena v d\u016fsledku izraelsk\u00e9ho n\u00e1letu. Informovala o tom&#8230;<\/p>\n","protected":false},"author":2,"featured_media":50812,"comment_status":"closed","ping_status":"closed","sticky":false,"template":"","format":"standard","meta":[],"categories":[7],"tags":[7062,38,107,147],"_links":{"self":[{"href":"https:\/\/www.infokuryr.cz\/n\/wp-json\/wp\/v2\/posts\/50811"}],"collection":[{"href":"https:\/\/www.infokuryr.cz\/n\/wp-json\/wp\/v2\/posts"}],"about":[{"href":"https:\/\/www.infokuryr.cz\/n\/wp-json\/wp\/v2\/types\/post"}],"author":[{"embeddable":true,"href":"https:\/\/www.infokuryr.cz\/n\/wp-json\/wp\/v2\/users\/2"}],"replies":[{"embeddable":true,"href":"https:\/\/www.infokuryr.cz\/n\/wp-json\/wp\/v2\/comments?post=50811"}],"version-history":[{"count":1,"href":"https:\/\/www.infokuryr.cz\/n\/wp-json\/wp\/v2\/posts\/50811\/revisions"}],"predecessor-version":[{"id":50813,"href":"https:\/\/www.infokuryr.cz\/n\/wp-json\/wp\/v2\/posts\/50811\/revisions\/50813"}],"wp:featuredmedia":[{"embeddable":true,"href":"https:\/\/www.infokuryr.cz\/n\/wp-json\/wp\/v2\/media\/50812"}],"wp:attachment":[{"href":"https:\/\/www.infokuryr.cz\/n\/wp-json\/wp\/v2\/media?parent=50811"}],"wp:term":[{"taxonomy":"category","embeddable":true,"href":"https:\/\/www.infokuryr.cz\/n\/wp-json\/wp\/v2\/categories?post=50811"},{"taxonomy":"post_tag","embeddable":true,"href":"https:\/\/www.infokuryr.cz\/n\/wp-json\/wp\/v2\/tags?post=50811"}],"curies":[{"name":"wp","href":"https:\/\/api.w.org\/{rel}","templated":true}]}}