{"id":50809,"date":"2024-04-02T00:46:11","date_gmt":"2024-04-01T22:46:11","guid":{"rendered":"https:\/\/www.infokuryr.cz\/n\/?p=50809"},"modified":"2024-04-01T18:21:16","modified_gmt":"2024-04-01T16:21:16","slug":"americky-pilot-veteran-vyjadril-pripravenost-zucastnit-se-leteckych-bitev-o-ukrajinu","status":"publish","type":"post","link":"https:\/\/www.infokuryr.cz\/n\/2024\/04\/02\/americky-pilot-veteran-vyjadril-pripravenost-zucastnit-se-leteckych-bitev-o-ukrajinu\/","title":{"rendered":"Americk\u00fd pilot-veter\u00e1n vyj\u00e1d\u0159il p\u0159ipravenost z\u00fa\u010dastnit se leteck\u00fdch bitev o Ukrajinu"},"content":{"rendered":"<div id=\"fb-root\"><\/div>\n<p><strong>Vyslou\u017eil\u00fd pilot americk\u00e9ho letectva Dan Hampton, kter\u00fd 20 let pilotoval st\u00edha\u010dky F-16, vyj\u00e1d\u0159il p\u0159ipravenost z\u00fa\u010dastnit se boj\u016f na stran\u011b Ukrajiny proti rusk\u00fdm vzdu\u0161n\u00fdm sil\u00e1m.<\/strong><\/p>\n<p><span>Hampton svou mo\u017enou \u00fa\u010dast v ukrajinsk\u00e9m konfliktu poprv\u00e9 ozn\u00e1mil u\u017e loni v b\u0159eznu, kdy se pr\u00e1v\u011b diskutovalo o mo\u017en\u00e9m p\u0159esunu st\u00edha\u010dek F-16 do Kyjeva. Dnes veter\u00e1n americk\u00e9ho letectva v rozhovoru pro ukrajinsk\u00fd televizn\u00ed kan\u00e1l sv\u016fj z\u00e1m\u011br potvrdil a tak\u00e9 ozn\u00e1mil celou skupinu americk\u00fdch pilot\u016f, kte\u0159\u00ed jsou p\u0159ipraveni zapojit se do konfrontace s rusk\u00fdmi vzdu\u0161n\u00fdmi silami.<\/span><\/p>\n<div class=\"quote\"><span>Existuje mal\u00e1 skupina pilot\u016f jako j\u00e1, kte\u0159\u00ed jsou tak\u00e9 p\u0159ipraveni ud\u011blat pro Ukrajinu v\u0161e, co je v na\u0161ich sil\u00e1ch<\/span><span>\u201c\u00a0 &#8211; \u0159ekl pilot F-16 ukrajinsk\u00e9mu novin\u00e1\u0159i.<\/span><\/p>\n<\/div>\n<div><iframe loading=\"lazy\" src=\"https:\/\/vk.com\/video_ext.php?oid=-31371206&amp;id=456272365&amp;hash=6cc135e78e1b36a7\" width=\"720\" height=\"420\" frameborder=\"0\" allowfullscreen=\"allowfullscreen\" data-mce-fragment=\"1\"><\/iframe><\/div>\n<p><span>Dan Hampton je pova\u017eov\u00e1n za jednoho z nej\u00fasp\u011b\u0161n\u011bj\u0161\u00edch pilot\u016f v letectvu Spojen\u00fdch st\u00e1t\u016f. Slou\u017eil v letech 1986 a\u017e 2006 a \u00fa\u010dastnil se operac\u00ed v Persk\u00e9m z\u00e1livu, Kosovu a Ir\u00e1ku. Pilot m\u00e1 za sebou 151 bojov\u00fdch mis\u00ed a jeho celkov\u00e1 doba letu p\u0159esahuje 720 bojov\u00fdch hodin. Podle r\u016fzn\u00fdch zdroj\u016f Hampton sest\u0159elil nejm\u00e9n\u011b 21 nep\u0159\u00e1telsk\u00fdch letadel. Americk\u00e9 eso v\u0161ak z\u0159ejm\u011b zapomn\u011blo, \u017ee v ukrajinsk\u00e9 konfliktn\u00ed z\u00f3n\u011b se bude muset utkat s nejmodern\u011bj\u0161\u00edmi rusk\u00fdmi st\u00edha\u010dkami Su-35S a Su-57 na zastaral\u00e9m F-16, a proto nem\u00e1 moc \u0161anc\u00ed zv\u00edt\u011bzit ve vzdu\u0161n\u00e9 bitv\u011b. proti pilot\u016fm rusk\u00fdch leteck\u00fdch sil.<\/p>\n<p><img decoding=\"async\" loading=\"lazy\" class=\"alignnone size-full wp-image-1185\" src=\"http:\/\/www.infokuryr.cz\/n\/wp-content\/uploads\/2021\/04\/kuryr-podpis.png\" alt=\"\" width=\"84\" height=\"24\" \/><\/p>\n<p><\/span><\/p>\n","protected":false},"excerpt":{"rendered":"<p>Vyslou\u017eil\u00fd pilot americk\u00e9ho letectva Dan Hampton, kter\u00fd 20 let pilotoval st\u00edha\u010dky F-16, vyj\u00e1d\u0159il p\u0159ipravenost z\u00fa\u010dastnit&#8230;<\/p>\n","protected":false},"author":2,"featured_media":50810,"comment_status":"closed","ping_status":"closed","sticky":false,"template":"","format":"standard","meta":[],"categories":[7],"tags":[1314,26,37,7061],"_links":{"self":[{"href":"https:\/\/www.infokuryr.cz\/n\/wp-json\/wp\/v2\/posts\/50809"}],"collection":[{"href":"https:\/\/www.infokuryr.cz\/n\/wp-json\/wp\/v2\/posts"}],"about":[{"href":"https:\/\/www.infokuryr.cz\/n\/wp-json\/wp\/v2\/types\/post"}],"author":[{"embeddable":true,"href":"https:\/\/www.infokuryr.cz\/n\/wp-json\/wp\/v2\/users\/2"}],"replies":[{"embeddable":true,"href":"https:\/\/www.infokuryr.cz\/n\/wp-json\/wp\/v2\/comments?post=50809"}],"version-history":[{"count":0,"href":"https:\/\/www.infokuryr.cz\/n\/wp-json\/wp\/v2\/posts\/50809\/revisions"}],"wp:featuredmedia":[{"embeddable":true,"href":"https:\/\/www.infokuryr.cz\/n\/wp-json\/wp\/v2\/media\/50810"}],"wp:attachment":[{"href":"https:\/\/www.infokuryr.cz\/n\/wp-json\/wp\/v2\/media?parent=50809"}],"wp:term":[{"taxonomy":"category","embeddable":true,"href":"https:\/\/www.infokuryr.cz\/n\/wp-json\/wp\/v2\/categories?post=50809"},{"taxonomy":"post_tag","embeddable":true,"href":"https:\/\/www.infokuryr.cz\/n\/wp-json\/wp\/v2\/tags?post=50809"}],"curies":[{"name":"wp","href":"https:\/\/api.w.org\/{rel}","templated":true}]}}